{"id":112908,"date":"2024-12-27T10:44:48","date_gmt":"2024-12-27T07:44:48","guid":{"rendered":"https:\/\/www.tgrthaber.com\/mavikadin\/?p=112908"},"modified":"2024-12-27T10:44:49","modified_gmt":"2024-12-27T07:44:49","slug":"ibrahim-tatlises-nasil-kilo-verdiginin-sirrini-acikladi-21-kilo-verdi-bambaska-birine-donustu","status":"publish","type":"post","link":"https:\/\/www.tgrthaber.com\/mavikadin\/ibrahim-tatlises-nasil-kilo-verdiginin-sirrini-acikladi-21-kilo-verdi-bambaska-birine-donustu\/","title":{"rendered":"\u0130brahim Tatl\u0131ses nas\u0131l kilo verdi\u011finin s\u0131rr\u0131n\u0131 a\u00e7\u0131klad\u0131! 21 kilo verdi, bamba\u015fka birine d\u00f6n\u00fc\u015ft\u00fc"},"content":{"rendered":"<p>Son zamanlarda yapt\u0131\u011f\u0131 a\u00e7\u0131klamalarla s\u0131k s\u0131k g\u00fcndeme gelen \u0130brahim Tatl\u0131ses, bu kez verdi\u011fi kilolarla g\u00fcndeme geldi. Verdi\u011fi kilolarla dikkatleri \u00fczerine \u00e7eken Tatl\u0131ses, nas\u0131l kilo verdi\u011finin s\u0131rr\u0131n\u0131 a\u00e7\u0131klad\u0131. 21 kilo veren Tatl\u0131ses, adeta bamba\u015fka biri oldu. \u0130\u015fte \u00fcnl\u00fc sanat\u00e7\u0131 \u0130brahim Tatl\u0131ses\u2019in nas\u0131l kilo verdi\u011finin s\u0131rr\u0131\u2026<\/p>\n<h3>\u0130BRAH\u0130M TATLISES NASIL K\u0130LO VERD\u0130\u011e\u0130N\u0130N SIRRINI A\u00c7IKLADI!<\/h3>\n<p>\u0130brahim Tatl\u0131ses, son zamanlarda yapt\u0131\u011f\u0131 a\u00e7\u0131klamalarda magazin d\u00fcnyas\u0131n\u0131n g\u00fcndeminden d\u00fc\u015fmek bilmiyor. Kat\u0131ld\u0131\u011f\u0131 bir etkinlikte g\u00f6r\u00fcnt\u00fclenen Tatl\u0131ses, bu kez verdi\u011fi kilolarla dikkat \u00e7ekti. Verdi\u011fi kilolarla dikkatleri \u00fczerine \u00e7eken Tatl\u0131ses, kat\u0131ld\u0131\u011f\u0131 bir etkinlikte gazeteciler taraf\u0131ndan kameralara yans\u0131d\u0131.<\/p>\n<p><img loading=\"lazy\" decoding=\"async\" class=\"alignnone wp-image-112912\" src=\"https:\/\/www.tgrthaber.com\/mavikadin\/wp-content\/uploads\/Adsiz-tasarim-1-17-1024x576.jpg\" alt=\"\u0130brahim Tatl\u0131ses nas\u0131l kilo verdi\u011finin s\u0131rr\u0131n\u0131 a\u00e7\u0131klad\u0131! \" width=\"1208\" height=\"680\" title=\"\" srcset=\"https:\/\/www.tgrthaber.com\/mavikadin\/wp-content\/uploads\/Adsiz-tasarim-1-17-1024x576.jpg 1024w, https:\/\/www.tgrthaber.com\/mavikadin\/wp-content\/uploads\/Adsiz-tasarim-1-17-300x169.jpg 300w, https:\/\/www.tgrthaber.com\/mavikadin\/wp-content\/uploads\/Adsiz-tasarim-1-17-768x432.jpg 768w, https:\/\/www.tgrthaber.com\/mavikadin\/wp-content\/uploads\/Adsiz-tasarim-1-17-1536x864.jpg 1536w, https:\/\/www.tgrthaber.com\/mavikadin\/wp-content\/uploads\/Adsiz-tasarim-1-17.jpg 1600w\" sizes=\"(max-width: 1208px) 100vw, 1208px\" \/><\/p>\n<p>\u015eimdilerde 72 ya\u015f\u0131nda olan \u00fcnl\u00fc sanat\u00e7\u0131 \u0130brahim Tatl\u0131ses, kat\u0131ld\u0131\u011f\u0131 davette verdi\u011fi kilolarla dikkat \u00e7ekti. Gazetecilerle samimi bir \u015fekilde sohbet eden Tatl\u0131ses, nas\u0131l kilo verdi\u011fini a\u00e7\u0131klad\u0131. Nas\u0131l kilo verdi\u011finin s\u0131rlar\u0131n\u0131 a\u00e7\u0131klayan Tatl\u0131ses, gazetecilerin sorular\u0131n\u0131 yan\u0131tlad\u0131.<\/p>\n<h3>21 K\u0130LO VERD\u0130, BAMBA\u015eKA B\u0130R\u0130NE D\u00d6N\u00dc\u015eT\u00dc!<\/h3>\n<p>Kat\u0131ld\u0131\u011f\u0131 davette gazetecilerin kadraj\u0131na yakalanan \u00fcnl\u00fc sanat\u00e7\u0131 \u0130brahim Tatl\u0131ses, nas\u0131l kilo verdi\u011fine dair \u00e7e\u015fitli a\u00e7\u0131klamalarda bulundu. Tatl\u0131ses, verdi\u011fi kilolarla dikkat \u00e7ekerken nas\u0131l kilo verdi\u011finin s\u0131rlar\u0131n\u0131 da payla\u015ft\u0131.<\/p>\n<p><img loading=\"lazy\" decoding=\"async\" class=\"alignnone wp-image-112914\" src=\"https:\/\/www.tgrthaber.com\/mavikadin\/wp-content\/uploads\/Adsiz-tasarim-126-1024x576.jpg\" alt=\"\u0130brahim Tatl\u0131ses nas\u0131l kilo verdi\u011finin s\u0131rr\u0131n\u0131 a\u00e7\u0131klad\u0131! \" width=\"1208\" height=\"680\" title=\"\" srcset=\"https:\/\/www.tgrthaber.com\/mavikadin\/wp-content\/uploads\/Adsiz-tasarim-126-1024x576.jpg 1024w, https:\/\/www.tgrthaber.com\/mavikadin\/wp-content\/uploads\/Adsiz-tasarim-126-300x169.jpg 300w, https:\/\/www.tgrthaber.com\/mavikadin\/wp-content\/uploads\/Adsiz-tasarim-126-768x432.jpg 768w, https:\/\/www.tgrthaber.com\/mavikadin\/wp-content\/uploads\/Adsiz-tasarim-126-1536x864.jpg 1536w, https:\/\/www.tgrthaber.com\/mavikadin\/wp-content\/uploads\/Adsiz-tasarim-126.jpg 1600w\" sizes=\"(max-width: 1208px) 100vw, 1208px\" \/><\/p>\n<p>Nas\u0131l kilo verdi\u011finin s\u0131rlar\u0131n\u0131 gazetecilerle payla\u015fan \u0130brahim Tatl\u0131ses, \u201cDiyet yap\u0131yorum. 21 kilo verdim. Biraz \u00f6nce lahmacun geldi, ufak bir par\u00e7a \u00e7ok \u0131srar ettiler diye yedim. Ekmek yemeyi kestim. Peynir ve yumurta. Kebap, lahmacun yok. Can\u0131m gidiyor ama ne yapay\u0131m? Kald\u0131r\u0131n diyorum, biraz \u00f6nce bunu kald\u0131rmad\u0131lar. En son 20 seneye yak\u0131n oldu ben kendimi tutal\u0131. Kebaps\u0131z hayat m\u0131 olur? Onlars\u0131z olamam. Bir s\u00fcre ara verdim sadece.\u201d ifadelerini kulland\u0131.<\/p>\n<p><img loading=\"lazy\" decoding=\"async\" class=\"alignnone wp-image-112917\" src=\"https:\/\/www.tgrthaber.com\/mavikadin\/wp-content\/uploads\/Adsiz-tasarim-4-20-1024x576.jpg\" alt=\"\u0130brahim Tatl\u0131ses nas\u0131l kilo verdi\u011finin s\u0131rr\u0131n\u0131 a\u00e7\u0131klad\u0131! \" width=\"1208\" height=\"680\" title=\"\" srcset=\"https:\/\/www.tgrthaber.com\/mavikadin\/wp-content\/uploads\/Adsiz-tasarim-4-20-1024x576.jpg 1024w, https:\/\/www.tgrthaber.com\/mavikadin\/wp-content\/uploads\/Adsiz-tasarim-4-20-300x169.jpg 300w, https:\/\/www.tgrthaber.com\/mavikadin\/wp-content\/uploads\/Adsiz-tasarim-4-20-768x432.jpg 768w, https:\/\/www.tgrthaber.com\/mavikadin\/wp-content\/uploads\/Adsiz-tasarim-4-20-1536x864.jpg 1536w, https:\/\/www.tgrthaber.com\/mavikadin\/wp-content\/uploads\/Adsiz-tasarim-4-20.jpg 1600w\" sizes=\"(max-width: 1208px) 100vw, 1208px\" \/><\/p>\n<h3>31 ARALIK G\u00dcN\u00dc SERDAR ORTA\u00c7 \u0130LE AYNI SAHNEDE OLACAK!<\/h3>\n<p>T\u00fcrk m\u00fczi\u011finin iki en \u00f6nemli isimleri \u0130brahim Tatl\u0131ses ve Serdar Orta\u00e7 31 aral\u0131k g\u00fcn\u00fc ayn\u0131 sahnede yer alacak. \u0130ki dev isim, 31 Aral\u0131k g\u00fcn\u00fc \u0130stanbul\u2019da ayn\u0131 anda ayn\u0131 mek\u00e2nda sahne alarak dinleyicilere b\u00fcy\u00fck bir heyecan ya\u015fatacak. 31 aral\u0131k g\u00fcn\u00fc sevenlerine s\u00fcrpriz yapmaya haz\u0131rlanan Tatl\u0131ses ve Orta\u00e7, y\u0131lba\u015f\u0131 gecesi herkesi e\u011flendirecek.<\/p>\n<p><img loading=\"lazy\" decoding=\"async\" class=\"alignnone wp-image-112916\" src=\"https:\/\/www.tgrthaber.com\/mavikadin\/wp-content\/uploads\/Adsiz-tasarim-3-20-1024x576.jpg\" alt=\"\u0130brahim Tatl\u0131ses nas\u0131l kilo verdi\u011finin s\u0131rr\u0131n\u0131 a\u00e7\u0131klad\u0131! \" width=\"1208\" height=\"680\" title=\"\" srcset=\"https:\/\/www.tgrthaber.com\/mavikadin\/wp-content\/uploads\/Adsiz-tasarim-3-20-1024x576.jpg 1024w, https:\/\/www.tgrthaber.com\/mavikadin\/wp-content\/uploads\/Adsiz-tasarim-3-20-300x169.jpg 300w, https:\/\/www.tgrthaber.com\/mavikadin\/wp-content\/uploads\/Adsiz-tasarim-3-20-768x432.jpg 768w, https:\/\/www.tgrthaber.com\/mavikadin\/wp-content\/uploads\/Adsiz-tasarim-3-20-1536x864.jpg 1536w, https:\/\/www.tgrthaber.com\/mavikadin\/wp-content\/uploads\/Adsiz-tasarim-3-20.jpg 1600w\" sizes=\"(max-width: 1208px) 100vw, 1208px\" \/><\/p>\n<p>Menajerleri ayn\u0131 olan \u0130brahim Tatl\u0131ses ve Serdar Orta\u00e7 ikilisi ayn\u0131 sahnede yer alarak sevenlerini e\u011flendirecek. Sevenlerine ve dinleyicilerine s\u00fcrpriz yapmaya haz\u0131rlanan iki dev isim yeni y\u0131la \u0130stanbul Yenik\u00f6y\u2019de bulunan bir mekanda girmeye g\u00fcn say\u0131yor. Sevenlerine e\u011flenceli bir gecenin garantisini veren ikili, 31 aral\u0131k gecesi dinleyicileriyle bulu\u015fmaya haz\u0131rlan\u0131yor.<\/p>\n<p>T\u00fcrk m\u00fczi\u011fin efsane isimlerinden \u0130brahim Tatl\u0131ses ve Serdar Orta\u00e7 ikilisi ge\u00e7ti\u011fimiz y\u0131l 2024 y\u0131l\u0131na da beraber girmi\u015f, K\u0131br\u0131s\u2019ta l\u00fcks bir otelde sahneye \u00e7\u0131karak hayranlar\u0131yla bulu\u015fmu\u015ftu.<\/p>\n","protected":false},"excerpt":{"rendered":"<p>\u00dcnl\u00fc sanat\u00e7\u0131 \u0130brahim Tatl\u0131ses, son zamanlarda verdi\u011fi kilolarla dikkatleri \u00fczerine \u00e7ekti. Tatl\u0131ses, nas\u0131l kilo verdi\u011finin s\u0131rr\u0131n\u0131 a\u00e7\u0131klad\u0131. 21 kilo verdi, bamba\u015fka birisi oldu. \u0130\u015fte \u0130brahim Tatl\u0131ses\u2019in kilo verme s\u0131rr\u0131\u2026 <\/p>\n","protected":false},"author":26,"featured_media":112915,"comment_status":"closed","ping_status":"closed","sticky":false,"template":"","format":"standard","meta":{"rank_math_lock_modified_date":false,"footnotes":""},"categories":[76],"tags":[129,2640,181],"class_list":["post-112908","post","type-post","status-publish","format-standard","has-post-thumbnail","hentry","category-magazin","tag-diyet","tag-ibrahim-tatlises","tag-kilo-verme"],"_links":{"self":[{"href":"https:\/\/www.tgrthaber.com\/mavikadin\/wp-json\/wp\/v2\/posts\/112908"}],"collection":[{"href":"https:\/\/www.tgrthaber.com\/mavikadin\/wp-json\/wp\/v2\/posts"}],"about":[{"href":"https:\/\/www.tgrthaber.com\/mavikadin\/wp-json\/wp\/v2\/types\/post"}],"author":[{"embeddable":true,"href":"https:\/\/www.tgrthaber.com\/mavikadin\/wp-json\/wp\/v2\/users\/26"}],"replies":[{"embeddable":true,"href":"https:\/\/www.tgrthaber.com\/mavikadin\/wp-json\/wp\/v2\/comments?post=112908"}],"version-history":[{"count":1,"href":"https:\/\/www.tgrthaber.com\/mavikadin\/wp-json\/wp\/v2\/posts\/112908\/revisions"}],"predecessor-version":[{"id":112919,"href":"https:\/\/www.tgrthaber.com\/mavikadin\/wp-json\/wp\/v2\/posts\/112908\/revisions\/112919"}],"wp:featuredmedia":[{"embeddable":true,"href":"https:\/\/www.tgrthaber.com\/mavikadin\/wp-json\/wp\/v2\/media\/112915"}],"wp:attachment":[{"href":"https:\/\/www.tgrthaber.com\/mavikadin\/wp-json\/wp\/v2\/media?parent=112908"}],"wp:term":[{"taxonomy":"category","embeddable":true,"href":"https:\/\/www.tgrthaber.com\/mavikadin\/wp-json\/wp\/v2\/categories?post=112908"},{"taxonomy":"post_tag","embeddable":true,"href":"https:\/\/www.tgrthaber.com\/mavikadin\/wp-json\/wp\/v2\/tags?post=112908"}],"curies":[{"name":"wp","href":"https:\/\/api.w.org\/{rel}","templated":true}]}}