{"id":113208,"date":"2024-12-27T15:48:28","date_gmt":"2024-12-27T12:48:28","guid":{"rendered":"https:\/\/www.tgrthaber.com\/mavikadin\/?p=113208"},"modified":"2024-12-27T16:26:52","modified_gmt":"2024-12-27T13:26:52","slug":"kizilcik-serbeti-nilay-oldu-mu-feyza-civelek-diziden-ayriliyor-mu","status":"publish","type":"post","link":"https:\/\/www.tgrthaber.com\/mavikadin\/kizilcik-serbeti-nilay-oldu-mu-feyza-civelek-diziden-ayriliyor-mu\/","title":{"rendered":"K\u0131z\u0131lc\u0131k \u015eerbeti Nilay \u00f6ld\u00fc m\u00fc? Feyza Civelek diziden ayr\u0131l\u0131yor mu?"},"content":{"rendered":"<p>Show TV&#8217;nin reyting rekorlar\u0131 k\u0131ran dizisi K\u0131z\u0131lc\u0131k \u015eerbeti, yay\u0131nlanan 82. b\u00f6l\u00fcm fragman\u0131yla sosyal medyada g\u00fcndem oldu. Dizinin en sevilen karakterlerinden Nilay ve G\u00f6rkem\u2019in ak\u0131beti merak konusu haline gelirken, fragmandaki patlama sahnesi izleyicilerde &#8220;Kimler \u00f6lecek?&#8221; sorusunu ak\u0131llara getirdi. \u0130\u015fte K\u0131z\u0131lc\u0131k \u015eerbeti yeni b\u00f6l\u00fcmden detaylar\u2026<\/p>\n<h3>KIZILCIK \u015eERBET\u0130 YEN\u0130 B\u00d6L\u00dcMDE F\u0130NAL G\u0130B\u0130 SAHNE<\/h3>\n<p>Y\u0131lba\u015f\u0131 yeme\u011fi s\u0131ras\u0131nda ya\u015fanan korkun\u00e7 patlama sahnesiyle ba\u015flayan fragman, izleyicileri derinden etkiledi. Sa\u011fl\u0131k ekiplerinin olay yerinden verdi\u011fi bilgiye g\u00f6re 4 ki\u015fi hayat\u0131n\u0131 kaybederken, 4\u2019\u00fc a\u011f\u0131r olmak \u00fczere toplam 9 ki\u015fi yaraland\u0131. Dizinin bu b\u00f6l\u00fcm\u00fcne damga vuran olay, K\u0131z\u0131lc\u0131k \u015eerbeti izleyicilerinde adeta \u015fok etkisi yaratt\u0131.<\/p>\n<p><img loading=\"lazy\" decoding=\"async\" class=\"alignnone wp-image-113209\" src=\"https:\/\/www.tgrthaber.com\/mavikadin\/wp-content\/uploads\/Ekran-goruntusu-2024-12-27-151944.png\" alt=\"\" width=\"1154\" height=\"636\" title=\"\" srcset=\"https:\/\/www.tgrthaber.com\/mavikadin\/wp-content\/uploads\/Ekran-goruntusu-2024-12-27-151944.png 972w, https:\/\/www.tgrthaber.com\/mavikadin\/wp-content\/uploads\/Ekran-goruntusu-2024-12-27-151944-300x165.png 300w, https:\/\/www.tgrthaber.com\/mavikadin\/wp-content\/uploads\/Ekran-goruntusu-2024-12-27-151944-768x424.png 768w\" sizes=\"(max-width: 1154px) 100vw, 1154px\" \/><\/p>\n<hr \/>\n<p>Fragmanda Nilay ve S\u00f6nmez\u2019in yerde hareketsiz yatt\u0131\u011f\u0131, mekandaki herkesin dumanlar i\u00e7inde kald\u0131\u011f\u0131 sahneler dikkat \u00e7ekti. Bu geli\u015fme, sosyal medyada &#8220;Nilay \u00f6ld\u00fc m\u00fc?&#8221;, &#8220;S\u00f6nmez diziden ayr\u0131l\u0131yor mu?&#8221; sorular\u0131n\u0131 g\u00fcndeme getirdi.<\/p>\n<h3>KIZILCIK \u015eERBET\u0130 N\u0130LAY \u00d6LD\u00dc M\u00dc?<\/h3>\n<p>Patlaman\u0131n ard\u0131ndan 4 ki\u015finin \u00f6lece\u011fi a\u00e7\u0131klan\u0131rken, G\u00f6rkem\u2019in ailesinin mekanda oldu\u011fu ve bu karakterlerin \u00f6l\u00fcmle diziden ayr\u0131labilece\u011fi konu\u015fuluyor. Ayr\u0131ca G\u00f6rkem karakterinin diziye veda edece\u011fi kesinle\u015fti.<\/p>\n<p><img loading=\"lazy\" decoding=\"async\" class=\"alignnone wp-image-113210\" src=\"https:\/\/www.tgrthaber.com\/mavikadin\/wp-content\/uploads\/Ekran-goruntusu-2024-12-27-152021.png\" alt=\"\" width=\"1153\" height=\"745\" title=\"\" srcset=\"https:\/\/www.tgrthaber.com\/mavikadin\/wp-content\/uploads\/Ekran-goruntusu-2024-12-27-152021.png 848w, https:\/\/www.tgrthaber.com\/mavikadin\/wp-content\/uploads\/Ekran-goruntusu-2024-12-27-152021-300x194.png 300w, https:\/\/www.tgrthaber.com\/mavikadin\/wp-content\/uploads\/Ekran-goruntusu-2024-12-27-152021-768x496.png 768w\" sizes=\"(max-width: 1153px) 100vw, 1153px\" \/><\/p>\n<hr \/>\n<p>Nilay\u2019\u0131n ak\u0131beti ise belirsizli\u011fini koruyor. Ancak fragmandaki sahneler, izleyicilerin \u201cNilay \u00f6l\u00fcyor mu?\u201d sorusuna yan\u0131t aramas\u0131na neden oldu. S\u00f6nmez karakterinin ise ak\u0131beti merak ediliyor.<\/p>\n<h3>KIZILCIK \u015eERBET\u0130 F\u0130NAL M\u0130 YAPACAK?<\/h3>\n<p>Fragman, izleyiciler taraf\u0131ndan \u201cSezon finali havas\u0131nda\u201d yorumlar\u0131yla kar\u015f\u0131land\u0131. Baz\u0131 sosyal medya kullan\u0131c\u0131lar\u0131, \u201cBu bir final sahnesi gibi olmu\u015f\u201d derken, di\u011ferleri dizinin heyecan\u0131n\u0131 art\u0131ran bu geli\u015fmelerin ard\u0131ndan final tarihi merak edildi.<\/p>\n<h3>FEYZA C\u0130VELEK K\u0130MD\u0130R?<\/h3>\n<p>Feyza Civelek, 1995 y\u0131l\u0131nda \u0130stanbul\u2019da d\u00fcnyaya gelmi\u015f ve T\u00fcrk televizyon d\u00fcnyas\u0131n\u0131n gen\u00e7 yeteneklerinden biri olarak dikkatleri \u00fczerine \u00e7ekmi\u015ftir. \u0130lk oyunculuk deneyimini Acemi Cad\u0131 dizisinde ya\u015fayan Feyza Civelek, k\u0131sa s\u00fcre i\u00e7inde ad\u0131n\u0131 geni\u015f kitlelere duyurmay\u0131 ba\u015farm\u0131\u015ft\u0131r. En \u00e7ok tan\u0131nan projelerinden biri ise Ad\u0131n\u0131 Feriha Koydum dizisidir. Son olarak, Show TV&#8217;nin b\u00fcy\u00fck ilgi g\u00f6ren dizisi K\u0131z\u0131lc\u0131k \u015eerbeti&#8217;nde Nilay karakteriyle izleyicilerin kar\u015f\u0131s\u0131na \u00e7\u0131kan Civelek, performans\u0131yla dikkat \u00e7ekmektedir.<\/p>\n<p><img loading=\"lazy\" decoding=\"async\" class=\"alignnone wp-image-113214\" src=\"https:\/\/www.tgrthaber.com\/mavikadin\/wp-content\/uploads\/feyza-civelek-kimdir-feyza-civelek-yasi-boyu-kilosu-dizi-ve-filmleri.jpg\" alt=\"\" width=\"1157\" height=\"650\" title=\"\" srcset=\"https:\/\/www.tgrthaber.com\/mavikadin\/wp-content\/uploads\/feyza-civelek-kimdir-feyza-civelek-yasi-boyu-kilosu-dizi-ve-filmleri.jpg 1600w, https:\/\/www.tgrthaber.com\/mavikadin\/wp-content\/uploads\/feyza-civelek-kimdir-feyza-civelek-yasi-boyu-kilosu-dizi-ve-filmleri-300x169.jpg 300w, https:\/\/www.tgrthaber.com\/mavikadin\/wp-content\/uploads\/feyza-civelek-kimdir-feyza-civelek-yasi-boyu-kilosu-dizi-ve-filmleri-1024x575.jpg 1024w, https:\/\/www.tgrthaber.com\/mavikadin\/wp-content\/uploads\/feyza-civelek-kimdir-feyza-civelek-yasi-boyu-kilosu-dizi-ve-filmleri-768x432.jpg 768w, https:\/\/www.tgrthaber.com\/mavikadin\/wp-content\/uploads\/feyza-civelek-kimdir-feyza-civelek-yasi-boyu-kilosu-dizi-ve-filmleri-1536x863.jpg 1536w\" sizes=\"(max-width: 1157px) 100vw, 1157px\" \/><\/p>\n<hr \/>\n<p>Feyza Civelek, oyunculuk kariyerine Acemi Cad\u0131 dizisi ile ad\u0131m atm\u0131\u015ft\u0131r. Ancak as\u0131l \u00e7\u0131k\u0131\u015f\u0131n\u0131 Ad\u0131n\u0131 Feriha Koydum dizisi ile ger\u00e7ekle\u015ftirmi\u015ftir. Bu projede sergiledi\u011fi performansla geni\u015f bir izleyici kitlesine ula\u015fan Civelek, ad\u0131ndan s\u0131k\u00e7a s\u00f6z ettirmi\u015ftir.<\/p>\n","protected":false},"excerpt":{"rendered":"<p>Show TV&#8217;nin sevilen dizisi K\u0131z\u0131lc\u0131k \u015eerbetinin 82. b\u00f6l\u00fcmde Nilay&#8217;\u0131n yaraland\u0131\u011f\u0131 sahne dikkat \u00e7ekti. Patlama sonras\u0131 4 ki\u015finin hayat\u0131n\u0131 kaybetti\u011fi bilgisi gelirken, Nilay&#8217;\u0131n \u00f6l\u00fcp \u00f6lmedi\u011fi merak konusu oldu. K\u0131z\u0131lc\u0131k \u015eerbeti Nilay \u00f6ld\u00fc m\u00fc? Feyza Civelek diziden ayr\u0131l\u0131yor mu?<\/p>\n","protected":false},"author":4,"featured_media":113216,"comment_status":"closed","ping_status":"closed","sticky":false,"template":"","format":"standard","meta":{"rank_math_lock_modified_date":false,"footnotes":""},"categories":[602],"tags":[2650,157,6167,6168],"class_list":["post-113208","post","type-post","status-publish","format-standard","has-post-thumbnail","hentry","category-diziler","tag-feyza-civelek","tag-kizilcik-serbeti","tag-kizilcik-serbeti-nilay-oldu-mu","tag-nilay"],"_links":{"self":[{"href":"https:\/\/www.tgrthaber.com\/mavikadin\/wp-json\/wp\/v2\/posts\/113208"}],"collection":[{"href":"https:\/\/www.tgrthaber.com\/mavikadin\/wp-json\/wp\/v2\/posts"}],"about":[{"href":"https:\/\/www.tgrthaber.com\/mavikadin\/wp-json\/wp\/v2\/types\/post"}],"author":[{"embeddable":true,"href":"https:\/\/www.tgrthaber.com\/mavikadin\/wp-json\/wp\/v2\/users\/4"}],"replies":[{"embeddable":true,"href":"https:\/\/www.tgrthaber.com\/mavikadin\/wp-json\/wp\/v2\/comments?post=113208"}],"version-history":[{"count":2,"href":"https:\/\/www.tgrthaber.com\/mavikadin\/wp-json\/wp\/v2\/posts\/113208\/revisions"}],"predecessor-version":[{"id":113277,"href":"https:\/\/www.tgrthaber.com\/mavikadin\/wp-json\/wp\/v2\/posts\/113208\/revisions\/113277"}],"wp:featuredmedia":[{"embeddable":true,"href":"https:\/\/www.tgrthaber.com\/mavikadin\/wp-json\/wp\/v2\/media\/113216"}],"wp:attachment":[{"href":"https:\/\/www.tgrthaber.com\/mavikadin\/wp-json\/wp\/v2\/media?parent=113208"}],"wp:term":[{"taxonomy":"category","embeddable":true,"href":"https:\/\/www.tgrthaber.com\/mavikadin\/wp-json\/wp\/v2\/categories?post=113208"},{"taxonomy":"post_tag","embeddable":true,"href":"https:\/\/www.tgrthaber.com\/mavikadin\/wp-json\/wp\/v2\/tags?post=113208"}],"curies":[{"name":"wp","href":"https:\/\/api.w.org\/{rel}","templated":true}]}}