{"id":113247,"date":"2024-12-27T16:16:17","date_gmt":"2024-12-27T13:16:17","guid":{"rendered":"https:\/\/www.tgrthaber.com\/mavikadin\/?p=113247"},"modified":"2024-12-27T16:23:51","modified_gmt":"2024-12-27T13:23:51","slug":"seda-sayan-annesini-paylasti-saglik-durumu-hakkinda-son-bilgileri-verdi","status":"publish","type":"post","link":"https:\/\/www.tgrthaber.com\/mavikadin\/seda-sayan-annesini-paylasti-saglik-durumu-hakkinda-son-bilgileri-verdi\/","title":{"rendered":"Seda Sayan annesini payla\u015ft\u0131! Sa\u011fl\u0131k durumu hakk\u0131nda son bilgileri verdi"},"content":{"rendered":"<p>\u015eark\u0131c\u0131 Seda Sayan annesini sosyal medya hesab\u0131ndan payla\u015ft\u0131. Annesi Ay\u015fe Ak G\u00fcrsa\u00e7ar&#8217;\u0131n yo\u011fun bak\u0131ma al\u0131nd\u0131\u011f\u0131n\u0131 a\u00e7\u0131klayarak sevenlerinden dua isteyen \u00fcnl\u00fc isim son bilgileri aktard\u0131.<\/p>\n<h3>SEDA SAYAN ANNES\u0130N\u0130 PAYLA\u015eTI<\/h3>\n<p>Sanat\u00e7\u0131 Seda Sayan annesinin sa\u011fl\u0131k durumu hakk\u0131nda bilgi verdi. Sayan, annesi Ay\u015fe Ak G\u00fcrsa\u00e7ar&#8217;\u0131n yo\u011fun bak\u0131ma al\u0131nd\u0131\u011f\u0131n\u0131 a\u00e7\u0131klayarak sevenlerinden dua isteyen istemi\u015fti.<\/p>\n<div style=\"width: 640px;\" class=\"wp-video\"><!--[if lt IE 9]><script>document.createElement('video');<\/script><![endif]-->\n<video class=\"wp-video-shortcode\" id=\"video-113247-1\" width=\"640\" height=\"640\" preload=\"metadata\" controls=\"controls\"><source type=\"video\/mp4\" src=\"https:\/\/www.tgrthaber.com\/mavikadin\/wp-content\/uploads\/Sari-ve-Mavi-Fotografli-Gunaydin-Temali-Instagram-Gonderisi-17.mp4?_=1\" \/><a href=\"https:\/\/www.tgrthaber.com\/mavikadin\/wp-content\/uploads\/Sari-ve-Mavi-Fotografli-Gunaydin-Temali-Instagram-Gonderisi-17.mp4\">https:\/\/www.tgrthaber.com\/mavikadin\/wp-content\/uploads\/Sari-ve-Mavi-Fotografli-Gunaydin-Temali-Instagram-Gonderisi-17.mp4<\/a><\/video><\/div>\n<hr \/>\n<p>Seda Sayan\u2019\u0131n annesi ge\u00e7ti\u011fimiz g\u00fcnlerde yo\u011fun bak\u0131ma al\u0131nm\u0131\u015ft\u0131. Annesine d\u00fc\u015fk\u00fcnl\u00fc\u011f\u00fcyle bilinen Sayan\u2019a sevenlerinden binlerce ge\u00e7mi\u015f olsun mesaj\u0131 geldi.<\/p>\n<p><img loading=\"lazy\" decoding=\"async\" class=\"alignnone wp-image-113252\" src=\"https:\/\/www.tgrthaber.com\/mavikadin\/wp-content\/uploads\/Seda-Sayan-3-1.jpg\" alt=\"\" width=\"1208\" height=\"680\" title=\"\" srcset=\"https:\/\/www.tgrthaber.com\/mavikadin\/wp-content\/uploads\/Seda-Sayan-3-1.jpg 1600w, https:\/\/www.tgrthaber.com\/mavikadin\/wp-content\/uploads\/Seda-Sayan-3-1-300x169.jpg 300w, https:\/\/www.tgrthaber.com\/mavikadin\/wp-content\/uploads\/Seda-Sayan-3-1-1024x576.jpg 1024w, https:\/\/www.tgrthaber.com\/mavikadin\/wp-content\/uploads\/Seda-Sayan-3-1-768x432.jpg 768w, https:\/\/www.tgrthaber.com\/mavikadin\/wp-content\/uploads\/Seda-Sayan-3-1-1536x864.jpg 1536w\" sizes=\"(max-width: 1208px) 100vw, 1208px\" \/><\/p>\n<h3>SEVENLER\u0130NDEN DUA \u0130STEM\u0130\u015eT\u0130<\/h3>\n<p>61 ya\u015f\u0131ndaki sevilen sanat\u00e7\u0131 sosyal medya hesab\u0131ndan yapt\u0131\u011f\u0131 payla\u015f\u0131ma &#8216;Pamuk annem yo\u011fun bak\u0131ma al\u0131nd\u0131. Allah t\u00fcm \u015fifa bekleyenlere \u015fifa versin.&#8221; mesaj\u0131n\u0131 yazm\u0131\u015ft\u0131.<\/p>\n<hr \/>\n<h3>ANNES\u0130N\u0130N SA\u011eLIK DURUMU HAKKINDA SON B\u0130LG\u0130LER\u0130 VERD\u0130<\/h3>\n<p>Seda Sayan annesi Ay\u015fe G\u00fcrsa\u00e7ar&#8217;\u0131n son sa\u011fl\u0131k durumuyla ilgili son bilgileri payla\u015ft\u0131. \u00dcnl\u00fc sanat\u00e7\u0131 yapt\u0131\u011f\u0131 payla\u015f\u0131m\u0131na &#8216;\u00c7ok \u015f\u00fck\u00fcr yo\u011fun bak\u0131mdan normal odaya \u00e7\u0131kt\u0131k&#8217; notunu d\u00fc\u015ft\u00fc.<\/p>\n<p><img loading=\"lazy\" decoding=\"async\" class=\"alignnone wp-image-113256\" src=\"https:\/\/www.tgrthaber.com\/mavikadin\/wp-content\/uploads\/Seda-Sayan-2_restored.jpeg\" alt=\"\" width=\"1208\" height=\"679\" title=\"\" srcset=\"https:\/\/www.tgrthaber.com\/mavikadin\/wp-content\/uploads\/Seda-Sayan-2_restored.jpeg 2000w, https:\/\/www.tgrthaber.com\/mavikadin\/wp-content\/uploads\/Seda-Sayan-2_restored-300x169.jpeg 300w, https:\/\/www.tgrthaber.com\/mavikadin\/wp-content\/uploads\/Seda-Sayan-2_restored-1024x575.jpeg 1024w, https:\/\/www.tgrthaber.com\/mavikadin\/wp-content\/uploads\/Seda-Sayan-2_restored-768x432.jpeg 768w, https:\/\/www.tgrthaber.com\/mavikadin\/wp-content\/uploads\/Seda-Sayan-2_restored-1536x863.jpeg 1536w\" sizes=\"(max-width: 1208px) 100vw, 1208px\" \/><\/p>\n<h3>BERL\u0130N&#8217;DE TEDAV\u0130 OLDU<\/h3>\n<p>Seda Sayan, annesi Ay\u015fe G\u00fcrsa\u00e7ar tedavi i\u00e7in Berlin\u2019e gitmi\u015fti. \u00dcnl\u00fc sanat\u00e7\u0131y\u0131 e\u015fi \u00c7a\u011flar \u00d6kten de bu s\u00fcre\u00e7te yaln\u0131z b\u0131rakmam\u0131\u015ft\u0131. Annesini Berlin\u2019e g\u00f6t\u00fcren Seda Sayan Almanya&#8217;dan yapt\u0131\u011f\u0131 payla\u015f\u0131m\u0131na: &#8216;Can\u0131m annem, can\u0131m yengem ve can\u0131m ablam&#8217; notunu yazm\u0131\u015ft\u0131.<\/p>\n","protected":false},"excerpt":{"rendered":"<p>\u00dcnl\u00fc sanat\u00e7\u0131 Seda Sayan annesini payla\u015ft\u0131. Annesinin sa\u011fl\u0131k durumu hakk\u0131nda bilgi veren \u00fcnl\u00fc isme ge\u00e7mi\u015f olsun mesajlar\u0131 ya\u011fd\u0131.<\/p>\n","protected":false},"author":5,"featured_media":113265,"comment_status":"closed","ping_status":"closed","sticky":false,"template":"","format":"standard","meta":{"rank_math_lock_modified_date":false,"footnotes":""},"categories":[76],"tags":[6178,2812,2811],"class_list":["post-113247","post","type-post","status-publish","format-standard","has-post-thumbnail","hentry","category-magazin","tag-ayse-ak-gursacar","tag-caglar-okten","tag-seda-sayan"],"_links":{"self":[{"href":"https:\/\/www.tgrthaber.com\/mavikadin\/wp-json\/wp\/v2\/posts\/113247"}],"collection":[{"href":"https:\/\/www.tgrthaber.com\/mavikadin\/wp-json\/wp\/v2\/posts"}],"about":[{"href":"https:\/\/www.tgrthaber.com\/mavikadin\/wp-json\/wp\/v2\/types\/post"}],"author":[{"embeddable":true,"href":"https:\/\/www.tgrthaber.com\/mavikadin\/wp-json\/wp\/v2\/users\/5"}],"replies":[{"embeddable":true,"href":"https:\/\/www.tgrthaber.com\/mavikadin\/wp-json\/wp\/v2\/comments?post=113247"}],"version-history":[{"count":4,"href":"https:\/\/www.tgrthaber.com\/mavikadin\/wp-json\/wp\/v2\/posts\/113247\/revisions"}],"predecessor-version":[{"id":113271,"href":"https:\/\/www.tgrthaber.com\/mavikadin\/wp-json\/wp\/v2\/posts\/113247\/revisions\/113271"}],"wp:featuredmedia":[{"embeddable":true,"href":"https:\/\/www.tgrthaber.com\/mavikadin\/wp-json\/wp\/v2\/media\/113265"}],"wp:attachment":[{"href":"https:\/\/www.tgrthaber.com\/mavikadin\/wp-json\/wp\/v2\/media?parent=113247"}],"wp:term":[{"taxonomy":"category","embeddable":true,"href":"https:\/\/www.tgrthaber.com\/mavikadin\/wp-json\/wp\/v2\/categories?post=113247"},{"taxonomy":"post_tag","embeddable":true,"href":"https:\/\/www.tgrthaber.com\/mavikadin\/wp-json\/wp\/v2\/tags?post=113247"}],"curies":[{"name":"wp","href":"https:\/\/api.w.org\/{rel}","templated":true}]}}