{"id":113325,"date":"2024-12-27T17:30:48","date_gmt":"2024-12-27T14:30:48","guid":{"rendered":"https:\/\/www.tgrthaber.com\/mavikadin\/?p=113325"},"modified":"2024-12-27T21:01:02","modified_gmt":"2024-12-27T18:01:02","slug":"arka-sokaklar-bu-aksam-neden-yok-rtuk-cezasi-alan-arka-sokaklarin-yeni-bolumu-ne-zaman-yayinlanacak","status":"publish","type":"post","link":"https:\/\/www.tgrthaber.com\/mavikadin\/arka-sokaklar-bu-aksam-neden-yok-rtuk-cezasi-alan-arka-sokaklarin-yeni-bolumu-ne-zaman-yayinlanacak\/","title":{"rendered":"Arka Sokaklar bu ak\u015fam neden yok? RT\u00dcK cezas\u0131 alan Arka Sokaklar&#8217;\u0131n yeni b\u00f6l\u00fcm\u00fc ne zaman yay\u0131nlanacak?"},"content":{"rendered":"<p>Ekranlar\u0131n en uzun soluklu dizilerinden biri olan Arka Sokaklar, bu ak\u015fam izleyicisiyle bulu\u015famayacak. RT\u00dcK\u2019\u00fcn ge\u00e7ti\u011fimiz g\u00fcnlerde Kanal D\u2019ye tebli\u011f etti\u011fi yay\u0131n durdurma cezas\u0131 nedeniyle dizi yerine, RT\u00dcK taraf\u0131ndan g\u00f6nderilen bir belgesel yay\u0131nlanacak. Peki, sevilen dizi Arka Sokaklar&#8217;\u0131n yeni b\u00f6l\u00fcm\u00fc ne zaman yay\u0131nlanacak? Arka Sokaklar neden ceza ald\u0131? \u0130\u015fte merak edilen t\u00fcm detaylar\u2026<\/p>\n<hr \/>\n<h3>ARKA SOKAKLAR NEDEN YOK?<\/h3>\n<p>Ba\u015frollerinde Zafer Ergin, \u015eevket \u00c7oruh ve \u00d6zg\u00fcr Ozan\u2019\u0131n yer ald\u0131\u011f\u0131 Arka Sokaklar, toplumdaki dini inan\u00e7lar\u0131 yaln\u0131zca bir grup veya ki\u015finin elindeymi\u015f gibi yans\u0131tmas\u0131 ve dini bir grubun devletin kolluk kuvvetlerine y\u00f6nelik tehditk\u00e2r s\u00f6ylemlerde bulundu\u011fu sahneler nedeniyle RT\u00dcK\u2019\u00fcn radar\u0131na tak\u0131ld\u0131.<\/p>\n<p><img loading=\"lazy\" decoding=\"async\" class=\"alignnone size-full wp-image-113326\" src=\"https:\/\/www.tgrthaber.com\/mavikadin\/wp-content\/uploads\/Yeni-Proje-20.jpg\" alt=\"\" width=\"1208\" height=\"680\" title=\"\" srcset=\"https:\/\/www.tgrthaber.com\/mavikadin\/wp-content\/uploads\/Yeni-Proje-20.jpg 1208w, https:\/\/www.tgrthaber.com\/mavikadin\/wp-content\/uploads\/Yeni-Proje-20-300x169.jpg 300w, https:\/\/www.tgrthaber.com\/mavikadin\/wp-content\/uploads\/Yeni-Proje-20-1024x576.jpg 1024w, https:\/\/www.tgrthaber.com\/mavikadin\/wp-content\/uploads\/Yeni-Proje-20-768x432.jpg 768w\" sizes=\"(max-width: 1208px) 100vw, 1208px\" \/><\/p>\n<hr \/>\n<p>RT\u00dcK, bu sahnelerin yay\u0131nc\u0131l\u0131k ilkelerine ayk\u0131r\u0131 oldu\u011funa h\u00fckmederek, hem idari para cezas\u0131 kesti hem de diziyi iki b\u00f6l\u00fcm yay\u0131n durdurma cezas\u0131 ile cezaland\u0131rd\u0131.<\/p>\n<p><img loading=\"lazy\" decoding=\"async\" class=\"alignnone size-full wp-image-113427\" src=\"https:\/\/www.tgrthaber.com\/mavikadin\/wp-content\/uploads\/5bb355bd49678305886553bf.webp\" alt=\"\" width=\"714\" height=\"415\" title=\"\" srcset=\"https:\/\/www.tgrthaber.com\/mavikadin\/wp-content\/uploads\/5bb355bd49678305886553bf.webp 714w, https:\/\/www.tgrthaber.com\/mavikadin\/wp-content\/uploads\/5bb355bd49678305886553bf-300x174.webp 300w\" sizes=\"(max-width: 714px) 100vw, 714px\" \/><\/p>\n<hr \/>\n<h3>ARKA SOKAKLAR YEN\u0130 B\u00d6L\u00dcM NE ZAMAN?<\/h3>\n<p>RT\u00dcK\u2019\u00fcn ald\u0131\u011f\u0131 karar do\u011frultusunda, Arka Sokaklar dizisinin yeni b\u00f6l\u00fcm\u00fc bu ak\u015fam yay\u0131nlanmayacak. Cezan\u0131n ikinci k\u0131sm\u0131 ise 3 Ocak\u2019ta uygulanacak. Dolay\u0131s\u0131yla dizi, bu tarihten sonraki cuma ak\u015fam\u0131, 696. b\u00f6l\u00fcm\u00fcyle ekranlarda olabilecek.<\/p>\n<p><img loading=\"lazy\" decoding=\"async\" class=\"alignnone size-full wp-image-113327\" src=\"https:\/\/www.tgrthaber.com\/mavikadin\/wp-content\/uploads\/Yeni-Proje-19-1.jpg\" alt=\"\" width=\"1208\" height=\"680\" title=\"\" srcset=\"https:\/\/www.tgrthaber.com\/mavikadin\/wp-content\/uploads\/Yeni-Proje-19-1.jpg 1208w, https:\/\/www.tgrthaber.com\/mavikadin\/wp-content\/uploads\/Yeni-Proje-19-1-300x169.jpg 300w, https:\/\/www.tgrthaber.com\/mavikadin\/wp-content\/uploads\/Yeni-Proje-19-1-1024x576.jpg 1024w, https:\/\/www.tgrthaber.com\/mavikadin\/wp-content\/uploads\/Yeni-Proje-19-1-768x432.jpg 768w\" sizes=\"(max-width: 1208px) 100vw, 1208px\" \/><\/p>\n<hr \/>\n<p>RT\u00dcK, Cumhurba\u015fkan\u0131 Recep Tayyip Erdo\u011fan\u2019\u0131n televizyon dizileriyle ilgili yapt\u0131\u011f\u0131 a\u00e7\u0131klamalar\u0131n ard\u0131ndan yay\u0131nc\u0131l\u0131k ilkelerini daha s\u0131k\u0131 bir \u015fekilde denetlemeye ba\u015flad\u0131. Arka Sokaklar da bu yapt\u0131r\u0131mlardan etkilenen yap\u0131mlardan biri oldu.<\/p>\n<p><img loading=\"lazy\" decoding=\"async\" class=\"alignnone wp-image-113429\" src=\"https:\/\/www.tgrthaber.com\/mavikadin\/wp-content\/uploads\/rtuk-ten-ceza-almisti-arka-sokaklar-dizisi-bu-aksam-yayinlanacak-mi-1735315420-269_small.jpg\" alt=\"\" width=\"1208\" height=\"803\" title=\"\" srcset=\"https:\/\/www.tgrthaber.com\/mavikadin\/wp-content\/uploads\/rtuk-ten-ceza-almisti-arka-sokaklar-dizisi-bu-aksam-yayinlanacak-mi-1735315420-269_small.jpg 406w, https:\/\/www.tgrthaber.com\/mavikadin\/wp-content\/uploads\/rtuk-ten-ceza-almisti-arka-sokaklar-dizisi-bu-aksam-yayinlanacak-mi-1735315420-269_small-300x200.jpg 300w\" sizes=\"(max-width: 1208px) 100vw, 1208px\" \/><\/p>\n<hr \/>\n<h3>ARKA SOKAKLAR SON B\u00d6L\u00dcMDE GER\u0130L\u0130M TAVAN YAPTI<\/h3>\n<p>Son b\u00f6l\u00fcmde yasa d\u0131\u015f\u0131 bahis \u00e7etesinin lideri Bedo, gen\u00e7leri \u00e7eteye dahil ederek su\u00e7lar\u0131na alet etmi\u015fti. Bedo, rakibi Ilgaz\u2019\u0131n restoran\u0131na bir sald\u0131r\u0131 planlarken, bu g\u00f6revi Kartal ve Mehmet isimli iki gence verdi. Ancak restoran sald\u0131r\u0131s\u0131nda masum insanlar\u0131n hayat\u0131n\u0131 kaybetmesi, \u00e7ete i\u00e7inde b\u00fcy\u00fck bir gerilime neden oldu. Ekip, hem Ilgaz\u2019\u0131 hem de \u00e7ete i\u00e7indeki ba\u011flant\u0131lar\u0131 \u00e7\u00f6zmeye \u00e7al\u0131\u015f\u0131rken gerilim dolu sahneler ya\u015fand\u0131.<\/p>\n<p><img loading=\"lazy\" decoding=\"async\" class=\"alignnone size-full wp-image-113328\" src=\"https:\/\/www.tgrthaber.com\/mavikadin\/wp-content\/uploads\/Yeni-Proje-17-1.jpg\" alt=\"\" width=\"1208\" height=\"680\" title=\"\" srcset=\"https:\/\/www.tgrthaber.com\/mavikadin\/wp-content\/uploads\/Yeni-Proje-17-1.jpg 1208w, https:\/\/www.tgrthaber.com\/mavikadin\/wp-content\/uploads\/Yeni-Proje-17-1-300x169.jpg 300w, https:\/\/www.tgrthaber.com\/mavikadin\/wp-content\/uploads\/Yeni-Proje-17-1-1024x576.jpg 1024w, https:\/\/www.tgrthaber.com\/mavikadin\/wp-content\/uploads\/Yeni-Proje-17-1-768x432.jpg 768w\" sizes=\"(max-width: 1208px) 100vw, 1208px\" \/><\/p>\n","protected":false},"excerpt":{"rendered":"<p>Arka Sokaklar yeni b\u00f6l\u00fcm bu ak\u015fam yay\u0131nda olmayacak! Yay\u0131n ak\u0131\u015f\u0131nda diziyi g\u00f6remeyen izleyici Arka Sokaklar neden yok? sorusunun cevab\u0131 i\u00e7in ara\u015ft\u0131rmalara ba\u015flad\u0131. RT\u00dcK\u2019\u00fcn uygulad\u0131\u011f\u0131 ceza nedeniyle dizinin yeni b\u00f6l\u00fcm\u00fc bu ak\u015fam ekrana gelmeyecek. Peki Arka Sokaklar neden ceza ald\u0131? Arka Sokaklar yeni b\u00f6l\u00fcm neden yok, ne zaman yay\u0131nlanacak?<\/p>\n","protected":false},"author":4,"featured_media":113329,"comment_status":"closed","ping_status":"closed","sticky":false,"template":"","format":"standard","meta":{"rank_math_lock_modified_date":false,"footnotes":""},"categories":[602],"tags":[2976,6184,136],"class_list":["post-113325","post","type-post","status-publish","format-standard","has-post-thumbnail","hentry","category-diziler","tag-arka-sokaklar","tag-arka-sokaklar-neden-yok","tag-yeni-bolum"],"_links":{"self":[{"href":"https:\/\/www.tgrthaber.com\/mavikadin\/wp-json\/wp\/v2\/posts\/113325"}],"collection":[{"href":"https:\/\/www.tgrthaber.com\/mavikadin\/wp-json\/wp\/v2\/posts"}],"about":[{"href":"https:\/\/www.tgrthaber.com\/mavikadin\/wp-json\/wp\/v2\/types\/post"}],"author":[{"embeddable":true,"href":"https:\/\/www.tgrthaber.com\/mavikadin\/wp-json\/wp\/v2\/users\/4"}],"replies":[{"embeddable":true,"href":"https:\/\/www.tgrthaber.com\/mavikadin\/wp-json\/wp\/v2\/comments?post=113325"}],"version-history":[{"count":4,"href":"https:\/\/www.tgrthaber.com\/mavikadin\/wp-json\/wp\/v2\/posts\/113325\/revisions"}],"predecessor-version":[{"id":113430,"href":"https:\/\/www.tgrthaber.com\/mavikadin\/wp-json\/wp\/v2\/posts\/113325\/revisions\/113430"}],"wp:featuredmedia":[{"embeddable":true,"href":"https:\/\/www.tgrthaber.com\/mavikadin\/wp-json\/wp\/v2\/media\/113329"}],"wp:attachment":[{"href":"https:\/\/www.tgrthaber.com\/mavikadin\/wp-json\/wp\/v2\/media?parent=113325"}],"wp:term":[{"taxonomy":"category","embeddable":true,"href":"https:\/\/www.tgrthaber.com\/mavikadin\/wp-json\/wp\/v2\/categories?post=113325"},{"taxonomy":"post_tag","embeddable":true,"href":"https:\/\/www.tgrthaber.com\/mavikadin\/wp-json\/wp\/v2\/tags?post=113325"}],"curies":[{"name":"wp","href":"https:\/\/api.w.org\/{rel}","templated":true}]}}