{"id":113360,"date":"2024-12-27T18:08:27","date_gmt":"2024-12-27T15:08:27","guid":{"rendered":"https:\/\/www.tgrthaber.com\/mavikadin\/?p=113360"},"modified":"2024-12-27T21:16:29","modified_gmt":"2024-12-27T18:16:29","slug":"kizilcik-serbeti-nursema-oluyor-mu-ceren-karakocun-paylasimi-ortaligi-karistirdi","status":"publish","type":"post","link":"https:\/\/www.tgrthaber.com\/mavikadin\/kizilcik-serbeti-nursema-oluyor-mu-ceren-karakocun-paylasimi-ortaligi-karistirdi\/","title":{"rendered":"K\u0131z\u0131lc\u0131k \u015eerbeti Nursema \u00f6l\u00fcyor mu? Ceren Karako\u00e7&#8217;un payla\u015f\u0131m\u0131 ortal\u0131\u011f\u0131 kar\u0131\u015ft\u0131rd\u0131"},"content":{"rendered":"<p>K\u0131z\u0131lc\u0131k \u015eerbeti dizisinin Nursema karakteri, izleyiciler taraf\u0131ndan b\u00fcy\u00fck ilgiyle takip ediliyor. Ceren Karako\u00e7&#8217;un hayat verdi\u011fi Nursema&#8217;n\u0131n diziye veda edip etmeyece\u011fi ise merak konusu oldu. Peki, Ceren Karako\u00e7 diziden ayr\u0131l\u0131yor mu? Nursema karakteri \u00f6l\u00fcyor mu? \u0130\u015fte bu sorulara dair t\u00fcm detaylar\u2026<\/p>\n<h3>KIZILCIK \u015eERBET\u0130 NURSEMA K\u0130MD\u0130R? D\u0130Z\u0130DEN AYRILIYOR MU?<\/h3>\n<p>K\u0131z\u0131lc\u0131k \u015eerbeti dizisinin Nursema karakteri, SHOW TV\u2019de izleyicileri ekran ba\u015f\u0131na kilitleyen \u00f6nemli bir rol \u00fcstleniyor. Nursema\u2019y\u0131 ba\u015far\u0131l\u0131 oyuncu Ceren Karako\u00e7 canland\u0131r\u0131yor. Ceren Karako\u00e7, oyunculuk kariyerine ilk ad\u0131mlar\u0131n\u0131 \u00e7ok gen\u00e7 ya\u015fta atm\u0131\u015f ve bir\u00e7ok dizide ba\u015far\u0131l\u0131 performans sergilemi\u015ftir. \u00d6zellikle Beni Affet, Maria ile Mustafa ve Ak\u0131nc\u0131 gibi projelerdeki performans\u0131yla ad\u0131n\u0131 geni\u015f bir izleyici kitlesine duyurmu\u015ftur.<\/p>\n<p><img loading=\"lazy\" decoding=\"async\" class=\"alignnone size-full wp-image-113364\" src=\"https:\/\/www.tgrthaber.com\/mavikadin\/wp-content\/uploads\/Yeni-Proje-23.jpg\" alt=\"\" width=\"1208\" height=\"680\" title=\"\" srcset=\"https:\/\/www.tgrthaber.com\/mavikadin\/wp-content\/uploads\/Yeni-Proje-23.jpg 1208w, https:\/\/www.tgrthaber.com\/mavikadin\/wp-content\/uploads\/Yeni-Proje-23-300x169.jpg 300w, https:\/\/www.tgrthaber.com\/mavikadin\/wp-content\/uploads\/Yeni-Proje-23-1024x576.jpg 1024w, https:\/\/www.tgrthaber.com\/mavikadin\/wp-content\/uploads\/Yeni-Proje-23-768x432.jpg 768w\" sizes=\"(max-width: 1208px) 100vw, 1208px\" \/><\/p>\n<hr \/>\n<h3>CEREN KARAKO\u00c7&#8217;TAN VEDA PAYLA\u015eIMI GELD\u0130<\/h3>\n<p>K\u0131z\u0131lc\u0131k \u015eerbeti&#8217;nin sevilen karakteri Nursema diziye veda ediyor. Bu ak\u015fam ekrana gelecek yeni b\u00f6l\u00fcmde \u00e7\u0131kan yang\u0131nda 4 ki\u015finin hayat\u0131n\u0131 kaybetti\u011fi ortaya \u00e7\u0131km\u0131\u015ft\u0131. K\u0131z\u0131lc\u0131k \u015eerbeti&#8217;nden ayr\u0131lan isimlerden birinin G\u00f6rkem&#8217;i oynayan \u00d6zge \u00d6zacar oldu\u011fu belli olmu\u015ftu. Bir di\u011fer isimde dizide G\u00f6rkem&#8217;in babas\u0131n\u0131 oynayan Resul karakteri olarak a\u00e7\u0131klanm\u0131\u015ft\u0131. Ancak Nursema&#8217;n\u0131n diziye veda payla\u015f\u0131m\u0131 tam bir s\u00fcrpriz oldu. Ceren Karako\u00e7 K\u0131z\u0131lc\u0131k \u015eerbeti dizisinden ayr\u0131l\u0131\u011f\u0131n\u0131 yapt\u0131\u011f\u0131 payla\u015f\u0131mla duyurdu.<\/p>\n<p><img loading=\"lazy\" decoding=\"async\" class=\"alignnone wp-image-113373\" src=\"https:\/\/www.tgrthaber.com\/mavikadin\/wp-content\/uploads\/WhatsApp-Image-2024-12-27-at-18.14.07.jpeg\" alt=\"\" width=\"1162\" height=\"2081\" title=\"\" srcset=\"https:\/\/www.tgrthaber.com\/mavikadin\/wp-content\/uploads\/WhatsApp-Image-2024-12-27-at-18.14.07.jpeg 828w, https:\/\/www.tgrthaber.com\/mavikadin\/wp-content\/uploads\/WhatsApp-Image-2024-12-27-at-18.14.07-167x300.jpeg 167w, https:\/\/www.tgrthaber.com\/mavikadin\/wp-content\/uploads\/WhatsApp-Image-2024-12-27-at-18.14.07-572x1024.jpeg 572w, https:\/\/www.tgrthaber.com\/mavikadin\/wp-content\/uploads\/WhatsApp-Image-2024-12-27-at-18.14.07-768x1376.jpeg 768w\" sizes=\"(max-width: 1162px) 100vw, 1162px\" \/><\/p>\n<hr \/>\n<h3>CEREN KARAKO\u00c7 VE ROL ARKADA\u015eININ \u015eAKASI ORTALI\u011eI KARI\u015eTIRDI<\/h3>\n<p>Bu ak\u015fam ekrana gelen yeni b\u00f6l\u00fcmde adeta bir yaprak d\u00f6k\u00fcm\u00fc ya\u015fanacak. K\u0131z\u0131lc\u0131k \u015eerbeti dizisine veda edecek oyuncular\u0131n kim oldu\u011fu merakla beklenirken Nursema karakterine hayat veren Ceren Karako\u00e7 yapt\u0131\u011f\u0131 payla\u015f\u0131mla diziye veda etti\u011fini duyurmu\u015ftu. K\u0131sa bir zaman sonra yeni bir payla\u015f\u0131m yapan Ceren Karako\u00e7 haberin \u015faka oldu\u011funu s\u00f6yledi<\/p>\n<p><img loading=\"lazy\" decoding=\"async\" class=\"alignnone wp-image-113385\" src=\"https:\/\/www.tgrthaber.com\/mavikadin\/wp-content\/uploads\/WhatsApp-Image-2024-12-27-at-18.46.10.jpeg\" alt=\"\" width=\"1164\" height=\"2106\" title=\"\" srcset=\"https:\/\/www.tgrthaber.com\/mavikadin\/wp-content\/uploads\/WhatsApp-Image-2024-12-27-at-18.46.10.jpeg 828w, https:\/\/www.tgrthaber.com\/mavikadin\/wp-content\/uploads\/WhatsApp-Image-2024-12-27-at-18.46.10-166x300.jpeg 166w, https:\/\/www.tgrthaber.com\/mavikadin\/wp-content\/uploads\/WhatsApp-Image-2024-12-27-at-18.46.10-566x1024.jpeg 566w, https:\/\/www.tgrthaber.com\/mavikadin\/wp-content\/uploads\/WhatsApp-Image-2024-12-27-at-18.46.10-768x1389.jpeg 768w\" sizes=\"(max-width: 1164px) 100vw, 1164px\" \/><\/p>\n<hr \/>\n<h3>CEREN KARAKO\u00c7 K\u0130MD\u0130R?<\/h3>\n<p>1984 do\u011fumlu olan Ceren Karako\u00e7, Ankara&#8217;da d\u00fcnyaya gelmi\u015ftir. \u00c7anakkale Onsekiz Mart \u00dcniversitesi Sahne ve G\u00f6r\u00fcnt\u00fc Sanatlar\u0131 B\u00f6l\u00fcm\u00fc\u2019nden mezun olan Karako\u00e7, oyunculuk e\u011fitimi alarak profesyonel kariyerine ba\u015flam\u0131\u015ft\u0131r. Ayr\u0131ca tiyatroda da kendini g\u00f6stermi\u015f ve Terapi \u00d6tesi adl\u0131 oyunda sahneye \u00e7\u0131km\u0131\u015ft\u0131r.<\/p>\n<p><img loading=\"lazy\" decoding=\"async\" class=\"alignnone size-full wp-image-113368\" src=\"https:\/\/www.tgrthaber.com\/mavikadin\/wp-content\/uploads\/Yeni-Proje-24.jpg\" alt=\"\" width=\"1208\" height=\"680\" title=\"\" srcset=\"https:\/\/www.tgrthaber.com\/mavikadin\/wp-content\/uploads\/Yeni-Proje-24.jpg 1208w, https:\/\/www.tgrthaber.com\/mavikadin\/wp-content\/uploads\/Yeni-Proje-24-300x169.jpg 300w, https:\/\/www.tgrthaber.com\/mavikadin\/wp-content\/uploads\/Yeni-Proje-24-1024x576.jpg 1024w, https:\/\/www.tgrthaber.com\/mavikadin\/wp-content\/uploads\/Yeni-Proje-24-768x432.jpg 768w\" sizes=\"(max-width: 1208px) 100vw, 1208px\" \/><\/p>\n<hr \/>\n<p>Ceren Karako\u00e7, gen\u00e7 ya\u015flardan itibaren oyunculu\u011fa olan ilgisini ve tutkusunu dile getirmi\u015f ve bu alanda kendini geli\u015ftirmi\u015ftir. Televizyon dizilerinde g\u00f6sterdi\u011fi ba\u015far\u0131, onu sekt\u00f6r\u00fcn dikkat \u00e7eken isimlerinden biri haline getirmi\u015ftir. K\u0131z\u0131lc\u0131k \u015eerbeti dizisindeki Nursema karakteri ile b\u00fcy\u00fck be\u011feni toplayan Karako\u00e7, oyunculuk kariyerine \u00f6nemli bir halkay\u0131 daha eklemi\u015ftir.<\/p>\n<h3>YANGIN SAHNELER\u0130N\u0130N ARKASINDA DEV B\u0130R EMEK VAR<\/h3>\n<p>K\u0131z\u0131lc\u0131k \u015eerbeti\u2019nin \u00e7arp\u0131c\u0131 yang\u0131n sahneleri, Silivri\u2019de tam \u00fc\u00e7 g\u00fcnde \u00e7ekildi. 200 ki\u015filik dizi ekibi, bu etkileyici sahneler i\u00e7in bir hafta \u00f6nceden haz\u0131rl\u0131klara ba\u015flad\u0131. Yang\u0131n s\u0131ras\u0131nda, sahneye \u00f6zel konuk olarak kat\u0131lan Kosoval\u0131 \u015fark\u0131c\u0131 Morena\u2019n\u0131n performans\u0131 da izleyenleri b\u00fcy\u00fcleyecek.<\/p>\n<p><img loading=\"lazy\" decoding=\"async\" class=\"alignnone wp-image-113249\" src=\"https:\/\/www.tgrthaber.com\/mavikadin\/wp-content\/uploads\/3f2b88631d520dc762e8b2afc9b9d042_840.jpg\" alt=\"\" width=\"1163\" height=\"775\" title=\"\" srcset=\"https:\/\/www.tgrthaber.com\/mavikadin\/wp-content\/uploads\/3f2b88631d520dc762e8b2afc9b9d042_840.jpg 840w, https:\/\/www.tgrthaber.com\/mavikadin\/wp-content\/uploads\/3f2b88631d520dc762e8b2afc9b9d042_840-300x200.jpg 300w, https:\/\/www.tgrthaber.com\/mavikadin\/wp-content\/uploads\/3f2b88631d520dc762e8b2afc9b9d042_840-768x512.jpg 768w\" sizes=\"(max-width: 1163px) 100vw, 1163px\" \/><\/p>\n<hr \/>\n<h3>KIZILCIK \u015eERBET\u0130 YILBA\u015eI ARASI VER\u0130YOR<\/h3>\n<p>Dizinin, y\u0131lba\u015f\u0131 reklam aras\u0131 nedeniyle 3 Ocak\u2019ta yeni b\u00f6l\u00fcm\u00fc yay\u0131nlanmayacak. \u0130zleyiciler, merakla beklenen olaylar\u0131n devam\u0131n\u0131 10 Ocak\u2019ta \u00f6\u011frenebilecek.<\/p>\n","protected":false},"excerpt":{"rendered":"<p>K\u0131z\u0131lc\u0131k \u015eerbeti bomba gibi bir b\u00f6l\u00fcmle ekrana geliyor. Dizinin yeni b\u00f6l\u00fcm\u00fcndeki yang\u0131n facias\u0131n\u0131n ard\u0131ndan K\u0131z\u0131lc\u0131k \u015eerbeti dizisine veda eden isimler bir bir ortaya \u00e7\u0131kmaya ba\u015flad\u0131. K\u0131z\u0131lc\u0131k \u015eerbeti Nursema \u00f6l\u00fcyor mu? Ceren Karako\u00e7 diziden ayr\u0131ld\u0131 m\u0131?<\/p>\n","protected":false},"author":4,"featured_media":113366,"comment_status":"closed","ping_status":"closed","sticky":false,"template":"","format":"standard","meta":{"rank_math_lock_modified_date":false,"footnotes":""},"categories":[602],"tags":[6191,157,6190],"class_list":["post-113360","post","type-post","status-publish","format-standard","has-post-thumbnail","hentry","category-diziler","tag-ceren-karakoc","tag-kizilcik-serbeti","tag-nursema"],"_links":{"self":[{"href":"https:\/\/www.tgrthaber.com\/mavikadin\/wp-json\/wp\/v2\/posts\/113360"}],"collection":[{"href":"https:\/\/www.tgrthaber.com\/mavikadin\/wp-json\/wp\/v2\/posts"}],"about":[{"href":"https:\/\/www.tgrthaber.com\/mavikadin\/wp-json\/wp\/v2\/types\/post"}],"author":[{"embeddable":true,"href":"https:\/\/www.tgrthaber.com\/mavikadin\/wp-json\/wp\/v2\/users\/4"}],"replies":[{"embeddable":true,"href":"https:\/\/www.tgrthaber.com\/mavikadin\/wp-json\/wp\/v2\/comments?post=113360"}],"version-history":[{"count":9,"href":"https:\/\/www.tgrthaber.com\/mavikadin\/wp-json\/wp\/v2\/posts\/113360\/revisions"}],"predecessor-version":[{"id":113440,"href":"https:\/\/www.tgrthaber.com\/mavikadin\/wp-json\/wp\/v2\/posts\/113360\/revisions\/113440"}],"wp:featuredmedia":[{"embeddable":true,"href":"https:\/\/www.tgrthaber.com\/mavikadin\/wp-json\/wp\/v2\/media\/113366"}],"wp:attachment":[{"href":"https:\/\/www.tgrthaber.com\/mavikadin\/wp-json\/wp\/v2\/media?parent=113360"}],"wp:term":[{"taxonomy":"category","embeddable":true,"href":"https:\/\/www.tgrthaber.com\/mavikadin\/wp-json\/wp\/v2\/categories?post=113360"},{"taxonomy":"post_tag","embeddable":true,"href":"https:\/\/www.tgrthaber.com\/mavikadin\/wp-json\/wp\/v2\/tags?post=113360"}],"curies":[{"name":"wp","href":"https:\/\/api.w.org\/{rel}","templated":true}]}}