{"id":113643,"date":"2024-12-28T11:39:42","date_gmt":"2024-12-28T08:39:42","guid":{"rendered":"https:\/\/www.tgrthaber.com\/mavikadin\/?p=113643"},"modified":"2024-12-28T11:39:42","modified_gmt":"2024-12-28T08:39:42","slug":"kizilcik-serbeti-oyuncularinin-82-bolumde-giydigi-kiyafetlerin-markalari-ve-fiyatlari","status":"publish","type":"post","link":"https:\/\/www.tgrthaber.com\/mavikadin\/kizilcik-serbeti-oyuncularinin-82-bolumde-giydigi-kiyafetlerin-markalari-ve-fiyatlari\/","title":{"rendered":"K\u0131z\u0131lc\u0131k \u015eerbeti oyuncular\u0131n\u0131n 82. b\u00f6l\u00fcmde giydi\u011fi k\u0131yafetlerin markalar\u0131 ve fiyatlar\u0131"},"content":{"rendered":"<p>K\u0131z\u0131lc\u0131k \u015eerbeti dizisi, Cuma g\u00fcn\u00fc ekrana gelen 82. b\u00f6l\u00fcm\u00fcyle reyting rekorlar\u0131n\u0131 alt \u00fcst etmeye devam ediyor. Dizinin ba\u015far\u0131s\u0131n\u0131n yan\u0131 s\u0131ra, kad\u0131n oyuncular\u0131n her b\u00f6l\u00fcmde giydikleri \u015f\u0131k ve dikkat \u00e7eken k\u0131yafetler de takip\u00e7ileri taraf\u0131ndan ilgiyle izleniyor. Oyuncular\u0131n tarzlar\u0131n\u0131 merak eden hayranlar\u0131 i\u00e7in, K\u0131z\u0131lc\u0131k \u015eerbeti&#8217;nin son b\u00f6l\u00fcm\u00fcnde giyilen k\u0131yafetlerin markalar\u0131 ve fiyatlar\u0131na dair bilgiler a\u015fa\u011f\u0131da detayland\u0131r\u0131lm\u0131\u015ft\u0131r.<\/p>\n<h3>KIZILCIK \u015eERBET\u0130\u2019N\u0130N 82. B\u00d6L\u00dcM\u00dcNDE G\u0130Y\u0130LEN KIYAFETLER<\/h3>\n<h3>KIZILCIK \u015eERBET\u0130 D\u0130Z\u0130S\u0130NDE NURSEMA&#8217;NIN KOMB\u0130NLER\u0130<\/h3>\n<p><img loading=\"lazy\" decoding=\"async\" class=\"alignnone wp-image-113648\" src=\"https:\/\/www.tgrthaber.com\/mavikadin\/wp-content\/uploads\/kizilcik-serbetinde-nursema-giydigi-ceket-ve-etek-kombini-300x169.jpg\" alt=\"k\u0131z\u0131lc\u0131k \u015ferbetinde nursema giydi\u011fi ceket ve etek kombini\" width=\"1208\" height=\"680\" title=\"\" srcset=\"https:\/\/www.tgrthaber.com\/mavikadin\/wp-content\/uploads\/kizilcik-serbetinde-nursema-giydigi-ceket-ve-etek-kombini-300x169.jpg 300w, https:\/\/www.tgrthaber.com\/mavikadin\/wp-content\/uploads\/kizilcik-serbetinde-nursema-giydigi-ceket-ve-etek-kombini-1024x576.jpg 1024w, https:\/\/www.tgrthaber.com\/mavikadin\/wp-content\/uploads\/kizilcik-serbetinde-nursema-giydigi-ceket-ve-etek-kombini-768x432.jpg 768w, https:\/\/www.tgrthaber.com\/mavikadin\/wp-content\/uploads\/kizilcik-serbetinde-nursema-giydigi-ceket-ve-etek-kombini-1536x864.jpg 1536w, https:\/\/www.tgrthaber.com\/mavikadin\/wp-content\/uploads\/kizilcik-serbetinde-nursema-giydigi-ceket-ve-etek-kombini.jpg 1920w\" sizes=\"(max-width: 1208px) 100vw, 1208px\" \/><\/p>\n<hr \/>\n<ul>\n<li>Be Blue &#8211; Ekose desenli atk\u0131l\u0131 ceket &#8211; 1.975,90\u00a0TL<\/li>\n<li>Manuka \u2013 B\u00fczg\u00fcl\u00fc etek &#8211; Katy gabardin b\u00fczg\u00fcl\u00fc etek siyah &#8211; 1.019,92 TL<\/li>\n<\/ul>\n<p><img loading=\"lazy\" decoding=\"async\" class=\"alignnone wp-image-113649\" src=\"https:\/\/www.tgrthaber.com\/mavikadin\/wp-content\/uploads\/kizilcik-serbetinde-nursema-giydigi-gomlek-ve-pantolon-koombini--300x169.jpg\" alt=\"k\u0131z\u0131lc\u0131k \u015ferbetinde nursema giydi\u011fi g\u00f6mlek ve pantolon koombini\" width=\"1208\" height=\"680\" title=\"\" srcset=\"https:\/\/www.tgrthaber.com\/mavikadin\/wp-content\/uploads\/kizilcik-serbetinde-nursema-giydigi-gomlek-ve-pantolon-koombini--300x169.jpg 300w, https:\/\/www.tgrthaber.com\/mavikadin\/wp-content\/uploads\/kizilcik-serbetinde-nursema-giydigi-gomlek-ve-pantolon-koombini--1024x576.jpg 1024w, https:\/\/www.tgrthaber.com\/mavikadin\/wp-content\/uploads\/kizilcik-serbetinde-nursema-giydigi-gomlek-ve-pantolon-koombini--768x432.jpg 768w, https:\/\/www.tgrthaber.com\/mavikadin\/wp-content\/uploads\/kizilcik-serbetinde-nursema-giydigi-gomlek-ve-pantolon-koombini--1536x864.jpg 1536w, https:\/\/www.tgrthaber.com\/mavikadin\/wp-content\/uploads\/kizilcik-serbetinde-nursema-giydigi-gomlek-ve-pantolon-koombini-.jpg 1920w\" sizes=\"(max-width: 1208px) 100vw, 1208px\" \/><\/p>\n<hr \/>\n<ul>\n<li>Manuka &#8211; Ku\u015fakl\u0131 retro tarz g\u00f6mlek amora &#8211; 849,90 TL<\/li>\n<li>Manuka &#8211; Tencel geni\u015f pa\u00e7a pantolon kahverengi &#8211; 989,91 TL<\/li>\n<\/ul>\n<p><img loading=\"lazy\" decoding=\"async\" class=\"alignnone wp-image-113654\" src=\"https:\/\/www.tgrthaber.com\/mavikadin\/wp-content\/uploads\/kizilcik-serbeti-nursema-kaban-markasi--300x169.jpg\" alt=\"k\u0131z\u0131lc\u0131k \u015ferbeti nursema kaban markas\u0131\" width=\"1208\" height=\"680\" title=\"\" srcset=\"https:\/\/www.tgrthaber.com\/mavikadin\/wp-content\/uploads\/kizilcik-serbeti-nursema-kaban-markasi--300x169.jpg 300w, https:\/\/www.tgrthaber.com\/mavikadin\/wp-content\/uploads\/kizilcik-serbeti-nursema-kaban-markasi--1024x576.jpg 1024w, https:\/\/www.tgrthaber.com\/mavikadin\/wp-content\/uploads\/kizilcik-serbeti-nursema-kaban-markasi--768x432.jpg 768w, https:\/\/www.tgrthaber.com\/mavikadin\/wp-content\/uploads\/kizilcik-serbeti-nursema-kaban-markasi--1536x864.jpg 1536w, https:\/\/www.tgrthaber.com\/mavikadin\/wp-content\/uploads\/kizilcik-serbeti-nursema-kaban-markasi-.jpg 1920w\" sizes=\"(max-width: 1208px) 100vw, 1208px\" \/><\/p>\n<hr \/>\n<ul>\n<li>Manuka &#8211; Asimetrik kapama ka\u015fe kaban vizon &#8211; 2.294,92 TL<\/li>\n<\/ul>\n<h3>KIZILCIK \u015eERBET\u0130 D\u0130Z\u0130S\u0130NDE DO\u011eA\u2019NIN KOMB\u0130NLER\u0130<\/h3>\n<p><img loading=\"lazy\" decoding=\"async\" class=\"alignnone wp-image-113646\" src=\"https:\/\/www.tgrthaber.com\/mavikadin\/wp-content\/uploads\/kizilcik-serbetinde-doganin-giydigi-Sweatshirt--300x169.jpg\" alt=\"k\u0131z\u0131lc\u0131k \u015ferbetinde do\u011fan\u0131n giydi\u011fi Sweatshirt\" width=\"1208\" height=\"680\" title=\"\" srcset=\"https:\/\/www.tgrthaber.com\/mavikadin\/wp-content\/uploads\/kizilcik-serbetinde-doganin-giydigi-Sweatshirt--300x169.jpg 300w, https:\/\/www.tgrthaber.com\/mavikadin\/wp-content\/uploads\/kizilcik-serbetinde-doganin-giydigi-Sweatshirt--1024x576.jpg 1024w, https:\/\/www.tgrthaber.com\/mavikadin\/wp-content\/uploads\/kizilcik-serbetinde-doganin-giydigi-Sweatshirt--768x432.jpg 768w, https:\/\/www.tgrthaber.com\/mavikadin\/wp-content\/uploads\/kizilcik-serbetinde-doganin-giydigi-Sweatshirt--1536x864.jpg 1536w, https:\/\/www.tgrthaber.com\/mavikadin\/wp-content\/uploads\/kizilcik-serbetinde-doganin-giydigi-Sweatshirt-.jpg 1920w\" sizes=\"(max-width: 1208px) 100vw, 1208px\" \/><\/p>\n<hr \/>\n<ul>\n<li>Aker &#8211; Antrasit Kap\u015fonlu Batik Desenli Sweatshirt\u00a0&#8211; 1.999,95 TL<\/li>\n<\/ul>\n<p>&nbsp;<\/p>\n<h3>KIZILCIK \u015eERBET\u0130 D\u0130Z\u0130S\u0130NDE KIVILCIM\u2019IN G\u0130YD\u0130\u011e\u0130 KOMB\u0130NLER<\/h3>\n<p><img loading=\"lazy\" decoding=\"async\" class=\"alignnone wp-image-113644\" src=\"https:\/\/www.tgrthaber.com\/mavikadin\/wp-content\/uploads\/Kizilcik-serbetinde-kivilcimin-giydigi-takim--300x169.jpg\" alt=\"K\u0131z\u0131lc\u0131k \u015ferbetinde k\u0131v\u0131lc\u0131m\u0131n giydi\u011fi tak\u0131m\" width=\"1208\" height=\"680\" title=\"\" srcset=\"https:\/\/www.tgrthaber.com\/mavikadin\/wp-content\/uploads\/Kizilcik-serbetinde-kivilcimin-giydigi-takim--300x169.jpg 300w, https:\/\/www.tgrthaber.com\/mavikadin\/wp-content\/uploads\/Kizilcik-serbetinde-kivilcimin-giydigi-takim--1024x576.jpg 1024w, https:\/\/www.tgrthaber.com\/mavikadin\/wp-content\/uploads\/Kizilcik-serbetinde-kivilcimin-giydigi-takim--768x432.jpg 768w, https:\/\/www.tgrthaber.com\/mavikadin\/wp-content\/uploads\/Kizilcik-serbetinde-kivilcimin-giydigi-takim--1536x864.jpg 1536w, https:\/\/www.tgrthaber.com\/mavikadin\/wp-content\/uploads\/Kizilcik-serbetinde-kivilcimin-giydigi-takim-.jpg 1920w\" sizes=\"(max-width: 1208px) 100vw, 1208px\" \/><\/p>\n<hr \/>\n<ul>\n<li>Network &#8211; Siyah Ta\u015f Aksesuarl\u0131 Crep Ceket &#8211; 11.999,00 TL<\/li>\n<li>Network &#8211; Siyah Ta\u015f Aksesuarl\u0131 Crep Pantolon &#8211; 7.999,00 TL<\/li>\n<\/ul>\n<p><img loading=\"lazy\" decoding=\"async\" class=\"alignnone wp-image-113645\" src=\"https:\/\/www.tgrthaber.com\/mavikadin\/wp-content\/uploads\/kizilcik-serbetinde-kivilcimin-giydigi-kazak--300x169.jpg\" alt=\"k\u0131z\u0131lc\u0131k \u015ferbetinde k\u0131v\u0131lc\u0131m\u0131n giydi\u011fi kazak\" width=\"1208\" height=\"680\" title=\"\" srcset=\"https:\/\/www.tgrthaber.com\/mavikadin\/wp-content\/uploads\/kizilcik-serbetinde-kivilcimin-giydigi-kazak--300x169.jpg 300w, https:\/\/www.tgrthaber.com\/mavikadin\/wp-content\/uploads\/kizilcik-serbetinde-kivilcimin-giydigi-kazak--1024x576.jpg 1024w, https:\/\/www.tgrthaber.com\/mavikadin\/wp-content\/uploads\/kizilcik-serbetinde-kivilcimin-giydigi-kazak--768x432.jpg 768w, https:\/\/www.tgrthaber.com\/mavikadin\/wp-content\/uploads\/kizilcik-serbetinde-kivilcimin-giydigi-kazak--1536x864.jpg 1536w, https:\/\/www.tgrthaber.com\/mavikadin\/wp-content\/uploads\/kizilcik-serbetinde-kivilcimin-giydigi-kazak-.jpg 1920w\" sizes=\"(max-width: 1208px) 100vw, 1208px\" \/><\/p>\n<hr \/>\n<ul>\n<li>\u0130pekyol &#8211; Angora y\u00fcnl\u00fc pel\u00fc\u015f kazak &#8211; 3.999,20 \u20ba<\/li>\n<\/ul>\n<p>&nbsp;<\/p>\n<h3>KIZILCIK \u015eERBET\u0130 D\u0130Z\u0130S\u0130NDE PEMBE\u2019N\u0130N KIYAFET KOMB\u0130NLER\u0130<\/h3>\n<p><img loading=\"lazy\" decoding=\"async\" class=\"alignnone wp-image-113647\" src=\"https:\/\/www.tgrthaber.com\/mavikadin\/wp-content\/uploads\/kizilcik-serbetinde-pembenin-giydigi-triko-takim--300x169.jpg\" alt=\"k\u0131z\u0131lc\u0131k \u015ferbetinde pembenin giydi\u011fi triko tak\u0131m\" width=\"1208\" height=\"680\" title=\"\" srcset=\"https:\/\/www.tgrthaber.com\/mavikadin\/wp-content\/uploads\/kizilcik-serbetinde-pembenin-giydigi-triko-takim--300x169.jpg 300w, https:\/\/www.tgrthaber.com\/mavikadin\/wp-content\/uploads\/kizilcik-serbetinde-pembenin-giydigi-triko-takim--1024x576.jpg 1024w, https:\/\/www.tgrthaber.com\/mavikadin\/wp-content\/uploads\/kizilcik-serbetinde-pembenin-giydigi-triko-takim--768x432.jpg 768w, https:\/\/www.tgrthaber.com\/mavikadin\/wp-content\/uploads\/kizilcik-serbetinde-pembenin-giydigi-triko-takim--1536x864.jpg 1536w, https:\/\/www.tgrthaber.com\/mavikadin\/wp-content\/uploads\/kizilcik-serbetinde-pembenin-giydigi-triko-takim-.jpg 1920w\" sizes=\"(max-width: 1208px) 100vw, 1208px\" \/><\/p>\n<hr \/>\n<ul>\n<li>Levidor &#8211; Tar\u00e7\u0131n Desenli H\u0131rkal\u0131 Triko Tak\u0131m &#8211; 2.919,00 TL<\/li>\n<\/ul>\n<p><img loading=\"lazy\" decoding=\"async\" class=\"alignnone wp-image-113650\" src=\"https:\/\/www.tgrthaber.com\/mavikadin\/wp-content\/uploads\/kizilcik-serbeti-pembenin-elbisesi-300x169.jpg\" alt=\"k\u0131z\u0131lc\u0131k \u015ferbeti pembenin elbisesi\" width=\"1208\" height=\"680\" title=\"\" srcset=\"https:\/\/www.tgrthaber.com\/mavikadin\/wp-content\/uploads\/kizilcik-serbeti-pembenin-elbisesi-300x169.jpg 300w, https:\/\/www.tgrthaber.com\/mavikadin\/wp-content\/uploads\/kizilcik-serbeti-pembenin-elbisesi-1024x576.jpg 1024w, https:\/\/www.tgrthaber.com\/mavikadin\/wp-content\/uploads\/kizilcik-serbeti-pembenin-elbisesi-768x432.jpg 768w, https:\/\/www.tgrthaber.com\/mavikadin\/wp-content\/uploads\/kizilcik-serbeti-pembenin-elbisesi-1536x864.jpg 1536w, https:\/\/www.tgrthaber.com\/mavikadin\/wp-content\/uploads\/kizilcik-serbeti-pembenin-elbisesi.jpg 1920w\" sizes=\"(max-width: 1208px) 100vw, 1208px\" \/><\/p>\n<hr \/>\n<ul>\n<li>Aker &#8211; M\u00fcrd\u00fcm Desenli \u0130\u015flemeli Elbise &#8211; 7.999,95 TL<\/li>\n<\/ul>\n<p><img loading=\"lazy\" decoding=\"async\" class=\"alignnone wp-image-113658\" src=\"https:\/\/www.tgrthaber.com\/mavikadin\/wp-content\/uploads\/kizilcik-serbetinde-pembenin-tunigi--300x169.jpg\" alt=\"k\u0131z\u0131lc\u0131k \u015ferbetinde pembenin tuni\u011fi\" width=\"1208\" height=\"680\" title=\"\" srcset=\"https:\/\/www.tgrthaber.com\/mavikadin\/wp-content\/uploads\/kizilcik-serbetinde-pembenin-tunigi--300x169.jpg 300w, https:\/\/www.tgrthaber.com\/mavikadin\/wp-content\/uploads\/kizilcik-serbetinde-pembenin-tunigi--1024x576.jpg 1024w, https:\/\/www.tgrthaber.com\/mavikadin\/wp-content\/uploads\/kizilcik-serbetinde-pembenin-tunigi--768x432.jpg 768w, https:\/\/www.tgrthaber.com\/mavikadin\/wp-content\/uploads\/kizilcik-serbetinde-pembenin-tunigi--1536x864.jpg 1536w, https:\/\/www.tgrthaber.com\/mavikadin\/wp-content\/uploads\/kizilcik-serbetinde-pembenin-tunigi-.jpg 1920w\" sizes=\"(max-width: 1208px) 100vw, 1208px\" \/><\/p>\n<hr \/>\n<ul>\n<li>Aker- Taba 15747112 Tunik &#8211; 1.199,95 TL<\/li>\n<\/ul>\n<p><img loading=\"lazy\" decoding=\"async\" class=\"alignnone wp-image-113660\" src=\"https:\/\/www.tgrthaber.com\/mavikadin\/wp-content\/uploads\/kizilcik-serbetinde-pembenin-siyah-kap-300x169.jpg\" alt=\"k\u0131z\u0131lc\u0131k \u015ferbetinde pembenin siyah kap\" width=\"1208\" height=\"680\" title=\"\" srcset=\"https:\/\/www.tgrthaber.com\/mavikadin\/wp-content\/uploads\/kizilcik-serbetinde-pembenin-siyah-kap-300x169.jpg 300w, https:\/\/www.tgrthaber.com\/mavikadin\/wp-content\/uploads\/kizilcik-serbetinde-pembenin-siyah-kap-1024x576.jpg 1024w, https:\/\/www.tgrthaber.com\/mavikadin\/wp-content\/uploads\/kizilcik-serbetinde-pembenin-siyah-kap-768x432.jpg 768w, https:\/\/www.tgrthaber.com\/mavikadin\/wp-content\/uploads\/kizilcik-serbetinde-pembenin-siyah-kap-1536x864.jpg 1536w, https:\/\/www.tgrthaber.com\/mavikadin\/wp-content\/uploads\/kizilcik-serbetinde-pembenin-siyah-kap.jpg 1920w\" sizes=\"(max-width: 1208px) 100vw, 1208px\" \/><\/p>\n<hr \/>\n<ul>\n<li>Aker &#8211; Siyah 18668112 Kap &#8211; 5.149,95 TL<\/li>\n<\/ul>\n<h3>KIZILCIK \u015eERBET\u0130 D\u0130Z\u0130S\u0130NDE ASUDE\u2019N\u0130N K\u0130YAFETLER\u0130<\/h3>\n<p><img loading=\"lazy\" decoding=\"async\" class=\"alignnone wp-image-113651\" src=\"https:\/\/www.tgrthaber.com\/mavikadin\/wp-content\/uploads\/kizilcik-serbetinde-asudenin-kurklu-mont-300x169.jpg\" alt=\"k\u0131z\u0131lc\u0131k \u015ferbetinde asudenin k\u00fcrkl\u00fc mont\" width=\"1208\" height=\"680\" title=\"\" srcset=\"https:\/\/www.tgrthaber.com\/mavikadin\/wp-content\/uploads\/kizilcik-serbetinde-asudenin-kurklu-mont-300x169.jpg 300w, https:\/\/www.tgrthaber.com\/mavikadin\/wp-content\/uploads\/kizilcik-serbetinde-asudenin-kurklu-mont-1024x576.jpg 1024w, https:\/\/www.tgrthaber.com\/mavikadin\/wp-content\/uploads\/kizilcik-serbetinde-asudenin-kurklu-mont-768x432.jpg 768w, https:\/\/www.tgrthaber.com\/mavikadin\/wp-content\/uploads\/kizilcik-serbetinde-asudenin-kurklu-mont-1536x864.jpg 1536w, https:\/\/www.tgrthaber.com\/mavikadin\/wp-content\/uploads\/kizilcik-serbetinde-asudenin-kurklu-mont.jpg 1920w\" sizes=\"(max-width: 1208px) 100vw, 1208px\" \/><\/p>\n<p>&nbsp;<\/p>\n<ul>\n<li>Aker &#8211; Siyah H\u00e2kim Yaka K\u0131sa K\u00fcrk Mont &#8211; 8.999,95 TL<\/li>\n<\/ul>\n<p><img loading=\"lazy\" decoding=\"async\" class=\"alignnone wp-image-113652\" src=\"https:\/\/www.tgrthaber.com\/mavikadin\/wp-content\/uploads\/kizilcik-serbetinde-asudenin-tunik--300x169.jpg\" alt=\"k\u0131z\u0131lc\u0131k \u015ferbetinde asudenin tunik\" width=\"1208\" height=\"680\" title=\"\" srcset=\"https:\/\/www.tgrthaber.com\/mavikadin\/wp-content\/uploads\/kizilcik-serbetinde-asudenin-tunik--300x169.jpg 300w, https:\/\/www.tgrthaber.com\/mavikadin\/wp-content\/uploads\/kizilcik-serbetinde-asudenin-tunik--1024x576.jpg 1024w, https:\/\/www.tgrthaber.com\/mavikadin\/wp-content\/uploads\/kizilcik-serbetinde-asudenin-tunik--768x432.jpg 768w, https:\/\/www.tgrthaber.com\/mavikadin\/wp-content\/uploads\/kizilcik-serbetinde-asudenin-tunik--1536x864.jpg 1536w, https:\/\/www.tgrthaber.com\/mavikadin\/wp-content\/uploads\/kizilcik-serbetinde-asudenin-tunik-.jpg 1920w\" sizes=\"(max-width: 1208px) 100vw, 1208px\" \/><\/p>\n<hr \/>\n<ul>\n<li>Aker &#8211; Pudra 15267111 Tunik\u00a0 &#8211; 1.799,95 TL<\/li>\n<\/ul>\n<p><img loading=\"lazy\" decoding=\"async\" class=\"alignnone wp-image-113655\" src=\"https:\/\/www.tgrthaber.com\/mavikadin\/wp-content\/uploads\/kizilcik-serbeti-asudenin-elbisesi--300x169.jpg\" alt=\"k\u0131z\u0131lc\u0131k \u015ferbeti asudenin elbisesi\" width=\"1208\" height=\"680\" title=\"\" srcset=\"https:\/\/www.tgrthaber.com\/mavikadin\/wp-content\/uploads\/kizilcik-serbeti-asudenin-elbisesi--300x169.jpg 300w, https:\/\/www.tgrthaber.com\/mavikadin\/wp-content\/uploads\/kizilcik-serbeti-asudenin-elbisesi--1024x576.jpg 1024w, https:\/\/www.tgrthaber.com\/mavikadin\/wp-content\/uploads\/kizilcik-serbeti-asudenin-elbisesi--768x432.jpg 768w, https:\/\/www.tgrthaber.com\/mavikadin\/wp-content\/uploads\/kizilcik-serbeti-asudenin-elbisesi--1536x864.jpg 1536w, https:\/\/www.tgrthaber.com\/mavikadin\/wp-content\/uploads\/kizilcik-serbeti-asudenin-elbisesi-.jpg 1920w\" sizes=\"(max-width: 1208px) 100vw, 1208px\" \/><\/p>\n<hr \/>\n<ul>\n<li>Aker &#8211; Siyah 18183111 Kemer Detal\u0131 Kap &#8211; 3.999,95 TL<\/li>\n<\/ul>\n","protected":false},"excerpt":{"rendered":"<p>27 Aral\u0131k Cuma g\u00fcn\u00fc ekrana gelen K\u0131z\u0131lc\u0131k \u015eerbeti, 82. b\u00f6l\u00fcm\u00fcyle reyting rekorlar\u0131n\u0131 k\u0131rmaya devam ediyor. Dizinin kad\u0131n oyuncular\u0131n\u0131n her b\u00f6l\u00fcmde giyindi\u011fi k\u0131yafetler ise takip\u00e7ileri ve hayranlar\u0131 taraf\u0131ndan merak ediliyor. \u0130\u015fte K\u0131z\u0131lc\u0131k \u015eerbeti\u2019nin 82. b\u00f6l\u00fcm\u00fcnde kad\u0131n oyuncular\u0131n giydi\u011fi k\u0131yafetlerin markalar\u0131 ve fiyatlar\u0131<\/p>\n","protected":false},"author":10,"featured_media":113661,"comment_status":"closed","ping_status":"closed","sticky":false,"template":"","format":"standard","meta":{"rank_math_lock_modified_date":false,"footnotes":""},"categories":[1305],"tags":[5057,157,6241],"class_list":["post-113643","post","type-post","status-publish","format-standard","has-post-thumbnail","hentry","category-moda","tag-dizi-kiyafetleri","tag-kizilcik-serbeti","tag-kizilcik-serbeti-kombinleri"],"_links":{"self":[{"href":"https:\/\/www.tgrthaber.com\/mavikadin\/wp-json\/wp\/v2\/posts\/113643"}],"collection":[{"href":"https:\/\/www.tgrthaber.com\/mavikadin\/wp-json\/wp\/v2\/posts"}],"about":[{"href":"https:\/\/www.tgrthaber.com\/mavikadin\/wp-json\/wp\/v2\/types\/post"}],"author":[{"embeddable":true,"href":"https:\/\/www.tgrthaber.com\/mavikadin\/wp-json\/wp\/v2\/users\/10"}],"replies":[{"embeddable":true,"href":"https:\/\/www.tgrthaber.com\/mavikadin\/wp-json\/wp\/v2\/comments?post=113643"}],"version-history":[{"count":1,"href":"https:\/\/www.tgrthaber.com\/mavikadin\/wp-json\/wp\/v2\/posts\/113643\/revisions"}],"predecessor-version":[{"id":113662,"href":"https:\/\/www.tgrthaber.com\/mavikadin\/wp-json\/wp\/v2\/posts\/113643\/revisions\/113662"}],"wp:featuredmedia":[{"embeddable":true,"href":"https:\/\/www.tgrthaber.com\/mavikadin\/wp-json\/wp\/v2\/media\/113661"}],"wp:attachment":[{"href":"https:\/\/www.tgrthaber.com\/mavikadin\/wp-json\/wp\/v2\/media?parent=113643"}],"wp:term":[{"taxonomy":"category","embeddable":true,"href":"https:\/\/www.tgrthaber.com\/mavikadin\/wp-json\/wp\/v2\/categories?post=113643"},{"taxonomy":"post_tag","embeddable":true,"href":"https:\/\/www.tgrthaber.com\/mavikadin\/wp-json\/wp\/v2\/tags?post=113643"}],"curies":[{"name":"wp","href":"https:\/\/api.w.org\/{rel}","templated":true}]}}