{"id":114015,"date":"2025-01-15T20:06:08","date_gmt":"2025-01-15T17:06:08","guid":{"rendered":"https:\/\/www.tgrthaber.com\/mavikadin\/?p=114015"},"modified":"2025-01-15T20:17:39","modified_gmt":"2025-01-15T17:17:39","slug":"sakir-pasa-ailesi-ile-yeniden-gundem-oldu-sakir-pasanin-kizi-aliye-berger-kimdir-hayati-ve-basarilari","status":"publish","type":"post","link":"https:\/\/www.tgrthaber.com\/mavikadin\/sakir-pasa-ailesi-ile-yeniden-gundem-oldu-sakir-pasanin-kizi-aliye-berger-kimdir-hayati-ve-basarilari\/","title":{"rendered":"\u015eakir Pa\u015fa Ailesi ile yeniden g\u00fcndem oldu! \u015eakir Pa\u015fa\u2019n\u0131n k\u0131z\u0131 Aliye Berger kimdir? Hayat\u0131 ve ba\u015far\u0131lar\u0131"},"content":{"rendered":"<p>\u015eakir Pa\u015fa Ailesi dizisi, Now TV\u2019nin en dikkat \u00e7eken yap\u0131mlar\u0131ndan biri olarak pazar ak\u015famlar\u0131 izleyiciyle bulu\u015fuyor. Dizi Osmanl\u0131\u2019n\u0131n k\u00f6kl\u00fc ailelerinden \u015eakir Pa\u015fa ailesinin ilham veren hikayesi, g\u00fc\u00e7l\u00fc kadrosu ve s\u00fcr\u00fckleyici anlat\u0131m\u0131yla b\u00fcy\u00fck ilgi g\u00f6r\u00fcyor. \u015eakir Pa\u015fa Ailesi: Mucizeler ve Skandallar dizisini izleyenler \u00f6zellikle Aliye Berger&#8217;i merak ediliyor. Peki, \u015eakir Pa\u015fa&#8217;n\u0131n k\u0131z\u0131 Aliye Berger kimdir?<\/p>\n<h3>\u015eAK\u0130R PA\u015eA&#8217;NIN KIZI AL\u0130YE BERGER K\u0130MD\u0130R?<\/h3>\n<p>24 Aral\u0131k 1903\u2019te B\u00fcy\u00fckada\u2019da d\u00fcnyaya gelen Aliye Berger, Osmanl\u0131 Devleti\u2019nin sayg\u0131n b\u00fcrokratlar\u0131ndan Mehmed \u015eakir Pa\u015fa\u2019n\u0131n k\u0131z\u0131d\u0131r. Girit k\u00f6kenli Sare \u0130smet Han\u0131m\u2019dan do\u011fma olan Aliye, alt\u0131 karde\u015fli ailenin en k\u00fc\u00e7\u00fck ferdiydi. Ressam Fahr\u00fcnnisa Zeyd ve yazar Halikarnas Bal\u0131k\u00e7\u0131s\u0131\u2019n\u0131n karde\u015fi olan Berger, sanata olan ilgisini ailesinden ald\u0131.<\/p>\n<p><img loading=\"lazy\" decoding=\"async\" class=\"alignnone size-full wp-image-114017\" src=\"https:\/\/www.tgrthaber.com\/mavikadin\/wp-content\/uploads\/Yeni-Proje-34-1.jpg\" alt=\"\" width=\"1208\" height=\"680\" title=\"\" srcset=\"https:\/\/www.tgrthaber.com\/mavikadin\/wp-content\/uploads\/Yeni-Proje-34-1.jpg 1208w, https:\/\/www.tgrthaber.com\/mavikadin\/wp-content\/uploads\/Yeni-Proje-34-1-300x169.jpg 300w, https:\/\/www.tgrthaber.com\/mavikadin\/wp-content\/uploads\/Yeni-Proje-34-1-1024x576.jpg 1024w, https:\/\/www.tgrthaber.com\/mavikadin\/wp-content\/uploads\/Yeni-Proje-34-1-768x432.jpg 768w\" sizes=\"(max-width: 1208px) 100vw, 1208px\" \/><\/p>\n<hr \/>\n<p>Notre Dame de Sion Frans\u0131z Lisesi\u2019nde e\u011fitim alan Berger, resim ve piyano dersleriyle yeteneklerini geli\u015ftirdi. Macar keman virt\u00fc\u00f6z\u00fc Karl Berger ile yollar\u0131 kesi\u015fen Aliye, bu ili\u015fkiyi y\u0131llar s\u00fcren bir birlikteli\u011fe d\u00f6n\u00fc\u015ft\u00fcrd\u00fc.<\/p>\n<p>Sanata olan ilgisi, 1935-1939 y\u0131llar\u0131 aras\u0131nda karde\u015fi Fahr\u00fcnnisa Zeyd\u2019in yan\u0131nda Berlin ve Paris\u2019te kald\u0131\u011f\u0131 d\u00f6nemde daha da derinle\u015fti. 1947\u2019de evlendi\u011fi Karl Berger\u2019i alt\u0131 ay sonra kaybetti\u011finde, Londra\u2019da grav\u00fcr \u00e7al\u0131\u015fmalar\u0131na y\u00f6neldi. John Buckland Wright\u2019\u0131n at\u00f6lyesinde e\u011fitim ald\u0131 ve 1951\u2019de T\u00fcrkiye\u2019ye d\u00f6nd\u00fc\u011f\u00fcnde 150 grav\u00fcrl\u00fck bir koleksiyonla sanat d\u00fcnyas\u0131na ad\u0131m att\u0131.<\/p>\n<p><img loading=\"lazy\" decoding=\"async\" class=\"alignnone size-full wp-image-114018\" src=\"https:\/\/www.tgrthaber.com\/mavikadin\/wp-content\/uploads\/Yeni-Proje-35-1.jpg\" alt=\"\" width=\"1208\" height=\"680\" title=\"\" srcset=\"https:\/\/www.tgrthaber.com\/mavikadin\/wp-content\/uploads\/Yeni-Proje-35-1.jpg 1208w, https:\/\/www.tgrthaber.com\/mavikadin\/wp-content\/uploads\/Yeni-Proje-35-1-300x169.jpg 300w, https:\/\/www.tgrthaber.com\/mavikadin\/wp-content\/uploads\/Yeni-Proje-35-1-1024x576.jpg 1024w, https:\/\/www.tgrthaber.com\/mavikadin\/wp-content\/uploads\/Yeni-Proje-35-1-768x432.jpg 768w\" sizes=\"(max-width: 1208px) 100vw, 1208px\" \/><\/p>\n<hr \/>\n<h3>RES\u0130M YARI\u015eMASINDA B\u0130R\u0130NC\u0130 OLDU<\/h3>\n<p>Aliye Berger, 1954 y\u0131l\u0131nda Yap\u0131 Kredi Bankas\u0131\u2019n\u0131n d\u00fczenledi\u011fi resim yar\u0131\u015fmas\u0131nda \u201cG\u00fcne\u015fin Do\u011fu\u015fu\u201d adl\u0131 ya\u011fl\u0131 boya eseriyle birinci oldu ve sanat \u00e7evrelerinde tan\u0131nmaya ba\u015flad\u0131. Ayn\u0131 y\u0131l 2. Tahran Bienali\u2019nde ald\u0131\u011f\u0131 ikincilik \u00f6d\u00fcl\u00fc, uluslararas\u0131 ba\u015far\u0131lar\u0131n\u0131n kap\u0131s\u0131n\u0131 aralad\u0131.<br \/>\nSanat\u00e7\u0131, genellikle siyah-beyaz grav\u00fcr teknikleriyle dikkat \u00e7ekti. \u0130stanbul\u2019un g\u00fcnl\u00fck hayat\u0131n\u0131, ger\u00e7ek\u00e7i ve fantastik unsurlarla harmanlad\u0131\u011f\u0131 eserlerinde z\u0131mpara ka\u011f\u0131d\u0131 ve t\u00fclbent gibi \u00f6zg\u00fcn malzemeler kulland\u0131.<\/p>\n<p><img loading=\"lazy\" decoding=\"async\" class=\"alignnone size-full wp-image-114019\" src=\"https:\/\/www.tgrthaber.com\/mavikadin\/wp-content\/uploads\/Yeni-Proje-36-1.jpg\" alt=\"\" width=\"1208\" height=\"680\" title=\"\" srcset=\"https:\/\/www.tgrthaber.com\/mavikadin\/wp-content\/uploads\/Yeni-Proje-36-1.jpg 1208w, https:\/\/www.tgrthaber.com\/mavikadin\/wp-content\/uploads\/Yeni-Proje-36-1-300x169.jpg 300w, https:\/\/www.tgrthaber.com\/mavikadin\/wp-content\/uploads\/Yeni-Proje-36-1-1024x576.jpg 1024w, https:\/\/www.tgrthaber.com\/mavikadin\/wp-content\/uploads\/Yeni-Proje-36-1-768x432.jpg 768w\" sizes=\"(max-width: 1208px) 100vw, 1208px\" \/><\/p>\n<p>Aliye Berger, ya\u015fam\u0131 boyunca a\u00e7t\u0131\u011f\u0131 on iki \u00f6zel sergi ve kat\u0131ld\u0131\u011f\u0131 k\u0131rk sekiz karma sergiyle T\u00fcrk sanat\u0131nda \u00f6nemli bir yer edindi. Eserleri \u0130stanbul Resim ve Heykel M\u00fczesi ile Viyana\u2019daki Albertina M\u00fczesi\u2019nde sergilenmeye devam ediyor.<\/p>\n<h3>DO\u011eUM G\u00dcN\u00dcNDE AL\u0130YE BERGER \u0130\u00c7\u0130N DOODLE<\/h3>\n<p>Son olarak, Google taraf\u0131ndan 117. do\u011fum g\u00fcn\u00fcnde \u201cDoodle\u201d ile onurland\u0131r\u0131lan Berger, sanat tarihindeki unutulmaz yerini koruyor. \u015eakir Pa\u015fa Ailesi dizisiyle hayat\u0131 yeniden g\u00fcndeme gelen Aliye Berger, hem sanat\u0131 hem de ya\u015fam hikayesiyle merak ediliyor.<\/p>\n<p><img loading=\"lazy\" decoding=\"async\" class=\"alignnone size-full wp-image-114020\" src=\"https:\/\/www.tgrthaber.com\/mavikadin\/wp-content\/uploads\/Yeni-Proje-38-1.jpg\" alt=\"\" width=\"1208\" height=\"680\" title=\"\" srcset=\"https:\/\/www.tgrthaber.com\/mavikadin\/wp-content\/uploads\/Yeni-Proje-38-1.jpg 1208w, https:\/\/www.tgrthaber.com\/mavikadin\/wp-content\/uploads\/Yeni-Proje-38-1-300x169.jpg 300w, https:\/\/www.tgrthaber.com\/mavikadin\/wp-content\/uploads\/Yeni-Proje-38-1-1024x576.jpg 1024w, https:\/\/www.tgrthaber.com\/mavikadin\/wp-content\/uploads\/Yeni-Proje-38-1-768x432.jpg 768w\" sizes=\"(max-width: 1208px) 100vw, 1208px\" \/><\/p>\n<hr \/>\n<h3>\u015eAK\u0130R PA\u015eA A\u0130LES\u0130&#8217;NDE AL\u0130YE BERGER&#8217;\u0130 K\u0130M OYNUYOR?<\/h3>\n<p>\u015eakir Pa\u015fa Ailesi dizisinde gen\u00e7 Aliye Berger\u2019i 9 ya\u015f\u0131ndaki yetenekli oyuncu Azra Aksu canland\u0131r\u0131yor. Hen\u00fcz 1 ya\u015f\u0131ndan itibaren reklam filmlerinde yer alan Aksu, \u201c\u00c7ocukluk\u201d, \u201cBaht Oyunu\u201d ve \u201cBir K\u00fc\u00e7\u00fck G\u00fcn I\u015f\u0131\u011f\u0131\u201d dizilerindeki performanslar\u0131yla dikkat \u00e7ekti. Azra Aksu, bu projede sergiledi\u011fi do\u011fal oyunculukla izleyicilerin be\u011fenisini topluyor.<\/p>\n<p><img loading=\"lazy\" decoding=\"async\" class=\"alignnone size-full wp-image-114021\" src=\"https:\/\/www.tgrthaber.com\/mavikadin\/wp-content\/uploads\/Yeni-Proje-37-1.jpg\" alt=\"\" width=\"1208\" height=\"680\" title=\"\" srcset=\"https:\/\/www.tgrthaber.com\/mavikadin\/wp-content\/uploads\/Yeni-Proje-37-1.jpg 1208w, https:\/\/www.tgrthaber.com\/mavikadin\/wp-content\/uploads\/Yeni-Proje-37-1-300x169.jpg 300w, https:\/\/www.tgrthaber.com\/mavikadin\/wp-content\/uploads\/Yeni-Proje-37-1-1024x576.jpg 1024w, https:\/\/www.tgrthaber.com\/mavikadin\/wp-content\/uploads\/Yeni-Proje-37-1-768x432.jpg 768w\" sizes=\"(max-width: 1208px) 100vw, 1208px\" \/><\/p>\n","protected":false},"excerpt":{"rendered":"<p>\u015eakir Pa\u015fa Ailesi dizisiyle yeniden g\u00fcndeme gelen T\u00fcrk sanat\u0131n\u0131n \u00f6nc\u00fc isimlerinden Aliye Berger&#8217;in hayat\u0131 ve eserleri merak konusu oldu. Aliye Berger\u2019i dizide Azra Aksu canland\u0131r\u0131yor. Peki \u015eakir Pa\u015fa&#8217;n\u0131n k\u0131z\u0131, ayn\u0131 zamanda Cevat \u015eakir&#8217;in k\u0131z karde\u015fi Aliye Berger kimdir?<\/p>\n","protected":false},"author":4,"featured_media":114016,"comment_status":"closed","ping_status":"closed","sticky":false,"template":"","format":"standard","meta":{"rank_math_lock_modified_date":false,"footnotes":""},"categories":[491],"tags":[6350,6351,3379,4510,2324],"class_list":["post-114015","post","type-post","status-publish","format-standard","has-post-thumbnail","hentry","category-biyografi","tag-aliye-berger","tag-aliye-berger-kim","tag-cevat-sakir","tag-sakir-pasa","tag-sakir-pasa-ailesi"],"_links":{"self":[{"href":"https:\/\/www.tgrthaber.com\/mavikadin\/wp-json\/wp\/v2\/posts\/114015"}],"collection":[{"href":"https:\/\/www.tgrthaber.com\/mavikadin\/wp-json\/wp\/v2\/posts"}],"about":[{"href":"https:\/\/www.tgrthaber.com\/mavikadin\/wp-json\/wp\/v2\/types\/post"}],"author":[{"embeddable":true,"href":"https:\/\/www.tgrthaber.com\/mavikadin\/wp-json\/wp\/v2\/users\/4"}],"replies":[{"embeddable":true,"href":"https:\/\/www.tgrthaber.com\/mavikadin\/wp-json\/wp\/v2\/comments?post=114015"}],"version-history":[{"count":4,"href":"https:\/\/www.tgrthaber.com\/mavikadin\/wp-json\/wp\/v2\/posts\/114015\/revisions"}],"predecessor-version":[{"id":122068,"href":"https:\/\/www.tgrthaber.com\/mavikadin\/wp-json\/wp\/v2\/posts\/114015\/revisions\/122068"}],"wp:featuredmedia":[{"embeddable":true,"href":"https:\/\/www.tgrthaber.com\/mavikadin\/wp-json\/wp\/v2\/media\/114016"}],"wp:attachment":[{"href":"https:\/\/www.tgrthaber.com\/mavikadin\/wp-json\/wp\/v2\/media?parent=114015"}],"wp:term":[{"taxonomy":"category","embeddable":true,"href":"https:\/\/www.tgrthaber.com\/mavikadin\/wp-json\/wp\/v2\/categories?post=114015"},{"taxonomy":"post_tag","embeddable":true,"href":"https:\/\/www.tgrthaber.com\/mavikadin\/wp-json\/wp\/v2\/tags?post=114015"}],"curies":[{"name":"wp","href":"https:\/\/api.w.org\/{rel}","templated":true}]}}