{"id":114038,"date":"2024-12-29T09:44:15","date_gmt":"2024-12-29T06:44:15","guid":{"rendered":"https:\/\/www.tgrthaber.com\/mavikadin\/?p=114038"},"modified":"2024-12-29T09:44:15","modified_gmt":"2024-12-29T06:44:15","slug":"o-ses-turkiye-yilbasi-ozel-programinda-mina-demirtas-heyecani-sosyal-medyayi-salladi","status":"publish","type":"post","link":"https:\/\/www.tgrthaber.com\/mavikadin\/o-ses-turkiye-yilbasi-ozel-programinda-mina-demirtas-heyecani-sosyal-medyayi-salladi\/","title":{"rendered":"O Ses T\u00fcrkiye Y\u0131lba\u015f\u0131 \u00d6zel program\u0131nda Mina Demirta\u015f heyecan\u0131! Sosyal medyay\u0131 sallad\u0131"},"content":{"rendered":"<p>K\u0131z\u0131l Goncalar dizisinde Zeynep karakterine can veren Mina Demirta\u015f, O Ses T\u00fcrkiye Y\u0131lba\u015f\u0131 program\u0131na konuk oldu. O Ses T\u00fcrkiye Y\u0131lba\u015f\u0131 program\u0131n\u0131n fragman\u0131n\u0131n yay\u0131mlanmas\u0131 \u00fczerine ba\u015far\u0131l\u0131 oyuncu sosyal medyada g\u00fcndem oldu. Ba\u015far\u0131l\u0131 oyuncu sesi ve g\u00fczelli\u011fiyle sosyal medyay\u0131 adeta sallad\u0131. Demirta\u015f\u2019a bir\u00e7ok sosyal medya kullan\u0131c\u0131s\u0131 g\u00fczel yorumlarda bulundu.<\/p>\n<h3>O SES T\u00dcRK\u0130YE YILBA\u015eI \u00d6ZEL PROGRAMINDA M\u0130NA DEM\u0130RTA\u015e HEYECANI!<\/h3>\n<p>NOW TV ekranlar\u0131n\u0131n iddial\u0131 dizileri aras\u0131nda yer alan K\u0131z\u0131l Goncalar dizisinde \u201cZeynep\u201d karakterine hayat veren Mina Demirta\u015f, O Ses T\u00fcrkiye Y\u0131lba\u015f\u0131 \u00d6zel program\u0131na kat\u0131lan \u00fcnl\u00fcler aras\u0131nda yer alm\u0131\u015ft\u0131. Ge\u00e7ti\u011fimiz g\u00fcn O Ses T\u00fcrkiye Y\u0131lba\u015f\u0131 \u00d6zel program\u0131 fragman\u0131n\u0131n yay\u0131mlanmas\u0131 \u00fczerine ba\u015far\u0131l\u0131 oyuncu Demirta\u015f, sosyal medyada g\u00fcndem oldu. G\u00fczelli\u011fi ve ba\u015far\u0131l\u0131 performans\u0131yla \u015fimdiden herkesi etkileyen Demirta\u015f, sosyal medya kullan\u0131c\u0131lar\u0131n\u0131n be\u011fenisini toplad\u0131.<\/p>\n<p><img loading=\"lazy\" decoding=\"async\" class=\"alignnone wp-image-114039\" src=\"https:\/\/www.tgrthaber.com\/mavikadin\/wp-content\/uploads\/Adsiz-tasarim-49-7-1024x576.jpg\" alt=\"O Ses T\u00fcrkiye Y\u0131lba\u015f\u0131 \u00d6zel program\u0131nda Mina Demirta\u015f heyecan\u0131! \" width=\"1208\" height=\"680\" title=\"\" srcset=\"https:\/\/www.tgrthaber.com\/mavikadin\/wp-content\/uploads\/Adsiz-tasarim-49-7-1024x576.jpg 1024w, https:\/\/www.tgrthaber.com\/mavikadin\/wp-content\/uploads\/Adsiz-tasarim-49-7-300x169.jpg 300w, https:\/\/www.tgrthaber.com\/mavikadin\/wp-content\/uploads\/Adsiz-tasarim-49-7-768x432.jpg 768w, https:\/\/www.tgrthaber.com\/mavikadin\/wp-content\/uploads\/Adsiz-tasarim-49-7-1536x864.jpg 1536w, https:\/\/www.tgrthaber.com\/mavikadin\/wp-content\/uploads\/Adsiz-tasarim-49-7.jpg 1600w\" sizes=\"(max-width: 1208px) 100vw, 1208px\" \/><\/p>\n<hr \/>\n<p>Ba\u015far\u0131l\u0131 oyuncu Mina Demirta\u015f, sesi ve g\u00fczelli\u011fiyle adeta sosyal medyay\u0131 sallad\u0131. 31 Aral\u0131k ak\u015fam\u0131 ekranlara gelecek O Ses T\u00fcrkiye Y\u0131lba\u015f\u0131 \u00d6zel program\u0131n\u0131n fragman\u0131n\u0131n yay\u0131mlanmas\u0131 herkesi heyecanland\u0131rd\u0131. Program\u0131n \u00e7ok k\u0131sa bir b\u00f6l\u00fcm\u00fcnde yer alan Demirta\u015f ise sosyal medyada g\u00fcndem oldu. Demirta\u015f\u2019\u0131n g\u00fczelli\u011fi ve sesi herkesi heyecanland\u0131rd\u0131. Daha program\u0131n tamam\u0131 yay\u0131mlanmadan ba\u015far\u0131l\u0131 oyuncu sosyal medyada b\u00fcy\u00fck bir be\u011feni kazand\u0131.<\/p>\n<p>&nbsp;<\/p>\n<h3>SES\u0130 VE G\u00dcZELL\u0130\u011e\u0130YLE SOSYAL MEDYAYI SALLADI!<\/h3>\n<p>K\u0131z\u0131l Goncalar dizisiyle ad\u0131n\u0131 duyuran ve ba\u015far\u0131l\u0131 performans\u0131yla s\u0131k s\u0131k g\u00fcndem olan Mina Demirta\u015f, bu kez ses ve g\u00fczelli\u011fiyle sosyal medyan\u0131n diline d\u00fc\u015ft\u00fc. Ba\u015far\u0131l\u0131 oyunculu\u011funun yan\u0131 s\u0131ra TV 8 ekranlar\u0131n\u0131n sevilen program\u0131 O Ses T\u00fcrkiye Y\u0131lba\u015f\u0131 \u00d6zel\u2019de \u015fark\u0131 s\u00f6yleyecek olan Demirta\u015f, sesi ve g\u00fczelli\u011fiyle herkesi etkiledi. O Ses T\u00fcrkiye Y\u0131lba\u015f\u0131 \u00d6zel program\u0131n\u0131n fragman\u0131nda sadece 4 saniyelik bir k\u0131s\u0131mda yer alan Demirta\u015f, k\u0131sa s\u00fcrede sosyal medyada g\u00fcndem olmay\u0131 ba\u015fard\u0131.<\/p>\n<p><img loading=\"lazy\" decoding=\"async\" class=\"alignnone wp-image-114040\" src=\"https:\/\/www.tgrthaber.com\/mavikadin\/wp-content\/uploads\/Adsiz-tasarim-53-8-1024x576.jpg\" alt=\"O Ses T\u00fcrkiye Y\u0131lba\u015f\u0131 \u00d6zel program\u0131nda Mina Demirta\u015f heyecan\u0131\" width=\"1208\" height=\"680\" title=\"\" srcset=\"https:\/\/www.tgrthaber.com\/mavikadin\/wp-content\/uploads\/Adsiz-tasarim-53-8-1024x576.jpg 1024w, https:\/\/www.tgrthaber.com\/mavikadin\/wp-content\/uploads\/Adsiz-tasarim-53-8-300x169.jpg 300w, https:\/\/www.tgrthaber.com\/mavikadin\/wp-content\/uploads\/Adsiz-tasarim-53-8-768x432.jpg 768w, https:\/\/www.tgrthaber.com\/mavikadin\/wp-content\/uploads\/Adsiz-tasarim-53-8-1536x864.jpg 1536w, https:\/\/www.tgrthaber.com\/mavikadin\/wp-content\/uploads\/Adsiz-tasarim-53-8.jpg 1600w\" sizes=\"(max-width: 1208px) 100vw, 1208px\" \/><\/p>\n<hr \/>\n<p>\u0130\u015fte sosyal medyay\u0131 sallayan, O Ses T\u00fcrkiye Y\u0131lba\u015f\u0131 \u00d6zel program\u0131nda yer alan Mina Demirta\u015f videosu\u2026<\/p>\n<div style=\"width: 640px;\" class=\"wp-video\"><!--[if lt IE 9]><script>document.createElement('video');<\/script><![endif]-->\n<video class=\"wp-video-shortcode\" id=\"video-114038-1\" width=\"640\" height=\"360\" preload=\"metadata\" controls=\"controls\"><source type=\"video\/mp4\" src=\"https:\/\/www.tgrthaber.com\/mavikadin\/wp-content\/uploads\/Adsiz-580-x-485-piksel-1600-x-900-piksel-8.mp4?_=1\" \/><a href=\"https:\/\/www.tgrthaber.com\/mavikadin\/wp-content\/uploads\/Adsiz-580-x-485-piksel-1600-x-900-piksel-8.mp4\">https:\/\/www.tgrthaber.com\/mavikadin\/wp-content\/uploads\/Adsiz-580-x-485-piksel-1600-x-900-piksel-8.mp4<\/a><\/video><\/div>\n<hr \/>\n<p>Ba\u015far\u0131l\u0131 oyuncu Mina Demirta\u015f\u2019a X platformundan sosyal medya kullan\u0131c\u0131lar\u0131 arac\u0131l\u0131\u011f\u0131yla bir\u00e7ok yorum yap\u0131ld\u0131. Demirta\u015f\u2019\u0131n 4 saniyelik videosu k\u0131sa s\u00fcrede h\u0131zla yay\u0131l\u0131rken, \u00fcnl\u00fc oyuncuya be\u011feni ve yorum ya\u011fd\u0131. Ba\u015far\u0131l\u0131 oyuncuyu dizi d\u0131\u015f\u0131nda O Ses T\u00fcrkiye Y\u0131lba\u015f\u0131 \u00d6zel program\u0131nda g\u00f6ren hayranlar\u0131 heyecanlar\u0131n\u0131 dile getirdi. Ba\u015far\u0131l\u0131 oyuncuyu O Ses T\u00fcrkiye Y\u0131lba\u015f\u0131 \u00d6zel program\u0131nda izlemeye sab\u0131rs\u0131zlanan hayranlar\u0131, Demirta\u015f\u2019\u0131 sahnede g\u00f6rebilmek i\u00e7in g\u00fcn say\u0131yor.<\/p>\n<p><img loading=\"lazy\" decoding=\"async\" class=\"alignnone wp-image-114042\" src=\"https:\/\/www.tgrthaber.com\/mavikadin\/wp-content\/uploads\/Adsiz-tasarim-51-6-1024x576.jpg\" alt=\"O Ses T\u00fcrkiye Y\u0131lba\u015f\u0131 \u00d6zel program\u0131nda Mina Demirta\u015f heyecan\u0131\" width=\"1208\" height=\"680\" title=\"\" srcset=\"https:\/\/www.tgrthaber.com\/mavikadin\/wp-content\/uploads\/Adsiz-tasarim-51-6-1024x576.jpg 1024w, https:\/\/www.tgrthaber.com\/mavikadin\/wp-content\/uploads\/Adsiz-tasarim-51-6-300x169.jpg 300w, https:\/\/www.tgrthaber.com\/mavikadin\/wp-content\/uploads\/Adsiz-tasarim-51-6-768x432.jpg 768w, https:\/\/www.tgrthaber.com\/mavikadin\/wp-content\/uploads\/Adsiz-tasarim-51-6-1536x864.jpg 1536w, https:\/\/www.tgrthaber.com\/mavikadin\/wp-content\/uploads\/Adsiz-tasarim-51-6.jpg 1600w\" sizes=\"(max-width: 1208px) 100vw, 1208px\" \/><\/p>\n<hr \/>\n<h3>M\u0130NA DEM\u0130RTA\u015e\u2019A BE\u011eEN\u0130 VE YORUM YA\u011eDI!<\/h3>\n<p>O Ses T\u00fcrkiye Y\u0131lba\u015f\u0131 \u00d6zel program\u0131 fragman\u0131n\u0131n yay\u0131mlanmas\u0131yla birlikte K\u0131z\u0131l Goncalar\u2019\u0131n Zeynep\u2019i Mina Demirta\u015f\u2019a sosyal medyada yorum ve be\u011feni ya\u011fd\u0131. \u00dcnl\u00fc oyuncu \u00e7ok k\u0131sa s\u00fcrede X platformunda g\u00fcndem olurken, hayranlar\u0131n\u0131n b\u00fcy\u00fck be\u011fenisini de kazanmay\u0131 ba\u015fard\u0131.<\/p>\n<p><img loading=\"lazy\" decoding=\"async\" class=\"alignnone wp-image-114043\" src=\"https:\/\/www.tgrthaber.com\/mavikadin\/wp-content\/uploads\/Adsiz-tasarim-52-7-1024x576.jpg\" alt=\"O Ses T\u00fcrkiye Y\u0131lba\u015f\u0131 \u00d6zel program\u0131nda Mina Demirta\u015f heyecan\u0131\" width=\"1208\" height=\"680\" title=\"\" srcset=\"https:\/\/www.tgrthaber.com\/mavikadin\/wp-content\/uploads\/Adsiz-tasarim-52-7-1024x576.jpg 1024w, https:\/\/www.tgrthaber.com\/mavikadin\/wp-content\/uploads\/Adsiz-tasarim-52-7-300x169.jpg 300w, https:\/\/www.tgrthaber.com\/mavikadin\/wp-content\/uploads\/Adsiz-tasarim-52-7-768x432.jpg 768w, https:\/\/www.tgrthaber.com\/mavikadin\/wp-content\/uploads\/Adsiz-tasarim-52-7-1536x864.jpg 1536w, https:\/\/www.tgrthaber.com\/mavikadin\/wp-content\/uploads\/Adsiz-tasarim-52-7.jpg 1600w\" sizes=\"(max-width: 1208px) 100vw, 1208px\" \/><\/p>\n<hr \/>\n<p>O Ses T\u00fcrkiye Y\u0131lba\u015f\u0131 \u00d6zel program\u0131 fragman\u0131n\u0131n \u00e7ok k\u00fc\u00e7\u00fck bir b\u00f6l\u00fcm\u00fcnde yer almas\u0131na ra\u011fmen sosyal medyada b\u00fcy\u00fck yank\u0131 uyand\u0131ran Mina Demirta\u015f, g\u00fczelli\u011fi ve performans\u0131yla \u015fimdiden herkesi etkilemeyi ba\u015fard\u0131. Ba\u015far\u0131l\u0131 oyuncu Demirta\u015f\u2019a be\u011feni ve yorum ya\u011fd\u0131.<\/p>\n<p>Sosyal medya kullan\u0131c\u0131lar\u0131 Demirta\u015f\u2019 a \u201c\u015eu g\u00fczelli\u011fi izlememize son 2 g\u00fcn\u201d, \u201cMina ne kadar g\u00fczel c\u0131v\u0131l c\u0131v\u0131l bakt\u0131k\u00e7a i\u00e7im a\u00e7\u0131l\u0131yor\u201d, \u201cSadece 4 saniyelik video ile TT oldu\u201d, \u201cD\u00fcnyan\u0131n en g\u00fczel k\u0131z\u0131\u201d gibi yorumlarda bulundu. \u00dcnl\u00fc oyuncu k\u0131sa bir s\u00fcrede sosyal medyada g\u00fcndem olarak herkesi g\u00fczelli\u011fi ve sesiyle etkiledi.<\/p>\n","protected":false},"excerpt":{"rendered":"<p>K\u0131z\u0131l Goncalar\u2019\u0131n Zeynep\u2019i Mina Demirta\u015f, O Ses T\u00fcrkiye Y\u0131lba\u015f\u0131 \u00d6zel program\u0131n\u0131n fragman\u0131n\u0131n yay\u0131mlanmas\u0131 \u00fczerine sosyal medyada g\u00fcndem oldu. G\u00fczel oyuncu sesi ve g\u00fczelli\u011fiyle \u015fimdiden b\u00fcy\u00fck be\u011feni kazand\u0131. <\/p>\n","protected":false},"author":26,"featured_media":114044,"comment_status":"closed","ping_status":"closed","sticky":false,"template":"","format":"standard","meta":{"rank_math_lock_modified_date":false,"footnotes":""},"categories":[76],"tags":[2306,2863],"class_list":["post-114038","post","type-post","status-publish","format-standard","has-post-thumbnail","hentry","category-magazin","tag-kizil-goncalar","tag-mina-demirtas"],"_links":{"self":[{"href":"https:\/\/www.tgrthaber.com\/mavikadin\/wp-json\/wp\/v2\/posts\/114038"}],"collection":[{"href":"https:\/\/www.tgrthaber.com\/mavikadin\/wp-json\/wp\/v2\/posts"}],"about":[{"href":"https:\/\/www.tgrthaber.com\/mavikadin\/wp-json\/wp\/v2\/types\/post"}],"author":[{"embeddable":true,"href":"https:\/\/www.tgrthaber.com\/mavikadin\/wp-json\/wp\/v2\/users\/26"}],"replies":[{"embeddable":true,"href":"https:\/\/www.tgrthaber.com\/mavikadin\/wp-json\/wp\/v2\/comments?post=114038"}],"version-history":[{"count":1,"href":"https:\/\/www.tgrthaber.com\/mavikadin\/wp-json\/wp\/v2\/posts\/114038\/revisions"}],"predecessor-version":[{"id":114045,"href":"https:\/\/www.tgrthaber.com\/mavikadin\/wp-json\/wp\/v2\/posts\/114038\/revisions\/114045"}],"wp:featuredmedia":[{"embeddable":true,"href":"https:\/\/www.tgrthaber.com\/mavikadin\/wp-json\/wp\/v2\/media\/114044"}],"wp:attachment":[{"href":"https:\/\/www.tgrthaber.com\/mavikadin\/wp-json\/wp\/v2\/media?parent=114038"}],"wp:term":[{"taxonomy":"category","embeddable":true,"href":"https:\/\/www.tgrthaber.com\/mavikadin\/wp-json\/wp\/v2\/categories?post=114038"},{"taxonomy":"post_tag","embeddable":true,"href":"https:\/\/www.tgrthaber.com\/mavikadin\/wp-json\/wp\/v2\/tags?post=114038"}],"curies":[{"name":"wp","href":"https:\/\/api.w.org\/{rel}","templated":true}]}}