{"id":114053,"date":"2024-12-29T10:30:21","date_gmt":"2024-12-29T07:30:21","guid":{"rendered":"https:\/\/www.tgrthaber.com\/mavikadin\/?p=114053"},"modified":"2024-12-29T10:36:46","modified_gmt":"2024-12-29T07:36:46","slug":"unlu-sarkici-selami-sahin-saglik-durumu-hakkinda-aciklama-yapti","status":"publish","type":"post","link":"https:\/\/www.tgrthaber.com\/mavikadin\/unlu-sarkici-selami-sahin-saglik-durumu-hakkinda-aciklama-yapti\/","title":{"rendered":"\u00dcnl\u00fc \u015fark\u0131c\u0131 Selami \u015eahin sa\u011fl\u0131k durumu hakk\u0131nda a\u00e7\u0131klama yapt\u0131!"},"content":{"rendered":"<p>T\u00fcrk M\u00fczi\u011fin de\u011ferli isimleri aras\u0131nda yer alan Selami \u015eahin, sa\u011fl\u0131k durumu hakk\u0131nda a\u00e7\u0131klama yapt\u0131. E\u015fi Didem \u015eahin ile bir AVM\u2019de g\u00f6r\u00fcnt\u00fclenen \u00fcnl\u00fc \u015fark\u0131c\u0131 gazetecilerin sorular\u0131n\u0131 yan\u0131tlad\u0131. Bas\u0131n mensuplar\u0131yla ayak \u00fcst\u00fc sohbet eden \u015eahin, gazetecilerin sorular\u0131n\u0131 yan\u0131ts\u0131z b\u0131rakmad\u0131. \u00c7e\u015fitli a\u00e7\u0131klamalarda bulunan \u015eahin, iyi oldu\u011funu dile getirdi.<\/p>\n<h3>SELAM\u0130 \u015eAH\u0130N SA\u011eLIK DURUMU HAKKINDA A\u00c7IKLAMA YAPTI!<\/h3>\n<p>T\u00fcrk m\u00fczi\u011fin \u00f6nemli isimleri aras\u0131nda yer alan \u00fcnl\u00fc sanat\u00e7\u0131 Selami \u015eahin, ge\u00e7ti\u011fimiz g\u00fcn e\u015fi Didem \u015eahin ile Etiler\u2019de bir AVM\u2019de g\u00f6r\u00fcnt\u00fclendi. Bas\u0131n mensuplar\u0131yla ayak \u00fcst\u00fc sohbet eden \u015eahin, gazetecilerin sorular\u0131n\u0131 yan\u0131tlad\u0131.<\/p>\n<p><img loading=\"lazy\" decoding=\"async\" class=\"alignnone wp-image-114055\" src=\"https:\/\/www.tgrthaber.com\/mavikadin\/wp-content\/uploads\/Adsiz-tasarim-62-6-1024x576.jpg\" alt=\"\u00dcnl\u00fc \u015fark\u0131c\u0131 Selami \u015eahin sa\u011fl\u0131k durumu hakk\u0131nda a\u00e7\u0131klama yapt\u0131! \" width=\"1208\" height=\"680\" title=\"\" srcset=\"https:\/\/www.tgrthaber.com\/mavikadin\/wp-content\/uploads\/Adsiz-tasarim-62-6-1024x576.jpg 1024w, https:\/\/www.tgrthaber.com\/mavikadin\/wp-content\/uploads\/Adsiz-tasarim-62-6-300x169.jpg 300w, https:\/\/www.tgrthaber.com\/mavikadin\/wp-content\/uploads\/Adsiz-tasarim-62-6-768x432.jpg 768w, https:\/\/www.tgrthaber.com\/mavikadin\/wp-content\/uploads\/Adsiz-tasarim-62-6-1536x864.jpg 1536w, https:\/\/www.tgrthaber.com\/mavikadin\/wp-content\/uploads\/Adsiz-tasarim-62-6.jpg 1600w\" sizes=\"(max-width: 1208px) 100vw, 1208px\" \/><\/p>\n<hr \/>\n<p>Bas\u0131n mensuplar\u0131n\u0131n sorular\u0131n\u0131 yan\u0131ts\u0131z b\u0131rakmayan \u00fcnl\u00fc sanat\u00e7\u0131 Selami \u015eahin, \u201c\u00c7al\u0131\u015f\u0131yoruz \u015fimdilerde. Vize i\u015flemlerimiz var yurt d\u0131\u015f\u0131 tatiline \u00e7\u0131kaca\u011f\u0131z. Az ama \u00f6z \u00e7al\u0131\u015f\u0131yorum.\u201d ifadelerini kulland\u0131. Gazetecilerin \u00fcnl\u00fc sanat\u00e7\u0131ya sa\u011fl\u0131k sorunlar\u0131yla alakal\u0131 sorular sorulunca \u015eahin, \u201c\u015eimdilerde iyiyim, bir problem yok, yeni y\u0131l\u0131m\u0131z kutlu olsun diyorum \u015fimdiden.\u201d \u015feklinde konu\u015ftu.<\/p>\n<h3>\u201cB\u0130Z BUNU KONU\u015eMAYACA\u011eIZ\u201d<\/h3>\n<p>Selami \u015eahin, ge\u00e7ti\u011fimiz sene hayranlar\u0131 ile aras\u0131nda ge\u00e7en diyalogdan dolay\u0131 yanl\u0131\u015f anla\u015f\u0131lm\u0131\u015ft\u0131. Bunun \u00fczerine Didem \u015eahin, Selami \u015eahin&#8217;in Etiler&#8217;de kad\u0131nlar\u0131 rahats\u0131z etti\u011fi iddialar\u0131 hakk\u0131nda, \u201cBiz bunu konu\u015fmayaca\u011f\u0131z. Konu\u015fmuyoruz!\u201d ifadelerine yer verdi.<\/p>\n<p><img loading=\"lazy\" decoding=\"async\" class=\"alignnone wp-image-114056\" src=\"https:\/\/www.tgrthaber.com\/mavikadin\/wp-content\/uploads\/Adsiz-tasarim-57-6-1024x576.jpg\" alt=\"\u00dcnl\u00fc \u015fark\u0131c\u0131 Selami \u015eahin sa\u011fl\u0131k durumu hakk\u0131nda a\u00e7\u0131klama yapt\u0131! \" width=\"1208\" height=\"680\" title=\"\" srcset=\"https:\/\/www.tgrthaber.com\/mavikadin\/wp-content\/uploads\/Adsiz-tasarim-57-6-1024x576.jpg 1024w, https:\/\/www.tgrthaber.com\/mavikadin\/wp-content\/uploads\/Adsiz-tasarim-57-6-300x169.jpg 300w, https:\/\/www.tgrthaber.com\/mavikadin\/wp-content\/uploads\/Adsiz-tasarim-57-6-768x432.jpg 768w, https:\/\/www.tgrthaber.com\/mavikadin\/wp-content\/uploads\/Adsiz-tasarim-57-6-1536x864.jpg 1536w, https:\/\/www.tgrthaber.com\/mavikadin\/wp-content\/uploads\/Adsiz-tasarim-57-6.jpg 1600w\" sizes=\"(max-width: 1208px) 100vw, 1208px\" \/><\/p>\n<hr \/>\n<h3>\u201c\u00c7OK ESER YAPMAK DE\u011e\u0130L, \u0130Y\u0130 ESER YAPMAK \u00d6NEML\u0130\u201d<\/h3>\n<p>T\u00fcrk m\u00fczi\u011fin de\u011ferli isimleri aras\u0131nda yer alan Selami \u015eahin, usta oyuncu H\u00fclya Ko\u00e7yi\u011fit\u2019in sunuculu\u011funu yapt\u0131\u011f\u0131 \u201cFilm Gibi Hayatlar\u201d program\u0131na konuk oldu. Programda Ko\u00e7yi\u011fit\u2019in sorular\u0131n\u0131 yan\u0131tlayan \u015eahin, \u00e7e\u015fitli a\u00e7\u0131klamalarda bulundu.<\/p>\n<p><img loading=\"lazy\" decoding=\"async\" class=\"alignnone wp-image-114057\" src=\"https:\/\/www.tgrthaber.com\/mavikadin\/wp-content\/uploads\/Adsiz-tasarim-61-6-1024x576.jpg\" alt=\"\u00dcnl\u00fc \u015fark\u0131c\u0131 Selami \u015eahin sa\u011fl\u0131k durumu hakk\u0131nda a\u00e7\u0131klama yapt\u0131! \" width=\"1208\" height=\"680\" title=\"\" srcset=\"https:\/\/www.tgrthaber.com\/mavikadin\/wp-content\/uploads\/Adsiz-tasarim-61-6-1024x576.jpg 1024w, https:\/\/www.tgrthaber.com\/mavikadin\/wp-content\/uploads\/Adsiz-tasarim-61-6-300x169.jpg 300w, https:\/\/www.tgrthaber.com\/mavikadin\/wp-content\/uploads\/Adsiz-tasarim-61-6-768x432.jpg 768w, https:\/\/www.tgrthaber.com\/mavikadin\/wp-content\/uploads\/Adsiz-tasarim-61-6-1536x864.jpg 1536w, https:\/\/www.tgrthaber.com\/mavikadin\/wp-content\/uploads\/Adsiz-tasarim-61-6.jpg 1600w\" sizes=\"(max-width: 1208px) 100vw, 1208px\" \/><\/p>\n<hr \/>\n<p>\u0130lkokul mezunu oldu\u011funu dile getiren Selami \u015eahin, \u201cSolfeji ve enstr\u00fcman \u00e7almay\u0131 kendi kendime \u00f6\u011frendim. T\u00fcrkiye\u2019de yapt\u0131\u011f\u0131m besteleri okumayan sanat\u00e7\u0131 kalmad\u0131. Eser s\u00f6zc\u00fc\u011f\u00fc, \u2018kal\u0131c\u0131\u2019 demektir, eser yapmak kolay bir \u015fey de\u011fildir. \u00c7ok eser yapmak de\u011fil, iyi eser yapmak \u00f6nemli.\u201d ifadelerine yer verdi.<\/p>\n<p><img loading=\"lazy\" decoding=\"async\" class=\"alignnone wp-image-114059\" src=\"https:\/\/www.tgrthaber.com\/mavikadin\/wp-content\/uploads\/Adsiz-tasarim-55-8-1024x576.jpg\" alt=\"\u00dcnl\u00fc \u015fark\u0131c\u0131 Selami \u015eahin sa\u011fl\u0131k durumu hakk\u0131nda a\u00e7\u0131klama yapt\u0131! \" width=\"1208\" height=\"680\" title=\"\" srcset=\"https:\/\/www.tgrthaber.com\/mavikadin\/wp-content\/uploads\/Adsiz-tasarim-55-8-1024x576.jpg 1024w, https:\/\/www.tgrthaber.com\/mavikadin\/wp-content\/uploads\/Adsiz-tasarim-55-8-300x169.jpg 300w, https:\/\/www.tgrthaber.com\/mavikadin\/wp-content\/uploads\/Adsiz-tasarim-55-8-768x432.jpg 768w, https:\/\/www.tgrthaber.com\/mavikadin\/wp-content\/uploads\/Adsiz-tasarim-55-8-1536x864.jpg 1536w, https:\/\/www.tgrthaber.com\/mavikadin\/wp-content\/uploads\/Adsiz-tasarim-55-8.jpg 1600w\" sizes=\"(max-width: 1208px) 100vw, 1208px\" \/><\/p>\n<hr \/>\n<h3>\u201cBEN MEVS\u0130ML\u0130K \u015eARKI YAPMAM, KALICI \u015eARKILAR YAPARIM\u201d<\/h3>\n<p>Kat\u0131ld\u0131\u011f\u0131 \u201cFilm Gibi Hayatlar\u201d program\u0131nda dillerden d\u00fc\u015fmeyen eserlerinin hikayelerini anlatan usta sanat\u00e7\u0131 Selami \u015eahin, \u201c\u015eark\u0131lar\u0131m\u0131 her ya\u015ftan insan\u0131n bilmesi hayattaki en b\u00fcy\u00fck mutlulu\u011fum. Bazen okul \u00e7\u0131k\u0131\u015flar\u0131nda denk geldi\u011fim liseli \u00e7ocuklar bana, \u2018Selami Baba\u2019 diyor. Duygulan\u0131yorum. Ben mevsimlik \u015fark\u0131 yapmam, kal\u0131c\u0131 \u015fark\u0131lar yapar\u0131m.\u201d ifadelerini kulland\u0131.<\/p>\n<p><img loading=\"lazy\" decoding=\"async\" class=\"alignnone wp-image-114058\" src=\"https:\/\/www.tgrthaber.com\/mavikadin\/wp-content\/uploads\/Adsiz-tasarim-59-7-1024x576.jpg\" alt=\"\u00dcnl\u00fc \u015fark\u0131c\u0131 Selami \u015eahin sa\u011fl\u0131k durumu hakk\u0131nda a\u00e7\u0131klama yapt\u0131! \" width=\"1208\" height=\"680\" title=\"\" srcset=\"https:\/\/www.tgrthaber.com\/mavikadin\/wp-content\/uploads\/Adsiz-tasarim-59-7-1024x576.jpg 1024w, https:\/\/www.tgrthaber.com\/mavikadin\/wp-content\/uploads\/Adsiz-tasarim-59-7-300x169.jpg 300w, https:\/\/www.tgrthaber.com\/mavikadin\/wp-content\/uploads\/Adsiz-tasarim-59-7-768x432.jpg 768w, https:\/\/www.tgrthaber.com\/mavikadin\/wp-content\/uploads\/Adsiz-tasarim-59-7-1536x864.jpg 1536w, https:\/\/www.tgrthaber.com\/mavikadin\/wp-content\/uploads\/Adsiz-tasarim-59-7.jpg 1600w\" sizes=\"(max-width: 1208px) 100vw, 1208px\" \/><\/p>\n<hr \/>\n<p>\u00dcnl\u00fc sanat\u00e7\u0131 Selami \u015eahin \u201cA\u015fk\u0131 nas\u0131l tan\u0131mlars\u0131n\u0131z?\u201d sorular\u0131na ise \u201cTek tarafl\u0131 a\u015fk olmaz. A\u015fk kar\u015f\u0131l\u0131kl\u0131 oldu\u011fu zaman \u00f6l\u00fcms\u00fczle\u015fir.\u201d \u015feklinde yan\u0131t verdi.<\/p>\n","protected":false},"excerpt":{"rendered":"<p>T\u00fcrk m\u00fczi\u011fin \u00f6nemli isimleri aras\u0131nda yer alan Selami \u015eahin, ge\u00e7ti\u011fimiz g\u00fcn bir AVM\u2019de g\u00f6r\u00fcnt\u00fclendi. \u00dcnl\u00fc \u015fark\u0131c\u0131 bas\u0131n mensuplar\u0131yla sohbet ederek, gazetecilerin sorular\u0131n\u0131 yan\u0131tlad\u0131. Sa\u011fl\u0131k durumu hakk\u0131nda a\u00e7\u0131klamalarda bulunan \u015eahin, iyi oldu\u011funu dile getirdi. <\/p>\n","protected":false},"author":26,"featured_media":114054,"comment_status":"closed","ping_status":"closed","sticky":false,"template":"","format":"standard","meta":{"rank_math_lock_modified_date":false,"footnotes":""},"categories":[76],"tags":[6358,5062],"class_list":["post-114053","post","type-post","status-publish","format-standard","has-post-thumbnail","hentry","category-magazin","tag-didem-sahin","tag-selami-sahin"],"_links":{"self":[{"href":"https:\/\/www.tgrthaber.com\/mavikadin\/wp-json\/wp\/v2\/posts\/114053"}],"collection":[{"href":"https:\/\/www.tgrthaber.com\/mavikadin\/wp-json\/wp\/v2\/posts"}],"about":[{"href":"https:\/\/www.tgrthaber.com\/mavikadin\/wp-json\/wp\/v2\/types\/post"}],"author":[{"embeddable":true,"href":"https:\/\/www.tgrthaber.com\/mavikadin\/wp-json\/wp\/v2\/users\/26"}],"replies":[{"embeddable":true,"href":"https:\/\/www.tgrthaber.com\/mavikadin\/wp-json\/wp\/v2\/comments?post=114053"}],"version-history":[{"count":2,"href":"https:\/\/www.tgrthaber.com\/mavikadin\/wp-json\/wp\/v2\/posts\/114053\/revisions"}],"predecessor-version":[{"id":114061,"href":"https:\/\/www.tgrthaber.com\/mavikadin\/wp-json\/wp\/v2\/posts\/114053\/revisions\/114061"}],"wp:featuredmedia":[{"embeddable":true,"href":"https:\/\/www.tgrthaber.com\/mavikadin\/wp-json\/wp\/v2\/media\/114054"}],"wp:attachment":[{"href":"https:\/\/www.tgrthaber.com\/mavikadin\/wp-json\/wp\/v2\/media?parent=114053"}],"wp:term":[{"taxonomy":"category","embeddable":true,"href":"https:\/\/www.tgrthaber.com\/mavikadin\/wp-json\/wp\/v2\/categories?post=114053"},{"taxonomy":"post_tag","embeddable":true,"href":"https:\/\/www.tgrthaber.com\/mavikadin\/wp-json\/wp\/v2\/tags?post=114053"}],"curies":[{"name":"wp","href":"https:\/\/api.w.org\/{rel}","templated":true}]}}