{"id":114071,"date":"2024-12-29T12:36:10","date_gmt":"2024-12-29T09:36:10","guid":{"rendered":"https:\/\/www.tgrthaber.com\/mavikadin\/?p=114071"},"modified":"2024-12-29T12:36:44","modified_gmt":"2024-12-29T09:36:44","slug":"siyah-kalp-dizisinde-set-gerginligi-devam-ediyor-dizinin-yonetmeni-degisiyor","status":"publish","type":"post","link":"https:\/\/www.tgrthaber.com\/mavikadin\/siyah-kalp-dizisinde-set-gerginligi-devam-ediyor-dizinin-yonetmeni-degisiyor\/","title":{"rendered":"Siyah Kalp dizisinde set gerginli\u011fi devam ediyor! Dizinin y\u00f6netmeni de\u011fi\u015fiyor"},"content":{"rendered":"<p>Show TV ekranlar\u0131n\u0131n sevilen dizisi Siyah Kalp, ilgiyle izlenmeye devam ediliyor. Reytinglerde de g\u00fczel rakamlar elde eden dizi hem konusu hem de g\u00fc\u00e7l\u00fc oyuncu kadrosuyla dikkat \u00e7ekiyor. Seyircinin b\u00fcy\u00fck bir ilgiyle takip etti\u011fi Siyah Kalp dizisinde set gerginli\u011fi durmak bilmiyor. Dizinin ilk b\u00f6l\u00fcmlerinde ba\u015flayan gerginlik t\u00fcm h\u0131z\u0131yla devam ediyor. Dizinin ba\u015far\u0131l\u0131 oyuncular\u0131 birbirlerine k\u00fcserken, dizinin y\u00f6netmeninin de k\u0131sa s\u00fcre i\u00e7inde de\u011fi\u015fece\u011fi \u00f6\u011frenildi.<\/p>\n<h3>S\u0130YAH KALP D\u0130Z\u0130S\u0130NDE SET GERG\u0130NL\u0130\u011e\u0130 DEVAM ED\u0130YOR!<\/h3>\n<p>Show TV ekranlar\u0131n\u0131n ilgiyle takip edilen dizisi Siyah Kalp\u2019te set gerginli\u011fi devam ediyor. Dizi setinde oyuncular aras\u0131nda sular durulmuyor. \u0130lk b\u00f6l\u00fcmlerde ba\u015flayan gerginlik t\u00fcm h\u0131z\u0131yla devam ediyor. Dizinin ba\u015far\u0131l\u0131 oyuncular\u0131 Ece Uslu ve Esra Dermanc\u0131o\u011flu\u2019nun ilk b\u00f6l\u00fcmlerden bu yana devam eden set gerginli\u011fine ge\u00e7ti\u011fimiz g\u00fcnlerde bir yenisi daha eklendi. \u0130ki oyuncu aras\u0131nda yeni bir tart\u0131\u015fma ya\u015fand\u0131.<\/p>\n<p><img loading=\"lazy\" decoding=\"async\" class=\"alignnone wp-image-114078\" src=\"https:\/\/www.tgrthaber.com\/mavikadin\/wp-content\/uploads\/Adsiz-tasarim-72-6-1024x576.jpg\" alt=\"Siyah Kalp dizisinde set gerginli\u011fi devam ediyor! \" width=\"1208\" height=\"680\" title=\"\" srcset=\"https:\/\/www.tgrthaber.com\/mavikadin\/wp-content\/uploads\/Adsiz-tasarim-72-6-1024x576.jpg 1024w, https:\/\/www.tgrthaber.com\/mavikadin\/wp-content\/uploads\/Adsiz-tasarim-72-6-300x169.jpg 300w, https:\/\/www.tgrthaber.com\/mavikadin\/wp-content\/uploads\/Adsiz-tasarim-72-6-768x432.jpg 768w, https:\/\/www.tgrthaber.com\/mavikadin\/wp-content\/uploads\/Adsiz-tasarim-72-6-1536x864.jpg 1536w, https:\/\/www.tgrthaber.com\/mavikadin\/wp-content\/uploads\/Adsiz-tasarim-72-6.jpg 1600w\" sizes=\"(max-width: 1208px) 100vw, 1208px\" \/><\/p>\n<hr \/>\n<p>Seyircinin severek takip etti\u011fi Siyah Kalp dizisinin Kapadokya\u2019daki \u00e7ekimlerinde gerginlik durmak bilmiyor. S\u00fcrekli oyuncular aras\u0131nda gerginliklerin ya\u015fand\u0131\u011f\u0131yla alakal\u0131 g\u00fcndeme gelen dizi, bu kez ba\u015fka bir gerginlikle g\u00fcndeme geldi. Show TV ekranlar\u0131n\u0131n Tims&amp;B imzal\u0131 dizisinin ilk b\u00f6l\u00fcmlerinde Ece Uslu ve Esra Dermanc\u0131o\u011flu aras\u0131nda so\u011fuk r\u00fczgarlar esmi\u015f ve bu durum iki oyuncunun birbiriyle k\u00fcsmesine sebep olmu\u015ftu.<\/p>\n<p><img loading=\"lazy\" decoding=\"async\" class=\"alignnone wp-image-114076\" src=\"https:\/\/www.tgrthaber.com\/mavikadin\/wp-content\/uploads\/Adsiz-tasarim-80-2-1024x576.jpg\" alt=\"Siyah Kalp dizisinde set gerginli\u011fi devam ediyor! \" width=\"1208\" height=\"680\" title=\"\" srcset=\"https:\/\/www.tgrthaber.com\/mavikadin\/wp-content\/uploads\/Adsiz-tasarim-80-2-1024x576.jpg 1024w, https:\/\/www.tgrthaber.com\/mavikadin\/wp-content\/uploads\/Adsiz-tasarim-80-2-300x169.jpg 300w, https:\/\/www.tgrthaber.com\/mavikadin\/wp-content\/uploads\/Adsiz-tasarim-80-2-768x432.jpg 768w, https:\/\/www.tgrthaber.com\/mavikadin\/wp-content\/uploads\/Adsiz-tasarim-80-2-1536x864.jpg 1536w, https:\/\/www.tgrthaber.com\/mavikadin\/wp-content\/uploads\/Adsiz-tasarim-80-2.jpg 1600w\" sizes=\"(max-width: 1208px) 100vw, 1208px\" \/><\/p>\n<hr \/>\n<h3>ECE USLU VE ESRA DERMANCIO\u011eLU ARASINDAK\u0130 GERG\u0130NL\u0130K DURMAK B\u0130LM\u0130YOR!<\/h3>\n<p>Birsen Altunta\u015f\u2019\u0131n haberine g\u00f6re, setten s\u0131zan bilgiler do\u011frultusunda daha dizinin ilk ba\u015flar\u0131nda 2. B\u00f6l\u00fcm \u00e7ekilirken Esra Dermanc\u0131o\u011flu koronaya yakaland\u0131\u011f\u0131n\u0131 belirtip otel odas\u0131ndan \u00e7\u0131kmam\u0131\u015f. Bunun \u00fczerine Dermanc\u0131o\u011flu, Uslu\u2019nun di\u011fer oyunculara kendisi hakk\u0131nda \u201casl\u0131nda sete gelmek istemedi\u011fi i\u00e7in b\u00f6yle davrand\u0131\u011f\u0131n\u0131\u201d s\u00f6yledi\u011fini duymu\u015f ve bu durum 2 oyuncunun aras\u0131n\u0131 a\u00e7m\u0131\u015ft\u0131.<\/p>\n<p><img loading=\"lazy\" decoding=\"async\" class=\"alignnone wp-image-114073\" src=\"https:\/\/www.tgrthaber.com\/mavikadin\/wp-content\/uploads\/Adsiz-tasarim-78-3-1024x576.jpg\" alt=\"Siyah Kalp dizisinde set gerginli\u011fi devam ediyor! \" width=\"1208\" height=\"680\" title=\"\" srcset=\"https:\/\/www.tgrthaber.com\/mavikadin\/wp-content\/uploads\/Adsiz-tasarim-78-3-1024x576.jpg 1024w, https:\/\/www.tgrthaber.com\/mavikadin\/wp-content\/uploads\/Adsiz-tasarim-78-3-300x169.jpg 300w, https:\/\/www.tgrthaber.com\/mavikadin\/wp-content\/uploads\/Adsiz-tasarim-78-3-768x432.jpg 768w, https:\/\/www.tgrthaber.com\/mavikadin\/wp-content\/uploads\/Adsiz-tasarim-78-3-1536x864.jpg 1536w, https:\/\/www.tgrthaber.com\/mavikadin\/wp-content\/uploads\/Adsiz-tasarim-78-3.jpg 1600w\" sizes=\"(max-width: 1208px) 100vw, 1208px\" \/><\/p>\n<hr \/>\n<p>Ya\u015fanan bu gergin olaylar \u00fczerine Esra Dermanc\u0131o\u011flu ile Ece Uslu aylar \u00f6nce set d\u0131\u015f\u0131nda kar\u015f\u0131la\u015fmamak i\u00e7in ayr\u0131 otellerde kalmaya ba\u015flam\u0131\u015ft\u0131. Hatta ba\u015far\u0131l\u0131 oyuncular\u0131n \u00e7ekimler d\u0131\u015f\u0131nda konu\u015fmad\u0131\u011f\u0131 s\u00f6ylenmi\u015fti. Dizinin ilk b\u00f6l\u00fcmlerinde ba\u015flayan gerginli\u011fe bu kez bir yenisi daha eklendi.<\/p>\n<h3>GERG\u0130NL\u0130K D\u0130\u011eER OYUNCULARADA YANSIDI!<\/h3>\n<p>Ge\u00e7ti\u011fimiz haftalarda Siyah Kalp dizisinin setinde bir yeni gerginli\u011fin ya\u015fand\u0131\u011f\u0131 ve oyuncular aras\u0131nda yeni bir krizin \u00e7\u0131kt\u0131\u011f\u0131 s\u00f6ylenmi\u015fti. Burak Sergen, Esra Dermanc\u0131o\u011flu ve B\u00fclent Polat aras\u0131nda da \u00e7ekim s\u0131ras\u0131nda sinirler gerilmi\u015fti. Burak Sergen, kendisi hakk\u0131nda konu\u015ftu\u011funu sand\u0131\u011f\u0131 B\u00fclent Polat\u2019\u0131n \u00fczerine y\u00fcr\u00fcm\u00fc\u015ft\u00fc.<\/p>\n<p><img loading=\"lazy\" decoding=\"async\" class=\"alignnone wp-image-114074\" src=\"https:\/\/www.tgrthaber.com\/mavikadin\/wp-content\/uploads\/Adsiz-tasarim-74-6-1024x576.jpg\" alt=\"Siyah Kalp dizisinde set gerginli\u011fi devam ediyor! \" width=\"1208\" height=\"680\" title=\"\" srcset=\"https:\/\/www.tgrthaber.com\/mavikadin\/wp-content\/uploads\/Adsiz-tasarim-74-6-1024x576.jpg 1024w, https:\/\/www.tgrthaber.com\/mavikadin\/wp-content\/uploads\/Adsiz-tasarim-74-6-300x169.jpg 300w, https:\/\/www.tgrthaber.com\/mavikadin\/wp-content\/uploads\/Adsiz-tasarim-74-6-768x432.jpg 768w, https:\/\/www.tgrthaber.com\/mavikadin\/wp-content\/uploads\/Adsiz-tasarim-74-6-1536x864.jpg 1536w, https:\/\/www.tgrthaber.com\/mavikadin\/wp-content\/uploads\/Adsiz-tasarim-74-6.jpg 1600w\" sizes=\"(max-width: 1208px) 100vw, 1208px\" \/><\/p>\n<hr \/>\n<h3>OYUNCULAR ARASINDA YEN\u0130 GERG\u0130NL\u0130K YA\u015eANDI!<\/h3>\n<p>Show TV ekranlar\u0131n\u0131n be\u011fenilen dizisi Siyah Kalp\u2019te son gerginlik de dizinin per\u015fembe g\u00fcn\u00fc yay\u0131nlanan otel \u00e7ekimleri s\u0131ras\u0131nda ya\u015fand\u0131. Birsen Altunta\u015f\u2019\u0131n haberine g\u00f6re, g\u00f6rg\u00fc tan\u0131klar\u0131n\u0131n anlatt\u0131klar\u0131 do\u011frultusunda g\u00f6re Ece Uslu, Esra Dermanc\u0131o\u011flu\u2019nun kendisine k\u00fcfretti\u011fini s\u00f6yledi. Bunun \u00fczerine ise Dermanc\u0131o\u011flu iddiay\u0131 reddetti. Ekip seti durdurup mikrofonlar\u0131n yapt\u0131klar\u0131 t\u00fcm ses kay\u0131tlar\u0131n\u0131 dinledi. Ancak herhangi bir k\u00fcf\u00fcr sesine rastlayamad\u0131. Daha sonra sete devam edildi.<\/p>\n<p><img loading=\"lazy\" decoding=\"async\" class=\"alignnone wp-image-114075\" src=\"https:\/\/www.tgrthaber.com\/mavikadin\/wp-content\/uploads\/Adsiz-tasarim-76-4-1024x576.jpg\" alt=\"Siyah Kalp dizisinde set gerginli\u011fi devam ediyor! \" width=\"1208\" height=\"680\" title=\"\" srcset=\"https:\/\/www.tgrthaber.com\/mavikadin\/wp-content\/uploads\/Adsiz-tasarim-76-4-1024x576.jpg 1024w, https:\/\/www.tgrthaber.com\/mavikadin\/wp-content\/uploads\/Adsiz-tasarim-76-4-300x169.jpg 300w, https:\/\/www.tgrthaber.com\/mavikadin\/wp-content\/uploads\/Adsiz-tasarim-76-4-768x432.jpg 768w, https:\/\/www.tgrthaber.com\/mavikadin\/wp-content\/uploads\/Adsiz-tasarim-76-4-1536x864.jpg 1536w, https:\/\/www.tgrthaber.com\/mavikadin\/wp-content\/uploads\/Adsiz-tasarim-76-4.jpg 1600w\" sizes=\"(max-width: 1208px) 100vw, 1208px\" \/><\/p>\n<hr \/>\n<h3>D\u0130Z\u0130N\u0130N SET\u0130NDE Y\u00d6NETMEN DE\u011e\u0130\u015e\u0130KL\u0130\u011e\u0130NE G\u0130D\u0130LD\u0130!<\/h3>\n<p>Per\u015fembe g\u00fcnleri izleyici kar\u015f\u0131s\u0131na \u00e7\u0131kan Siyah Kalp dizisinin setinde \u015fu anda Esra Dermanc\u0131o\u011flu\u2019nun hem Ece Uslu hem de Burak Sergenle k\u00fcsl\u00fc\u011f\u00fc devam ederken, B\u00fclent Polat ise ge\u00e7ti\u011fimiz haftalarda kavga etti\u011fi Burak Sergen ile konu\u015fmuyor. Sette gerginlik ve k\u00fcsl\u00fckler devam ediyor.<\/p>\n<p><img loading=\"lazy\" decoding=\"async\" class=\"alignnone wp-image-114077\" src=\"https:\/\/www.tgrthaber.com\/mavikadin\/wp-content\/uploads\/Adsiz-tasarim-75-5-1024x576.jpg\" alt=\"Siyah Kalp dizisinde set gerginli\u011fi devam ediyor! \" width=\"1208\" height=\"680\" title=\"\" srcset=\"https:\/\/www.tgrthaber.com\/mavikadin\/wp-content\/uploads\/Adsiz-tasarim-75-5-1024x576.jpg 1024w, https:\/\/www.tgrthaber.com\/mavikadin\/wp-content\/uploads\/Adsiz-tasarim-75-5-300x169.jpg 300w, https:\/\/www.tgrthaber.com\/mavikadin\/wp-content\/uploads\/Adsiz-tasarim-75-5-768x432.jpg 768w, https:\/\/www.tgrthaber.com\/mavikadin\/wp-content\/uploads\/Adsiz-tasarim-75-5-1536x864.jpg 1536w, https:\/\/www.tgrthaber.com\/mavikadin\/wp-content\/uploads\/Adsiz-tasarim-75-5.jpg 1600w\" sizes=\"(max-width: 1208px) 100vw, 1208px\" \/><\/p>\n<hr \/>\n<p>Setteki gerginli\u011fin aksine di\u011fer yandan dizinin y\u00f6netmeni Ali Balc\u0131\u2019n\u0131n g\u00f6revini kendi iste\u011fi ile yeni y\u0131lda Murat Sara\u00e7o\u011flu\u2019na devredece\u011fi konu\u015fuluyor.<\/p>\n","protected":false},"excerpt":{"rendered":"<p>Show TV ekranlar\u0131n\u0131n ilgiyle takip edilen dizisi Siyah Kalp\u2019te set gerginli\u011fi durmak bilmiyor. Dizinin ilk b\u00f6l\u00fcmlerinde ba\u015flayan gerginlik t\u00fcm h\u0131z\u0131yla devam ediyor. \u0130\u015fte ayr\u0131nt\u0131lar\u2026 <\/p>\n","protected":false},"author":26,"featured_media":114072,"comment_status":"closed","ping_status":"closed","sticky":false,"template":"","format":"standard","meta":{"rank_math_lock_modified_date":false,"footnotes":""},"categories":[602],"tags":[3792,3029,3028,3791,2574,3790],"class_list":["post-114071","post","type-post","status-publish","format-standard","has-post-thumbnail","hentry","category-diziler","tag-bulent-polat","tag-burak-sergen","tag-ece-uslu","tag-esra-dermancioglu","tag-siyah-kalp","tag-siyah-kalp-dizi"],"_links":{"self":[{"href":"https:\/\/www.tgrthaber.com\/mavikadin\/wp-json\/wp\/v2\/posts\/114071"}],"collection":[{"href":"https:\/\/www.tgrthaber.com\/mavikadin\/wp-json\/wp\/v2\/posts"}],"about":[{"href":"https:\/\/www.tgrthaber.com\/mavikadin\/wp-json\/wp\/v2\/types\/post"}],"author":[{"embeddable":true,"href":"https:\/\/www.tgrthaber.com\/mavikadin\/wp-json\/wp\/v2\/users\/26"}],"replies":[{"embeddable":true,"href":"https:\/\/www.tgrthaber.com\/mavikadin\/wp-json\/wp\/v2\/comments?post=114071"}],"version-history":[{"count":2,"href":"https:\/\/www.tgrthaber.com\/mavikadin\/wp-json\/wp\/v2\/posts\/114071\/revisions"}],"predecessor-version":[{"id":114080,"href":"https:\/\/www.tgrthaber.com\/mavikadin\/wp-json\/wp\/v2\/posts\/114071\/revisions\/114080"}],"wp:featuredmedia":[{"embeddable":true,"href":"https:\/\/www.tgrthaber.com\/mavikadin\/wp-json\/wp\/v2\/media\/114072"}],"wp:attachment":[{"href":"https:\/\/www.tgrthaber.com\/mavikadin\/wp-json\/wp\/v2\/media?parent=114071"}],"wp:term":[{"taxonomy":"category","embeddable":true,"href":"https:\/\/www.tgrthaber.com\/mavikadin\/wp-json\/wp\/v2\/categories?post=114071"},{"taxonomy":"post_tag","embeddable":true,"href":"https:\/\/www.tgrthaber.com\/mavikadin\/wp-json\/wp\/v2\/tags?post=114071"}],"curies":[{"name":"wp","href":"https:\/\/api.w.org\/{rel}","templated":true}]}}