{"id":114081,"date":"2024-12-29T13:30:51","date_gmt":"2024-12-29T10:30:51","guid":{"rendered":"https:\/\/www.tgrthaber.com\/mavikadin\/?p=114081"},"modified":"2024-12-29T13:30:52","modified_gmt":"2024-12-29T10:30:52","slug":"modern-folk-uclusunun-usta-ismi-selami-karaibrahimgil-hayatini-kaybetti","status":"publish","type":"post","link":"https:\/\/www.tgrthaber.com\/mavikadin\/modern-folk-uclusunun-usta-ismi-selami-karaibrahimgil-hayatini-kaybetti\/","title":{"rendered":"Modern Folk \u00dc\u00e7l\u00fcs\u00fc\u2019n\u00fcn usta ismi Selami Karaibrahimgil hayat\u0131n\u0131 kaybetti!"},"content":{"rendered":"<p>Modern Folk \u00dc\u00e7l\u00fcs\u00fc grubunun usta isimlerinden ba\u015far\u0131l\u0131 sanat\u00e7\u0131 Selami Karaibrahimgil\u2019den ac\u0131 haber geldi. Modern Folk \u00dc\u00e7l\u00fcs\u00fc\u2019n\u00fcn kurucular\u0131ndan olan Karaibrahimgil, 80 ya\u015f\u0131nda hayata g\u00f6zlerini yumdu.<\/p>\n<h3>MODERN FOLK \u00dc\u00c7L\u00dcS\u00dc\u2019N\u00dcN USTA \u0130SM\u0130 SELAM\u0130 KARA\u0130BRAH\u0130MG\u0130L HAYATINI KAYBETT\u0130!<\/h3>\n<p>Bir d\u00f6neme damga vuran \u00fcnl\u00fc grup Modern Folk \u00dc\u00e7l\u00fcs\u00fc\u2019n\u00fcn kurucu isimlerinden usta sanat\u00e7\u0131 Selami Karaibrahimgil hayat\u0131n\u0131 kaybetti. Usta sanat\u00e7\u0131 Karaibrahimgil\u2019den ac\u0131 haber bug\u00fcn geldi. Karaibrahimgil, 80 ya\u015f\u0131nda hayata g\u00f6zlerini yumdu.<\/p>\n<p><img loading=\"lazy\" decoding=\"async\" class=\"alignnone wp-image-114083\" src=\"https:\/\/www.tgrthaber.com\/mavikadin\/wp-content\/uploads\/Adsiz-tasarim-86-3-1024x576.jpg\" alt=\"Modern Folk \u00dc\u00e7l\u00fcs\u00fc\u2019n\u00fcn usta ismi Selami Karaibrahimgil hayat\u0131n\u0131 kaybetti! \" width=\"1208\" height=\"680\" title=\"\" srcset=\"https:\/\/www.tgrthaber.com\/mavikadin\/wp-content\/uploads\/Adsiz-tasarim-86-3-1024x576.jpg 1024w, https:\/\/www.tgrthaber.com\/mavikadin\/wp-content\/uploads\/Adsiz-tasarim-86-3-300x169.jpg 300w, https:\/\/www.tgrthaber.com\/mavikadin\/wp-content\/uploads\/Adsiz-tasarim-86-3-768x432.jpg 768w, https:\/\/www.tgrthaber.com\/mavikadin\/wp-content\/uploads\/Adsiz-tasarim-86-3-1536x864.jpg 1536w, https:\/\/www.tgrthaber.com\/mavikadin\/wp-content\/uploads\/Adsiz-tasarim-86-3.jpg 1600w\" sizes=\"(max-width: 1208px) 100vw, 1208px\" \/><\/p>\n<hr \/>\n<p>Usta sanat\u00e7\u0131 Selami Karaibrahimgil\u2019in vefat haberini \u00fcnl\u00fc sanat\u00e7\u0131 ve Modern Folk \u00dc\u00e7l\u00fcs\u00fc grubunun \u00fcyesi Do\u011fan Canku, sosyal medya hesab\u0131ndan duyurdu.<\/p>\n<h3>\u201c\u00d6ZEL B\u0130R SANAT\u00c7IYDI\u201d<\/h3>\n<p>Yak\u0131n dostunun vefat haberini sosyal medya hesab\u0131ndan duyuran Do\u011fan Canku, payla\u015f\u0131m\u0131nda \u201cModern Folk \u00dc\u00e7l\u00fcs\u00fcn\u00fc birlikte kurdu\u011fumuz. Kadim dostum, y\u0131llar\u0131, yollar\u0131 ve hayat\u0131 uzun s\u00fcre birlikte payla\u015ft\u0131\u011f\u0131m\u0131z &#8220;Selami Karaibrahimgil&#8221;in vefat\u0131n\u0131 derin \u00fcz\u00fcnt\u00fcyle duymu\u015f bulunmaktay\u0131m. Kendisine Allah&#8217;tan rahmet diliyorum. Ailesine ve sevenlerine ba\u015f sa\u011fl\u0131\u011f\u0131 diliyorum. \u00dclkesine her mecrada b\u00fcy\u00fck hizmetleri olan \u00f6zel bir sanat\u00e7\u0131yd\u0131. Milletimizin ba\u015f\u0131 sa\u011f olsun. I\u015f\u0131klar i\u00e7inde uyu Selami&#8230;\u201d ifadelerine yer verdi.<\/p>\n<p><img loading=\"lazy\" decoding=\"async\" class=\"alignnone wp-image-114084\" src=\"https:\/\/www.tgrthaber.com\/mavikadin\/wp-content\/uploads\/Adsiz-tasarim-87-4-1024x576.jpg\" alt=\"Modern Folk \u00dc\u00e7l\u00fcs\u00fc\u2019n\u00fcn usta ismi Selami Karaibrahimgil hayat\u0131n\u0131 kaybetti! \" width=\"1208\" height=\"680\" title=\"\" srcset=\"https:\/\/www.tgrthaber.com\/mavikadin\/wp-content\/uploads\/Adsiz-tasarim-87-4-1024x576.jpg 1024w, https:\/\/www.tgrthaber.com\/mavikadin\/wp-content\/uploads\/Adsiz-tasarim-87-4-300x169.jpg 300w, https:\/\/www.tgrthaber.com\/mavikadin\/wp-content\/uploads\/Adsiz-tasarim-87-4-768x432.jpg 768w, https:\/\/www.tgrthaber.com\/mavikadin\/wp-content\/uploads\/Adsiz-tasarim-87-4-1536x864.jpg 1536w, https:\/\/www.tgrthaber.com\/mavikadin\/wp-content\/uploads\/Adsiz-tasarim-87-4.jpg 1600w\" sizes=\"(max-width: 1208px) 100vw, 1208px\" \/><\/p>\n<hr \/>\n<h3>\u201cGURUBUN EN ESPR\u0130L\u0130, EN \u00c7ELEB\u0130 \u00dcYES\u0130YD\u0130 SELAM\u0130\u201d<\/h3>\n<p>Usta sanat\u00e7\u0131 Selami Karaibrahimgil\u2019in vefat haberini duyan, bir d\u00f6nem birlikte \u00e7al\u0131\u015ft\u0131\u011f\u0131 yak\u0131n arkada\u015flar\u0131ndan Ay\u015feg\u00fcl Aldin\u00e7 ise sosyal medyadan yapt\u0131\u011f\u0131 payla\u015f\u0131mla Karaibrahimgil\u2019e rahmet diledi.<\/p>\n<p><img loading=\"lazy\" decoding=\"async\" class=\"alignnone wp-image-114085\" src=\"https:\/\/www.tgrthaber.com\/mavikadin\/wp-content\/uploads\/Adsiz-tasarim-85-4-1024x576.jpg\" alt=\"Modern Folk \u00dc\u00e7l\u00fcs\u00fc\u2019n\u00fcn usta ismi Selami Karaibrahimgil hayat\u0131n\u0131 kaybetti! \" width=\"1208\" height=\"680\" title=\"\" srcset=\"https:\/\/www.tgrthaber.com\/mavikadin\/wp-content\/uploads\/Adsiz-tasarim-85-4-1024x576.jpg 1024w, https:\/\/www.tgrthaber.com\/mavikadin\/wp-content\/uploads\/Adsiz-tasarim-85-4-300x169.jpg 300w, https:\/\/www.tgrthaber.com\/mavikadin\/wp-content\/uploads\/Adsiz-tasarim-85-4-768x432.jpg 768w, https:\/\/www.tgrthaber.com\/mavikadin\/wp-content\/uploads\/Adsiz-tasarim-85-4-1536x864.jpg 1536w, https:\/\/www.tgrthaber.com\/mavikadin\/wp-content\/uploads\/Adsiz-tasarim-85-4.jpg 1600w\" sizes=\"(max-width: 1208px) 100vw, 1208px\" \/><\/p>\n<hr \/>\n<p>Ay\u015feg\u00fcl Aldin\u00e7 sosyal medya hesab\u0131ndan payla\u015ft\u0131\u011f\u0131 foto\u011fraflar\u0131n alt\u0131na \u00e7e\u015fitli a\u00e7\u0131klamalarda bulundu. Aldin\u00e7, \u201cDo\u011fan\u2019\u0131n (Canku) \u201cSelami\u2019yi kaybettik\u201d mesaj\u0131yla g\u00fcne ba\u015flamak allak bullak etti. \u00dcstesinden gelmem gereken o kadar karma\u015f\u0131k bir g\u00fcn ya\u015fad\u0131m ki anca kafam\u0131 toplay\u0131p yazabiliyorum. Ne kadar toplamaya \u00e7al\u0131\u015fsam da an\u0131lar her bir yana da\u011f\u0131lm\u0131\u015f. Toparlayam\u0131yorum. Onlarla ba\u015flad\u0131 benim ser\u00fcvenim. Her birini ayr\u0131 ayr\u0131 \u00e7ok sevdim. Modern Folk \u00dc\u00e7l\u00fcs\u00fc\u2019n\u00fcn birbirinden de\u011ferli ve \u00f6nemli \u00fcyelerinden biri yok art\u0131k.\u201d<\/p>\n<p><img loading=\"lazy\" decoding=\"async\" class=\"alignnone wp-image-114086\" src=\"https:\/\/www.tgrthaber.com\/mavikadin\/wp-content\/uploads\/Adsiz-tasarim-84-3-1024x576.jpg\" alt=\"Modern Folk \u00dc\u00e7l\u00fcs\u00fc\u2019n\u00fcn usta ismi Selami Karaibrahimgil hayat\u0131n\u0131 kaybetti! \" width=\"1208\" height=\"680\" title=\"\" srcset=\"https:\/\/www.tgrthaber.com\/mavikadin\/wp-content\/uploads\/Adsiz-tasarim-84-3-1024x576.jpg 1024w, https:\/\/www.tgrthaber.com\/mavikadin\/wp-content\/uploads\/Adsiz-tasarim-84-3-300x169.jpg 300w, https:\/\/www.tgrthaber.com\/mavikadin\/wp-content\/uploads\/Adsiz-tasarim-84-3-768x432.jpg 768w, https:\/\/www.tgrthaber.com\/mavikadin\/wp-content\/uploads\/Adsiz-tasarim-84-3-1536x864.jpg 1536w, https:\/\/www.tgrthaber.com\/mavikadin\/wp-content\/uploads\/Adsiz-tasarim-84-3.jpg 1600w\" sizes=\"(max-width: 1208px) 100vw, 1208px\" \/><\/p>\n<hr \/>\n<p>Payla\u015ft\u0131\u011f\u0131 foto\u011fraf\u0131n alt\u0131na uzun bir a\u00e7\u0131klama yapan Ay\u015feg\u00fcl Aldin\u00e7, s\u00f6zlerine \u015fu \u015fekilde devam etti: \u201cY\u00fczmeyi bilmeden cesaret edip okyanusa atlay\u0131\u015f\u0131m\u0131n ilk \u015fahidiydi Modern Folk \u00dc\u00e7l\u00fcs\u00fc. Eurovision \u015eark\u0131 Yar\u0131\u015fmas\u0131 kariyerimin ba\u015flang\u0131c\u0131yd\u0131. Me\u015faleyi yakansa onlar. Bu g\u00fc\u00e7l\u00fc \u00fc\u00e7l\u00fcyle kendimi hep g\u00fcvende hissettim. Eurovision\u2019dan sonra \u00fclkemizi \u00e7e\u015fitli d\u00fcnya \u00fclkelerinde temsile devam ettik. Gurubun en esprili, en \u00e7elebi \u00fcyesiydi Selami. 1981 Eurovision\u2019unda dikkatleri \u00e7ekince d\u00f6rt bir yandan teklifler gelmeye ba\u015flad\u0131.\u201d<\/p>\n<p><img loading=\"lazy\" decoding=\"async\" class=\"alignnone wp-image-114087\" src=\"https:\/\/www.tgrthaber.com\/mavikadin\/wp-content\/uploads\/Adsiz-tasarim-83-3-1024x576.jpg\" alt=\"Modern Folk \u00dc\u00e7l\u00fcs\u00fc\u2019n\u00fcn usta ismi Selami Karaibrahimgil hayat\u0131n\u0131 kaybetti! \" width=\"1208\" height=\"680\" title=\"\" srcset=\"https:\/\/www.tgrthaber.com\/mavikadin\/wp-content\/uploads\/Adsiz-tasarim-83-3-1024x576.jpg 1024w, https:\/\/www.tgrthaber.com\/mavikadin\/wp-content\/uploads\/Adsiz-tasarim-83-3-300x169.jpg 300w, https:\/\/www.tgrthaber.com\/mavikadin\/wp-content\/uploads\/Adsiz-tasarim-83-3-768x432.jpg 768w, https:\/\/www.tgrthaber.com\/mavikadin\/wp-content\/uploads\/Adsiz-tasarim-83-3-1536x864.jpg 1536w, https:\/\/www.tgrthaber.com\/mavikadin\/wp-content\/uploads\/Adsiz-tasarim-83-3.jpg 1600w\" sizes=\"(max-width: 1208px) 100vw, 1208px\" \/><\/p>\n<hr \/>\n<h3>\u201cGER\u00c7EKTEN YALAN BU D\u00dcNYA\u201d<\/h3>\n<p>Ba\u015far\u0131l\u0131 sanat\u00e7\u0131 ve oyuncu Ay\u015feg\u00fcl Aldin\u00e7, Instagram hesab\u0131 \u00fczerinden yapt\u0131\u011f\u0131 payla\u015f\u0131mla herkesi derin bir h\u00fczne bo\u011fdu. Arkada\u015f\u0131n\u0131n vefat haberiyle y\u0131k\u0131lan Aldin\u00e7, payla\u015ft\u0131\u011f\u0131 foto\u011fraflar\u0131n alt\u0131na uzun uzun a\u00e7\u0131klamalar yapt\u0131.<\/p>\n<p><img loading=\"lazy\" decoding=\"async\" class=\"alignnone wp-image-114088\" src=\"https:\/\/www.tgrthaber.com\/mavikadin\/wp-content\/uploads\/Adsiz-tasarim-82-4-1024x576.jpg\" alt=\"Modern Folk \u00dc\u00e7l\u00fcs\u00fc\u2019n\u00fcn usta ismi Selami Karaibrahimgil hayat\u0131n\u0131 kaybetti! \" width=\"1208\" height=\"680\" title=\"\" srcset=\"https:\/\/www.tgrthaber.com\/mavikadin\/wp-content\/uploads\/Adsiz-tasarim-82-4-1024x576.jpg 1024w, https:\/\/www.tgrthaber.com\/mavikadin\/wp-content\/uploads\/Adsiz-tasarim-82-4-300x169.jpg 300w, https:\/\/www.tgrthaber.com\/mavikadin\/wp-content\/uploads\/Adsiz-tasarim-82-4-768x432.jpg 768w, https:\/\/www.tgrthaber.com\/mavikadin\/wp-content\/uploads\/Adsiz-tasarim-82-4-1536x864.jpg 1536w, https:\/\/www.tgrthaber.com\/mavikadin\/wp-content\/uploads\/Adsiz-tasarim-82-4.jpg 1600w\" sizes=\"(max-width: 1208px) 100vw, 1208px\" \/><\/p>\n<hr \/>\n<p>Ay\u015feg\u00fcl Aldin\u00e7, dostlar\u0131yla olan foto\u011fraflar\u0131n\u0131n alt\u0131na \u015fu notlar\u0131 d\u00fc\u015ft\u00fc: \u201cNapoli\u2019den Nijnevartovsk\u2019a (Sibirya) sahneler ald\u0131k. Selami m\u00fczisyenli\u011finin yan\u0131 s\u0131ra K\u00fclt\u00fcr ve Turizm Bakanl\u0131\u011f\u0131nda\u00a0Londra ve New York dahil olmak \u00fczere y\u0131llar y\u0131l\u0131 g\u00f6rev yapm\u0131\u015f bir devlet g\u00f6revlisiydi. \u201cSofya\u2019da tek ba\u015f\u0131na sahne almak ister misin?\u201d teklifini seve seve kabul etmi\u015ftim. M\u00fczisyen arkada\u015flar\u0131m\u0131zla birlikte gitmi\u015ftik o da bize e\u015flik etmi\u015fti.\u201d<\/p>\n<p><img loading=\"lazy\" decoding=\"async\" class=\"alignnone wp-image-114089\" src=\"https:\/\/www.tgrthaber.com\/mavikadin\/wp-content\/uploads\/Adsiz-tasarim-88-3-1024x576.jpg\" alt=\"Modern Folk \u00dc\u00e7l\u00fcs\u00fc\u2019n\u00fcn usta ismi Selami Karaibrahimgil hayat\u0131n\u0131 kaybetti! \" width=\"1208\" height=\"680\" title=\"\" srcset=\"https:\/\/www.tgrthaber.com\/mavikadin\/wp-content\/uploads\/Adsiz-tasarim-88-3-1024x576.jpg 1024w, https:\/\/www.tgrthaber.com\/mavikadin\/wp-content\/uploads\/Adsiz-tasarim-88-3-300x169.jpg 300w, https:\/\/www.tgrthaber.com\/mavikadin\/wp-content\/uploads\/Adsiz-tasarim-88-3-768x432.jpg 768w, https:\/\/www.tgrthaber.com\/mavikadin\/wp-content\/uploads\/Adsiz-tasarim-88-3-1536x864.jpg 1536w, https:\/\/www.tgrthaber.com\/mavikadin\/wp-content\/uploads\/Adsiz-tasarim-88-3.jpg 1600w\" sizes=\"(max-width: 1208px) 100vw, 1208px\" \/><\/p>\n<hr \/>\n<p>\u201cBir s\u00fcredir sa\u011fl\u0131k sorunlar\u0131 ya\u015fad\u0131\u011f\u0131n\u0131 Do\u011fan Canku\u2019dan \u00f6\u011frenmi\u015ftim. \u0130nsan ge\u00e7mi\u015fle \u015fimdi aras\u0131na s\u0131k\u0131\u015fm\u0131\u015f bir garip varl\u0131k. Alg\u0131nla ba\u015f edemiyorsun. Herkes kendi hayat\u0131n\u0131n ke\u015fmeke\u015finde savrulurken g\u00fcn geliyor hayat\u0131na de\u011fen bir de\u011ferin, o canl\u0131, matrak, \u00e7al\u0131\u015fkan adam\u0131n bu d\u00fcnyadan g\u00f6\u00e7meden \u00f6nceki tasvirine, gittik\u00e7e t\u00fckenip kaybolu\u015funa ak\u0131l s\u0131r erdiremiyorsun. Ger\u00e7ekten yalan bu d\u00fcnya. Biz tam tersi olur san\u0131rken her kay\u0131pta kendine gelir gibi olup sonra da\u011f\u0131lmaya devam ediyorsun.\u201d<\/p>\n<p>\u201cSevgili e\u015fi Semra\u2019ya, Ahmet\u2019e (Kurtaran)Do\u011fan\u2019a, karde\u015fi S\u00fcavi Karaibrahimgil\u2019e, ye\u011feni Nil Karaibrahimgil\u2019e ve t\u00fcm sevenlerine sab\u0131rlar diliyorum. Mek\u00e2n\u0131 cennet olsun. Rahmetle.\u201d<\/p>\n","protected":false},"excerpt":{"rendered":"<p>Modern Folk \u00dc\u00e7l\u00fcs\u00fc grubunun kurucular\u0131ndan usta sanat\u00e7\u0131 Selami Karaibrahimgil hayat\u0131n\u0131 kaybetti. Karaibrahimgil\u2019den ac\u0131 haber bug\u00fcn geldi. Usta sanat\u00e7\u0131 80 ya\u015f\u0131nda hayata g\u00f6zlerini yumdu. \u0130\u015fte detaylar\u2026 <\/p>\n","protected":false},"author":26,"featured_media":114082,"comment_status":"closed","ping_status":"closed","sticky":false,"template":"","format":"standard","meta":{"rank_math_lock_modified_date":false,"footnotes":""},"categories":[76],"tags":[6360,6359],"class_list":["post-114081","post","type-post","status-publish","format-standard","has-post-thumbnail","hentry","category-magazin","tag-aysegul-aldinc","tag-selami-karaibrahimmgil"],"_links":{"self":[{"href":"https:\/\/www.tgrthaber.com\/mavikadin\/wp-json\/wp\/v2\/posts\/114081"}],"collection":[{"href":"https:\/\/www.tgrthaber.com\/mavikadin\/wp-json\/wp\/v2\/posts"}],"about":[{"href":"https:\/\/www.tgrthaber.com\/mavikadin\/wp-json\/wp\/v2\/types\/post"}],"author":[{"embeddable":true,"href":"https:\/\/www.tgrthaber.com\/mavikadin\/wp-json\/wp\/v2\/users\/26"}],"replies":[{"embeddable":true,"href":"https:\/\/www.tgrthaber.com\/mavikadin\/wp-json\/wp\/v2\/comments?post=114081"}],"version-history":[{"count":1,"href":"https:\/\/www.tgrthaber.com\/mavikadin\/wp-json\/wp\/v2\/posts\/114081\/revisions"}],"predecessor-version":[{"id":114090,"href":"https:\/\/www.tgrthaber.com\/mavikadin\/wp-json\/wp\/v2\/posts\/114081\/revisions\/114090"}],"wp:featuredmedia":[{"embeddable":true,"href":"https:\/\/www.tgrthaber.com\/mavikadin\/wp-json\/wp\/v2\/media\/114082"}],"wp:attachment":[{"href":"https:\/\/www.tgrthaber.com\/mavikadin\/wp-json\/wp\/v2\/media?parent=114081"}],"wp:term":[{"taxonomy":"category","embeddable":true,"href":"https:\/\/www.tgrthaber.com\/mavikadin\/wp-json\/wp\/v2\/categories?post=114081"},{"taxonomy":"post_tag","embeddable":true,"href":"https:\/\/www.tgrthaber.com\/mavikadin\/wp-json\/wp\/v2\/tags?post=114081"}],"curies":[{"name":"wp","href":"https:\/\/api.w.org\/{rel}","templated":true}]}}