{"id":114115,"date":"2024-12-29T14:42:40","date_gmt":"2024-12-29T11:42:40","guid":{"rendered":"https:\/\/www.tgrthaber.com\/mavikadin\/?p=114115"},"modified":"2024-12-29T14:42:40","modified_gmt":"2024-12-29T11:42:40","slug":"baris-yurtcu-kimdir-herkes-onu-deniz-baysalin-esi-olarak-biliyor-ama-o-aslinda","status":"publish","type":"post","link":"https:\/\/www.tgrthaber.com\/mavikadin\/baris-yurtcu-kimdir-herkes-onu-deniz-baysalin-esi-olarak-biliyor-ama-o-aslinda\/","title":{"rendered":"Bar\u0131\u015f Yurt\u00e7u kimdir? Herkes onu Deniz Baysal&#8217;\u0131n e\u015fi olarak biliyor ama o asl\u0131nda&#8230;"},"content":{"rendered":"<p>Oyuncu Deniz Baysal ile evlendikten sonra hayat\u0131 merak edilen Bar\u0131\u015f Yurt\u00e7u kimdir? Herkes onu Deniz Baysal&#8217;\u0131n e\u015fi olarak biliyor ama o asl\u0131nda bir \u015fark\u0131c\u0131. \u0130\u015fte Deniz Baysal\u2019\u0131n e\u015fi Bar\u0131\u015f Yurt\u00e7u hakk\u0131nda merak edilenler&#8230;<\/p>\n<h3>BARI\u015e YURT\u00c7U K\u0130MD\u0130R? HERKES ONU DEN\u0130Z BAYSAL&#8217;IN E\u015e\u0130 OLARAK B\u0130L\u0130YOR AMA O ASLINDA&#8230;<\/h3>\n<p>Aslen Adana k\u00f6kenli olan Bar\u0131\u015f Yurt\u00e7u, 19 May\u0131s 1983 tarihinde d\u00fcnyaya geldi. Kolpa adl\u0131 m\u00fczik grubunun kurucular\u0131 aras\u0131nda yer ald\u0131. Y\u0131ld\u0131z Teknik \u00dcniversitesi Makine M\u00fchendisli\u011fi b\u00f6l\u00fcm\u00fcnden mezun oldu. Bar\u0131\u015f Yurt\u00e7u, 2009 y\u0131l\u0131nda Hayat Senin Mucize \u0130\u015fler, 2010&#8217;da Maximum, 2011&#8217;de Son Nefesim ve Yata\u011f\u0131n So\u011fuk Taraf\u0131, 2014&#8217;te A\u015fk ve Hayat alb\u00fcmleriyle m\u00fczik kariyerine devam etti. 2016&#8217;da Ece Se\u00e7kin ile birlikte Ho\u015f Geldin Ayr\u0131l\u0131\u011fa adl\u0131 par\u00e7ada d\u00fcet yapt\u0131.<\/p>\n<hr \/>\n<h3><img loading=\"lazy\" decoding=\"async\" class=\"alignnone size-full wp-image-114132\" src=\"https:\/\/www.tgrthaber.com\/mavikadin\/wp-content\/uploads\/fgrr.jpg\" alt=\"\" width=\"1208\" height=\"680\" title=\"\" srcset=\"https:\/\/www.tgrthaber.com\/mavikadin\/wp-content\/uploads\/fgrr.jpg 1208w, https:\/\/www.tgrthaber.com\/mavikadin\/wp-content\/uploads\/fgrr-300x169.jpg 300w, https:\/\/www.tgrthaber.com\/mavikadin\/wp-content\/uploads\/fgrr-1024x576.jpg 1024w, https:\/\/www.tgrthaber.com\/mavikadin\/wp-content\/uploads\/fgrr-768x432.jpg 768w\" sizes=\"(max-width: 1208px) 100vw, 1208px\" \/><\/h3>\n<h3>BARI\u015e YURT\u00c7U K\u0130M\u0130NLE EVL\u0130?<\/h3>\n<p>Bar\u0131\u015f Yurt\u00e7u, oyuncu Deniz Baysal ile 2019 y\u0131l\u0131ndan beri evlidir.<\/p>\n<h3>BARI\u015e YURT\u00c7U NE \u0130\u015e YAPAR?<\/h3>\n<p>Solist olarak kariyerini s\u00fcrd\u00fcren Yurt\u00e7u, Kolpa grubunun bir par\u00e7as\u0131 olarak m\u00fczik yapmaya devam etmektedir.<\/p>\n<p><img loading=\"lazy\" decoding=\"async\" class=\"alignnone size-full wp-image-114133\" src=\"https:\/\/www.tgrthaber.com\/mavikadin\/wp-content\/uploads\/fgsdfg.jpg\" alt=\"\" width=\"1208\" height=\"680\" title=\"\" srcset=\"https:\/\/www.tgrthaber.com\/mavikadin\/wp-content\/uploads\/fgsdfg.jpg 1208w, https:\/\/www.tgrthaber.com\/mavikadin\/wp-content\/uploads\/fgsdfg-300x169.jpg 300w, https:\/\/www.tgrthaber.com\/mavikadin\/wp-content\/uploads\/fgsdfg-1024x576.jpg 1024w, https:\/\/www.tgrthaber.com\/mavikadin\/wp-content\/uploads\/fgsdfg-768x432.jpg 768w\" sizes=\"(max-width: 1208px) 100vw, 1208px\" \/><\/p>\n<hr \/>\n<h3>KOLPA&#8217;NIN SOL\u0130ST\u0130 K\u0130M?<\/h3>\n<p>Kolpa Grubu&#8217;nun solisti Deniz Baysal ile evlili\u011fi ile de bilinen Bar\u0131\u015f Yurt\u00e7u&#8217;dur.<\/p>\n<h3>BARI\u015e YURT\u00c7U KA\u00c7 DO\u011eUMLU?<\/h3>\n<p>Bar\u0131\u015f Yurt\u00e7u, 1983 do\u011fumludur.<\/p>\n<p><img loading=\"lazy\" decoding=\"async\" class=\"alignnone size-full wp-image-114134\" src=\"https:\/\/www.tgrthaber.com\/mavikadin\/wp-content\/uploads\/fag.jpg\" alt=\"\" width=\"1208\" height=\"680\" title=\"\" srcset=\"https:\/\/www.tgrthaber.com\/mavikadin\/wp-content\/uploads\/fag.jpg 1208w, https:\/\/www.tgrthaber.com\/mavikadin\/wp-content\/uploads\/fag-300x169.jpg 300w, https:\/\/www.tgrthaber.com\/mavikadin\/wp-content\/uploads\/fag-1024x576.jpg 1024w, https:\/\/www.tgrthaber.com\/mavikadin\/wp-content\/uploads\/fag-768x432.jpg 768w\" sizes=\"(max-width: 1208px) 100vw, 1208px\" \/><\/p>\n<hr \/>\n<h3>BARI\u015e YURT\u00c7U EVL\u0130 M\u0130?<\/h3>\n<p>Bar\u0131\u015f Yurt\u00e7u, oyuncu Deniz Baysal ile evlidir.<\/p>\n<h3>DEN\u0130Z BAYSAL K\u0130MD\u0130R?<\/h3>\n<p>Deniz Baysal ilk olarak, 2011 y\u0131l\u0131nda FOX&#8217;ta yay\u0131mlanan Derin Sular, Bitmeyen \u015eark\u0131 ve Babalar ve Evlatlar gibi baz\u0131 yap\u0131mlarda rol ald\u0131. A\u015fk Ekmek Hayaller adl\u0131 dizide oynad\u0131\u011f\u0131 Karaca Y\u0131lmaz karakteri ile tan\u0131nmaya ba\u015flad\u0131. 2014 yaz\u0131nda Star TV&#8217;de yay\u0131mlanmaya ba\u015flayan Ka\u00e7ak Gelinler adl\u0131 dizideki Kainat Gencer rol\u00fc ile geni\u015f bir takip\u00e7i kitlesi edindi.<\/p>\n<p><img loading=\"lazy\" decoding=\"async\" class=\"alignnone size-full wp-image-114135\" src=\"https:\/\/www.tgrthaber.com\/mavikadin\/wp-content\/uploads\/fgee.jpg\" alt=\"\" width=\"1208\" height=\"680\" title=\"\" srcset=\"https:\/\/www.tgrthaber.com\/mavikadin\/wp-content\/uploads\/fgee.jpg 1208w, https:\/\/www.tgrthaber.com\/mavikadin\/wp-content\/uploads\/fgee-300x169.jpg 300w, https:\/\/www.tgrthaber.com\/mavikadin\/wp-content\/uploads\/fgee-1024x576.jpg 1024w, https:\/\/www.tgrthaber.com\/mavikadin\/wp-content\/uploads\/fgee-768x432.jpg 768w\" sizes=\"(max-width: 1208px) 100vw, 1208px\" \/><\/p>\n<p>2015 y\u0131l\u0131nda Show TV&#8217;de yay\u0131mlanan Beyaz Yalan dizisinde, birbirine sadece fiziksel olarak benzeyen, karakterleri ve ya\u015famlar\u0131 tamamen farkl\u0131 Alara Korel ve Melek Y\u0131lmaz karakterlerini oynad\u0131. 2017-2018 y\u0131llar\u0131 aras\u0131nda, Av\u015far Yap\u0131m imzal\u0131 Fazilet Han\u0131m ve K\u0131zlar\u0131 dizisinde ba\u015frol Hazan \u00c7amk\u0131ran&#8217;\u0131 oynad\u0131. S\u00f6z dizisinde ba\u015frol Savc\u0131 Derya Duman karakterini oynad\u0131. Son olarak, TRT 1&#8217;de yay\u0131mlanan Te\u015fkilat dizisinde Zehra Balaban karakterini oynayarak dizi devam ederken buradan ayr\u0131ld\u0131 ve Kalpazan dizisi ile anla\u015ft\u0131 ancak bu yap\u0131m birka\u00e7 b\u00f6l\u00fcm sonra yay\u0131ndan kald\u0131r\u0131ld\u0131.<\/p>\n","protected":false},"excerpt":{"rendered":"<p>Ba\u015far\u0131l\u0131 oyuncu Deniz Baysal ile evlili\u011finden sonra hayat\u0131 merak edilen \u00fcnl\u00fc \u015fark\u0131c\u0131 Bar\u0131\u015f Yurt\u00e7u kimdir ka\u00e7 ya\u015f\u0131nda? \u0130\u015fte detaylar&#8230;<\/p>\n","protected":false},"author":2,"featured_media":114136,"comment_status":"closed","ping_status":"closed","sticky":false,"template":"","format":"standard","meta":{"rank_math_lock_modified_date":false,"footnotes":""},"categories":[491],"tags":[4065,3374,2848,133],"class_list":["post-114115","post","type-post","status-publish","format-standard","has-post-thumbnail","hentry","category-biyografi","tag-baris-yurtcu","tag-biyografi","tag-deniz-baysal","tag-magazin"],"_links":{"self":[{"href":"https:\/\/www.tgrthaber.com\/mavikadin\/wp-json\/wp\/v2\/posts\/114115"}],"collection":[{"href":"https:\/\/www.tgrthaber.com\/mavikadin\/wp-json\/wp\/v2\/posts"}],"about":[{"href":"https:\/\/www.tgrthaber.com\/mavikadin\/wp-json\/wp\/v2\/types\/post"}],"author":[{"embeddable":true,"href":"https:\/\/www.tgrthaber.com\/mavikadin\/wp-json\/wp\/v2\/users\/2"}],"replies":[{"embeddable":true,"href":"https:\/\/www.tgrthaber.com\/mavikadin\/wp-json\/wp\/v2\/comments?post=114115"}],"version-history":[{"count":1,"href":"https:\/\/www.tgrthaber.com\/mavikadin\/wp-json\/wp\/v2\/posts\/114115\/revisions"}],"predecessor-version":[{"id":114137,"href":"https:\/\/www.tgrthaber.com\/mavikadin\/wp-json\/wp\/v2\/posts\/114115\/revisions\/114137"}],"wp:featuredmedia":[{"embeddable":true,"href":"https:\/\/www.tgrthaber.com\/mavikadin\/wp-json\/wp\/v2\/media\/114136"}],"wp:attachment":[{"href":"https:\/\/www.tgrthaber.com\/mavikadin\/wp-json\/wp\/v2\/media?parent=114115"}],"wp:term":[{"taxonomy":"category","embeddable":true,"href":"https:\/\/www.tgrthaber.com\/mavikadin\/wp-json\/wp\/v2\/categories?post=114115"},{"taxonomy":"post_tag","embeddable":true,"href":"https:\/\/www.tgrthaber.com\/mavikadin\/wp-json\/wp\/v2\/tags?post=114115"}],"curies":[{"name":"wp","href":"https:\/\/api.w.org\/{rel}","templated":true}]}}