{"id":114153,"date":"2024-12-29T16:14:24","date_gmt":"2024-12-29T13:14:24","guid":{"rendered":"https:\/\/www.tgrthaber.com\/mavikadin\/?p=114153"},"modified":"2024-12-29T16:14:24","modified_gmt":"2024-12-29T13:14:24","slug":"sumeyye-karaca-kimdir-unlu-fenomenin-yasi-ve-hayati-arastiriliyor","status":"publish","type":"post","link":"https:\/\/www.tgrthaber.com\/mavikadin\/sumeyye-karaca-kimdir-unlu-fenomenin-yasi-ve-hayati-arastiriliyor\/","title":{"rendered":"S\u00fcmeyye Karaca kimdir? \u00dcnl\u00fc fenomenin ya\u015f\u0131 ve hayat\u0131 ara\u015ft\u0131r\u0131l\u0131yor"},"content":{"rendered":"<p>Sosyal medyada \u00e7ekti\u011fi videolarla fenomen olan S\u00fcmeyye Karaca\u2019n\u0131n kim oldu\u011fu merak ediliyor. Son g\u00fcnlerde sosyal medya kullan\u0131c\u0131lar\u0131 taraf\u0131ndan s\u0131k\u00e7a konu\u015fulan fenomen S\u00fcmeyye Karaca\u2019n\u0131n \u00f6zel hayat\u0131 merak ediliyor. Instagram hesab\u0131nda 277 binden fazla takip\u00e7i kitlesi olan Karaca\u2019n\u0131n ya\u015f\u0131 ve hayat\u0131 ara\u015ft\u0131r\u0131l\u0131yor. Peki, S\u00fcmeyye Karaca kimdir? S\u00fcmeyye Karaca ka\u00e7 ya\u015f\u0131nda, evli mi? S\u00fcmeyye Karaca\u2019n\u0131n mesle\u011fi nedir? S\u00fcmeyye Karaca hakk\u0131nda merak edilenleri sizin i\u00e7in ara\u015ft\u0131rd\u0131k. \u0130\u015fte S\u00fcmeyye Karaca hakk\u0131nda merak edilenler\u2026<\/p>\n<h3>S\u00dcMEYYE KARACA K\u0130MD\u0130R?<\/h3>\n<p>\u00dcnl\u00fc sosyal medya fenomeni S\u00fcmeyye Karaca Kad\u0131o\u011flu, 1997 y\u0131l\u0131nda \u0130stanbul\u2019da d\u00fcnyaya geldi. Aslen Sivas Su\u015fehirli olan Karaca, 6 karde\u015ftir. Kalabal\u0131k bir ailede yeti\u015fen Karaca, ilkokul ve ortaokul e\u011fitimini ba\u015far\u0131yla tamamlam\u0131\u015ft\u0131r. Lise e\u011fitimini a\u00e7\u0131ktan okuyarak bitiren Karaca, bu s\u00fcre\u00e7te 3 y\u0131l boyunca Arap\u00e7a kursuna gitmi\u015ftir.<\/p>\n<p><img loading=\"lazy\" decoding=\"async\" class=\"alignnone wp-image-114155\" src=\"https:\/\/www.tgrthaber.com\/mavikadin\/wp-content\/uploads\/Adsiz-tasarim-98-3-1024x576.jpg\" alt=\"S\u00fcmeyye Karaca kimdir? \u00dcnl\u00fc fenomenin ya\u015f\u0131 ve hayat\u0131 ara\u015ft\u0131r\u0131l\u0131yor\" width=\"1208\" height=\"680\" title=\"\" srcset=\"https:\/\/www.tgrthaber.com\/mavikadin\/wp-content\/uploads\/Adsiz-tasarim-98-3-1024x576.jpg 1024w, https:\/\/www.tgrthaber.com\/mavikadin\/wp-content\/uploads\/Adsiz-tasarim-98-3-300x169.jpg 300w, https:\/\/www.tgrthaber.com\/mavikadin\/wp-content\/uploads\/Adsiz-tasarim-98-3-768x432.jpg 768w, https:\/\/www.tgrthaber.com\/mavikadin\/wp-content\/uploads\/Adsiz-tasarim-98-3-1536x864.jpg 1536w, https:\/\/www.tgrthaber.com\/mavikadin\/wp-content\/uploads\/Adsiz-tasarim-98-3.jpg 1600w\" sizes=\"(max-width: 1208px) 100vw, 1208px\" \/><\/p>\n<hr \/>\n<p>Arap\u00e7a e\u011fitimi g\u00f6rd\u00fc\u011f\u00fc s\u00fcre\u00e7te mutlu olmad\u0131\u011f\u0131n\u0131 a\u00e7\u0131klayan S\u00fcmeyye Karaca, part-time bir\u00e7ok i\u015fte \u00e7al\u0131\u015fm\u0131\u015f ve garsonluk yapm\u0131\u015ft\u0131r. \u0130lerleyen zamanlarda garsonluk yapt\u0131\u011f\u0131 i\u015f yerinde ihtiya\u00e7 olmas\u0131 durumunda mutfa\u011fa giren Karaca, arad\u0131\u011f\u0131 mesle\u011fi bulmu\u015f ve \u015fef olmaya karar vermi\u015ftir.<\/p>\n<h3>S\u00dcMEYYE KARACA\u2019NIN MESLE\u011e\u0130 NED\u0130R?<\/h3>\n<p>Arap\u00e7a e\u011fitimi g\u00f6rd\u00fckten sonra kendini mutfa\u011fa adayan S\u00fcmeyye Karaca, gastronomi alan\u0131nda bir y\u00fcksek\u00f6\u011fretim e\u011fitimi almak istese de bu s\u00fcrecin uzun bir zaman alaca\u011f\u0131n\u0131 d\u00fc\u015f\u00fcnd\u00fc\u011f\u00fcnden dolay\u0131, mutfak akademisine gitmeye karar vermi\u015ftir. Mutfak akademisinde 4 ayl\u0131k e\u011fitim s\u00fcrecini tamamlayan Karaca, 4 ay staj yapm\u0131\u015f ve gastronomi e\u011fitimini ba\u015far\u0131yla tamamlam\u0131\u015ft\u0131r.<\/p>\n<p><img loading=\"lazy\" decoding=\"async\" class=\"alignnone wp-image-114156\" src=\"https:\/\/www.tgrthaber.com\/mavikadin\/wp-content\/uploads\/Adsiz-tasarim-96-3-1024x576.jpg\" alt=\"S\u00fcmeyye Karaca kimdir? \u00dcnl\u00fc fenomenin ya\u015f\u0131 ve hayat\u0131 ara\u015ft\u0131r\u0131l\u0131yor\" width=\"1208\" height=\"680\" title=\"\" srcset=\"https:\/\/www.tgrthaber.com\/mavikadin\/wp-content\/uploads\/Adsiz-tasarim-96-3-1024x576.jpg 1024w, https:\/\/www.tgrthaber.com\/mavikadin\/wp-content\/uploads\/Adsiz-tasarim-96-3-300x169.jpg 300w, https:\/\/www.tgrthaber.com\/mavikadin\/wp-content\/uploads\/Adsiz-tasarim-96-3-768x432.jpg 768w, https:\/\/www.tgrthaber.com\/mavikadin\/wp-content\/uploads\/Adsiz-tasarim-96-3-1536x864.jpg 1536w, https:\/\/www.tgrthaber.com\/mavikadin\/wp-content\/uploads\/Adsiz-tasarim-96-3.jpg 1600w\" sizes=\"(max-width: 1208px) 100vw, 1208px\" \/><\/p>\n<hr \/>\n<p>Ald\u0131\u011f\u0131 e\u011fitimlerle kendini olduk\u00e7a geli\u015ftiren S\u00fcmeyye Karaca, \u015fimdilerde hala kendini geli\u015ftirmeye ve ilerletmeye devam ediyor. Mutfak \u015fefli\u011finin yan\u0131 s\u0131ra sosyal medyada \u00fcretti\u011fi i\u00e7eriklerle ad\u0131ndan s\u0131k\u00e7a s\u00f6z ettiren Karaca, \u00e7ekti\u011fi videolarla sosyal medya fenomenli\u011fi de yap\u0131yor.<\/p>\n<h3>S\u00dcMEYYE KARACA EVL\u0130 M\u0130?<\/h3>\n<p>S\u00fcmeyye Karaca, e\u015fi \u00d6mer Kad\u0131o\u011flu ile 2020 y\u0131l\u0131nda d\u00fcnyaevine girdi. 2020 y\u0131l\u0131ndan bu yana mutlu beraberliklerini devam ettiren \u00e7ift, ili\u015fkilerini g\u00f6zlerden uzak ya\u015famay\u0131 tercih ediyor.<\/p>\n<p><img loading=\"lazy\" decoding=\"async\" class=\"alignnone wp-image-114157\" src=\"https:\/\/www.tgrthaber.com\/mavikadin\/wp-content\/uploads\/Adsiz-tasarim-99-4-1024x576.jpg\" alt=\"S\u00fcmeyye Karaca kimdir? \u00dcnl\u00fc fenomenin ya\u015f\u0131 ve hayat\u0131 ara\u015ft\u0131r\u0131l\u0131yor\" width=\"1208\" height=\"680\" title=\"\" srcset=\"https:\/\/www.tgrthaber.com\/mavikadin\/wp-content\/uploads\/Adsiz-tasarim-99-4-1024x576.jpg 1024w, https:\/\/www.tgrthaber.com\/mavikadin\/wp-content\/uploads\/Adsiz-tasarim-99-4-300x169.jpg 300w, https:\/\/www.tgrthaber.com\/mavikadin\/wp-content\/uploads\/Adsiz-tasarim-99-4-768x432.jpg 768w, https:\/\/www.tgrthaber.com\/mavikadin\/wp-content\/uploads\/Adsiz-tasarim-99-4-1536x864.jpg 1536w, https:\/\/www.tgrthaber.com\/mavikadin\/wp-content\/uploads\/Adsiz-tasarim-99-4.jpg 1600w\" sizes=\"(max-width: 1208px) 100vw, 1208px\" \/><\/p>\n<p>Sosyal medyada 277 binden fazla takip\u00e7isi olan S\u00fcmeyye Karaca, Instagram platformundan \u00fcretti\u011fi i\u00e7eriklerle takip\u00e7ilerine \u00e7e\u015fitli tariflerde bulunuyor. Bunun yan\u0131nda Youtube hesab\u0131na da \u00e7e\u015fitli i\u00e7erikler \u00fcreten Karaca, mutfaktaki el becerileriyle tan\u0131n\u0131yor.<\/p>\n<h3>S\u00dcMEYYE KARACA TESETT\u00dcR\u00dc BIRAKTI MI?<\/h3>\n<p>Yapt\u0131\u011f\u0131 yemek videolar\u0131yla sosyal medyada geni\u015f kitlelere hitap eden S\u00fcmeyye Karaca, tesett\u00fcr\u00fc b\u0131rakt\u0131\u011f\u0131n\u0131 sosyal medya hesab\u0131ndan yapt\u0131\u011f\u0131 payla\u015f\u0131mla a\u00e7\u0131klad\u0131. \u00dcnl\u00fc sosyal medya fenomeni Karaca, ge\u00e7ti\u011fimiz g\u00fcn Instagram hesab\u0131 \u00fczerinden sa\u00e7lar\u0131n\u0131n a\u00e7\u0131k oldu\u011fu bir video payla\u015ft\u0131. Payla\u015ft\u0131\u011f\u0131 videoyla tesett\u00fcr\u00fc b\u0131rakt\u0131\u011f\u0131n\u0131 a\u00e7\u0131klayan Karaca, Instagram hesab\u0131ndan \u00e7o\u011fu videosunu sildi.<\/p>\n<figure id=\"attachment_114158\" aria-describedby=\"caption-attachment-114158\" style=\"width: 1208px\" class=\"wp-caption alignnone\"><img loading=\"lazy\" decoding=\"async\" class=\"wp-image-114158\" src=\"https:\/\/www.tgrthaber.com\/mavikadin\/wp-content\/uploads\/Adsiz-tasarim-100-3-1024x576.jpg\" alt=\"Rabia Karaca (Rabiacaa)\" width=\"1208\" height=\"680\" title=\"\" srcset=\"https:\/\/www.tgrthaber.com\/mavikadin\/wp-content\/uploads\/Adsiz-tasarim-100-3-1024x576.jpg 1024w, https:\/\/www.tgrthaber.com\/mavikadin\/wp-content\/uploads\/Adsiz-tasarim-100-3-300x169.jpg 300w, https:\/\/www.tgrthaber.com\/mavikadin\/wp-content\/uploads\/Adsiz-tasarim-100-3-768x432.jpg 768w, https:\/\/www.tgrthaber.com\/mavikadin\/wp-content\/uploads\/Adsiz-tasarim-100-3-1536x864.jpg 1536w, https:\/\/www.tgrthaber.com\/mavikadin\/wp-content\/uploads\/Adsiz-tasarim-100-3.jpg 1600w\" sizes=\"(max-width: 1208px) 100vw, 1208px\" \/><figcaption id=\"caption-attachment-114158\" class=\"wp-caption-text\">Rabia Karaca (Rabiacaa)<\/figcaption><\/figure>\n<hr \/>\n<p>Tesett\u00fcrl\u00fc halleriyle olan videolar\u0131n\u0131n bir\u00e7o\u011funu silen S\u00fcmeyye Karaca, t\u00fcrbanl\u0131 olan baz\u0131 videolar\u0131n\u0131 kald\u0131rmad\u0131. Profil foto\u011fraf\u0131nda hala kapal\u0131 foto\u011fraf\u0131 olan Karaca\u2019n\u0131n resmi olarak takip\u00e7ilerine bu durumu ne zaman a\u00e7\u0131klayaca\u011f\u0131 merak ediliyor. Kendisi gibi ablas\u0131 da sosyal medya fenomeni olan Rabia Karaca\u2019da (Rabiacaa) k\u0131sa bir s\u00fcre \u00f6nce tesett\u00fcr\u00fc b\u0131rakm\u0131\u015ft\u0131. Tesett\u00fcrden ayr\u0131lan iki k\u0131z karde\u015f, sosyal medya kullan\u0131c\u0131lar\u0131 taraf\u0131ndan son g\u00fcnlerde s\u0131k\u00e7a konu\u015fuluyor.<\/p>\n","protected":false},"excerpt":{"rendered":"<p>\u00dcnl\u00fc sosyal medya fenomeni S\u00fcmeyye Karaca\u2019n\u0131n kim oldu\u011fu merak edildi. Son g\u00fcnlerde sosyal medya kullan\u0131c\u0131lar\u0131 taraf\u0131ndan s\u0131k\u00e7a konu\u015fulan fenomen hakk\u0131nda bilinmeyenler merak ediliyor. \u00dcnl\u00fc fenomenin ya\u015f\u0131 ve hayat\u0131 ara\u015ft\u0131r\u0131l\u0131yor\u2026 <\/p>\n","protected":false},"author":26,"featured_media":114154,"comment_status":"closed","ping_status":"closed","sticky":false,"template":"","format":"standard","meta":{"rank_math_lock_modified_date":false,"footnotes":""},"categories":[491],"tags":[6375,6374,5493],"class_list":["post-114153","post","type-post","status-publish","format-standard","has-post-thumbnail","hentry","category-biyografi","tag-rabia-karaca","tag-sumeyye-karaca","tag-tesettur"],"_links":{"self":[{"href":"https:\/\/www.tgrthaber.com\/mavikadin\/wp-json\/wp\/v2\/posts\/114153"}],"collection":[{"href":"https:\/\/www.tgrthaber.com\/mavikadin\/wp-json\/wp\/v2\/posts"}],"about":[{"href":"https:\/\/www.tgrthaber.com\/mavikadin\/wp-json\/wp\/v2\/types\/post"}],"author":[{"embeddable":true,"href":"https:\/\/www.tgrthaber.com\/mavikadin\/wp-json\/wp\/v2\/users\/26"}],"replies":[{"embeddable":true,"href":"https:\/\/www.tgrthaber.com\/mavikadin\/wp-json\/wp\/v2\/comments?post=114153"}],"version-history":[{"count":2,"href":"https:\/\/www.tgrthaber.com\/mavikadin\/wp-json\/wp\/v2\/posts\/114153\/revisions"}],"predecessor-version":[{"id":114160,"href":"https:\/\/www.tgrthaber.com\/mavikadin\/wp-json\/wp\/v2\/posts\/114153\/revisions\/114160"}],"wp:featuredmedia":[{"embeddable":true,"href":"https:\/\/www.tgrthaber.com\/mavikadin\/wp-json\/wp\/v2\/media\/114154"}],"wp:attachment":[{"href":"https:\/\/www.tgrthaber.com\/mavikadin\/wp-json\/wp\/v2\/media?parent=114153"}],"wp:term":[{"taxonomy":"category","embeddable":true,"href":"https:\/\/www.tgrthaber.com\/mavikadin\/wp-json\/wp\/v2\/categories?post=114153"},{"taxonomy":"post_tag","embeddable":true,"href":"https:\/\/www.tgrthaber.com\/mavikadin\/wp-json\/wp\/v2\/tags?post=114153"}],"curies":[{"name":"wp","href":"https:\/\/api.w.org\/{rel}","templated":true}]}}