{"id":114179,"date":"2024-12-29T17:12:13","date_gmt":"2024-12-29T14:12:13","guid":{"rendered":"https:\/\/www.tgrthaber.com\/mavikadin\/?p=114179"},"modified":"2024-12-29T17:13:27","modified_gmt":"2024-12-29T14:13:27","slug":"sosyal-medya-fenomenleri-mertcan-bahar-ve-sema-sarmis-bosanma-karari-aldi","status":"publish","type":"post","link":"https:\/\/www.tgrthaber.com\/mavikadin\/sosyal-medya-fenomenleri-mertcan-bahar-ve-sema-sarmis-bosanma-karari-aldi\/","title":{"rendered":"Sosyal medya fenomenleri Mertcan Bahar ve Sema Sarm\u0131\u015f bo\u015fanma karar\u0131 ald\u0131!"},"content":{"rendered":"<p>Sosyal medya fenomenleri Mertcan Bahar ve Sema Sarm\u0131\u015f bo\u015fanma karar\u0131 ald\u0131. 7 y\u0131ll\u0131k birlikteliklerini sonland\u0131rmak isteyen \u00e7ift, sosyal medya hesaplar\u0131ndan yapt\u0131klar\u0131 payla\u015f\u0131mla ayr\u0131ld\u0131klar\u0131n\u0131 duyurdu. Sosyal medya ve Youtube i\u00e7erikleriyle tan\u0131nan fenomen \u00e7ift, yak\u0131nda bo\u015fanma davas\u0131 a\u00e7acaklar\u0131n\u0131 takip\u00e7ileriyle payla\u015ft\u0131.<\/p>\n<h3>MERTCAN BAHAR VE SEMA SARMI\u015e BO\u015eANMA KARARI ALDI!<\/h3>\n<p>Sosyal medyada \u00fcrettikleri i\u00e7eriklerle tan\u0131nan ve geni\u015f kitlelere hitap eden sosyal medya fenomenleri Mertcan Bahar ve Sema Sarm\u0131\u015f bo\u015fanma karar\u0131 ald\u0131klar\u0131n\u0131 duyurdu. 7 y\u0131ll\u0131k birlikteliklerini sonland\u0131rma karar\u0131 alan fenomen \u00e7ift, sosyal medya hesaplar\u0131ndan yapt\u0131klar\u0131 payla\u015f\u0131mla ayr\u0131ld\u0131klar\u0131n\u0131 a\u00e7\u0131klad\u0131.<\/p>\n<p><img loading=\"lazy\" decoding=\"async\" class=\"alignnone wp-image-114183\" src=\"https:\/\/www.tgrthaber.com\/mavikadin\/wp-content\/uploads\/Adsiz-tasarim-2024-12-29T170635.736-1024x576.jpg\" alt=\"Sosyal medya fenomenleri Mertcan Bahar ve Sema Sarm\u0131\u015f bo\u015fanma karar\u0131 ald\u0131! \" width=\"1208\" height=\"680\" title=\"\" srcset=\"https:\/\/www.tgrthaber.com\/mavikadin\/wp-content\/uploads\/Adsiz-tasarim-2024-12-29T170635.736-1024x576.jpg 1024w, https:\/\/www.tgrthaber.com\/mavikadin\/wp-content\/uploads\/Adsiz-tasarim-2024-12-29T170635.736-300x169.jpg 300w, https:\/\/www.tgrthaber.com\/mavikadin\/wp-content\/uploads\/Adsiz-tasarim-2024-12-29T170635.736-768x432.jpg 768w, https:\/\/www.tgrthaber.com\/mavikadin\/wp-content\/uploads\/Adsiz-tasarim-2024-12-29T170635.736-1536x864.jpg 1536w, https:\/\/www.tgrthaber.com\/mavikadin\/wp-content\/uploads\/Adsiz-tasarim-2024-12-29T170635.736.jpg 1600w\" sizes=\"(max-width: 1208px) 100vw, 1208px\" \/><\/p>\n<hr \/>\n<p>Sosyal medya ve Youtube i\u00e7erikleriyle tan\u0131nan fenomen \u00e7ift, yak\u0131nda bo\u015fanma davas\u0131 a\u00e7acaklar\u0131n\u0131 takip\u00e7ileriyle payla\u015ft\u0131. Takip\u00e7ileri fenomen \u00e7iftin ayr\u0131lma karar\u0131 \u00fczerine \u00fcz\u00fcnt\u00fclerini dile getirdi. \u00c7iftin takip\u00e7ileri sosyal medya payla\u015f\u0131mlar\u0131n\u0131n alt\u0131na neden ayr\u0131ld\u0131klar\u0131na dair sorular sordu. \u00c7iftin hen\u00fcz hangi sebeple ayr\u0131ld\u0131\u011f\u0131 bilinmiyor.<\/p>\n<h3>ARTIK MERTCANLA B\u0130RB\u0130R\u0130M\u0130Z\u0130N HAYATINDA YER ALMIYORUZ!<\/h3>\n<p>Fenomen \u00e7iftten Sema Sarm\u0131\u015f, sosyal medya hesab\u0131ndan yapt\u0131\u011f\u0131 a\u00e7\u0131klamayla e\u015fi Mertcan Bahar ile ayr\u0131lma karar\u0131 ald\u0131klar\u0131n\u0131 a\u00e7\u0131klad\u0131. Sarm\u0131\u015f, Instagram hesab\u0131ndan yapt\u0131\u011f\u0131 payla\u015f\u0131ma:<\/p>\n<p>\u201cArkada\u015flar Mertcanla olan 7 y\u0131ll\u0131k birlikteli\u011fimizin bug\u00fcn sonuna geldik. Baz\u0131 nedenlerden dolay\u0131 evlili\u011fimiz bitmek zorunda kald\u0131. Yine de ya\u015fanan her \u015feye ra\u011fmen sayg\u0131 \u00e7er\u00e7evesinde ayr\u0131ld\u0131k. Yak\u0131nda bo\u015fanma davas\u0131 da a\u00e7\u0131lacak. Art\u0131k Mertcanla birbirimizin hayat\u0131nda yer alm\u0131yoruz. Biliyorum, bende \u00e7ok \u00fczg\u00fcn\u00fcm. Ama bu olmas\u0131 gereken, bundan sonra ya\u015fad\u0131\u011f\u0131 hi\u00e7bir \u015fey beni alakadar etmiyor.\u201d notunu d\u00fc\u015ft\u00fc.<\/p>\n<p><img loading=\"lazy\" decoding=\"async\" class=\"alignnone wp-image-114184\" src=\"https:\/\/www.tgrthaber.com\/mavikadin\/wp-content\/uploads\/Adsiz-tasarim-2024-12-29T170757.434-1024x576.jpg\" alt=\"Sosyal medya fenomenleri Mertcan Bahar ve Sema Sarm\u0131\u015f bo\u015fanma karar\u0131 ald\u0131! \" width=\"1208\" height=\"680\" title=\"\" srcset=\"https:\/\/www.tgrthaber.com\/mavikadin\/wp-content\/uploads\/Adsiz-tasarim-2024-12-29T170757.434-1024x576.jpg 1024w, https:\/\/www.tgrthaber.com\/mavikadin\/wp-content\/uploads\/Adsiz-tasarim-2024-12-29T170757.434-300x169.jpg 300w, https:\/\/www.tgrthaber.com\/mavikadin\/wp-content\/uploads\/Adsiz-tasarim-2024-12-29T170757.434-768x432.jpg 768w, https:\/\/www.tgrthaber.com\/mavikadin\/wp-content\/uploads\/Adsiz-tasarim-2024-12-29T170757.434-1536x864.jpg 1536w, https:\/\/www.tgrthaber.com\/mavikadin\/wp-content\/uploads\/Adsiz-tasarim-2024-12-29T170757.434.jpg 1600w\" sizes=\"(max-width: 1208px) 100vw, 1208px\" \/><\/p>\n<hr \/>\n<p>Sema Sarm\u0131\u015f, yapt\u0131\u011f\u0131 a\u00e7\u0131klamaya ek olarak, \u201cMertcan\u2019\u0131n ailesine olan sevgi ve sayg\u0131mdan dolay\u0131 daha fazlas\u0131n\u0131 s\u00f6ylemeyece\u011fim. Ama ya\u015fan\u0131lanlar ve ya\u015fat\u0131lanlar do\u011fru de\u011fildi.\u201d ifadelerine yer verdi.<\/p>\n<h3>\u201cS\u00d6YLEYECEK S\u00d6Z YOK\u201d<\/h3>\n<p>Sosyal medya fenomeni Mertcan Bahar ise Sema Sarm\u0131\u015f\u2019\u0131n payla\u015f\u0131m\u0131na alt\u0131nt\u0131lama yaparak \u015fu a\u00e7\u0131klamalarda bulundu.<\/p>\n<p>\u201cS\u00f6ylenecek s\u00f6z yok, beceremem de zaten. Ama iyi ki hayat\u0131ma girdin. Bu muhte\u015fem 7 sene i\u00e7in sonsuz te\u015fekk\u00fcr ederim. Her \u015fey ili\u015fki veya evlilik de\u011fildir. Seni seviyorum.\u201d<\/p>\n<h3>MERTCAN BAHAR K\u0130MD\u0130R?<\/h3>\n<p><img loading=\"lazy\" decoding=\"async\" class=\"alignnone wp-image-114185\" src=\"https:\/\/www.tgrthaber.com\/mavikadin\/wp-content\/uploads\/Adsiz-tasarim-2024-12-29T170608.758-1024x576.jpg\" alt=\"Sosyal medya fenomenleri Mertcan Bahar ve Sema Sarm\u0131\u015f bo\u015fanma karar\u0131 ald\u0131! \" width=\"1208\" height=\"680\" title=\"\" srcset=\"https:\/\/www.tgrthaber.com\/mavikadin\/wp-content\/uploads\/Adsiz-tasarim-2024-12-29T170608.758-1024x576.jpg 1024w, https:\/\/www.tgrthaber.com\/mavikadin\/wp-content\/uploads\/Adsiz-tasarim-2024-12-29T170608.758-300x169.jpg 300w, https:\/\/www.tgrthaber.com\/mavikadin\/wp-content\/uploads\/Adsiz-tasarim-2024-12-29T170608.758-768x432.jpg 768w, https:\/\/www.tgrthaber.com\/mavikadin\/wp-content\/uploads\/Adsiz-tasarim-2024-12-29T170608.758-1536x864.jpg 1536w, https:\/\/www.tgrthaber.com\/mavikadin\/wp-content\/uploads\/Adsiz-tasarim-2024-12-29T170608.758.jpg 1600w\" sizes=\"(max-width: 1208px) 100vw, 1208px\" \/><\/p>\n<hr \/>\n<p>Mertcan Bahar, 1998 y\u0131l\u0131nda Trabzon\u2019da d\u00fcnyaya geldi. Oyunculuk kariyerine 2015 y\u0131l\u0131nda yay\u0131mlanan \u201cPi\u015ft\u201d adl\u0131 sinema filmiyle ad\u0131m atan Bahar, bu sinema filmiyle ad\u0131ndan s\u00f6z ettirdi. Daha sonra sosyal medya payla\u015f\u0131mlar\u0131yla s\u0131k s\u0131k g\u00fcndeme gelen Bahar, milyonlarca takip\u00e7i say\u0131s\u0131na ula\u015farak sosyal medya fenomeni haline geldi. YouTube hesab\u0131nda yapt\u0131\u011f\u0131 i\u00e7eriklerle takip\u00e7ilerini g\u00fcld\u00fcren Bahar, geni\u015f bir izleyici kitlesine sahip.<\/p>\n<h3>SEMA SARMI\u015e K\u0130MD\u0130R?<\/h3>\n<p><img loading=\"lazy\" decoding=\"async\" class=\"alignnone wp-image-114186\" src=\"https:\/\/www.tgrthaber.com\/mavikadin\/wp-content\/uploads\/Adsiz-tasarim-2024-12-29T170618.021-1024x576.jpg\" alt=\"Sosyal medya fenomenleri Mertcan Bahar ve Sema Sarm\u0131\u015f bo\u015fanma karar\u0131 ald\u0131! \" width=\"1208\" height=\"680\" title=\"\" srcset=\"https:\/\/www.tgrthaber.com\/mavikadin\/wp-content\/uploads\/Adsiz-tasarim-2024-12-29T170618.021-1024x576.jpg 1024w, https:\/\/www.tgrthaber.com\/mavikadin\/wp-content\/uploads\/Adsiz-tasarim-2024-12-29T170618.021-300x169.jpg 300w, https:\/\/www.tgrthaber.com\/mavikadin\/wp-content\/uploads\/Adsiz-tasarim-2024-12-29T170618.021-768x432.jpg 768w, https:\/\/www.tgrthaber.com\/mavikadin\/wp-content\/uploads\/Adsiz-tasarim-2024-12-29T170618.021-1536x864.jpg 1536w, https:\/\/www.tgrthaber.com\/mavikadin\/wp-content\/uploads\/Adsiz-tasarim-2024-12-29T170618.021.jpg 1600w\" sizes=\"(max-width: 1208px) 100vw, 1208px\" \/><\/p>\n<hr \/>\n<p>Sosyal medya fenomeni ve YouTube i\u00e7erik \u00fcreticisi Mertcan Bahar\u2019\u0131n e\u015fi Sema Sarm\u0131\u015f, 1998 y\u0131l\u0131nda Ayd\u0131n S\u00f6ke\u2019de d\u00fcnyaya geldi. Lise e\u011fitimini G\u00fczel Sanatlar Lisesi\u2019nde tamamlayan Sarm\u0131\u015f, y\u00fcksek\u00f6\u011frenimini \u0130stanbul \u00dcniversitesi\u2019nde Radyo, Televizyon ve Sinema b\u00f6l\u00fcm\u00fc okuyarak tamamlad\u0131. \u0130stanbul\u2019a yerle\u015ftikten sonra sosyal medya payla\u015f\u0131mlar\u0131n\u0131 aktif olarak ger\u00e7ekle\u015ftiren Sarm\u0131\u015f, ilerleyen zamanlarda geni\u015f bir takip\u00e7i kitlesine ula\u015farak ad\u0131n\u0131 duyurdu.<\/p>\n<p>&nbsp;<\/p>\n","protected":false},"excerpt":{"rendered":"<p>Sosyal medyada i\u00e7erik \u00fcreten Mertcan Bahar ve Sema Sarm\u0131\u015f 7 y\u0131ll\u0131k birlikteliklerini bitirme karar\u0131 ald\u0131. \u00dcnl\u00fc sosyal medya fenomenleri bo\u015fanma kararlar\u0131n\u0131 takip\u00e7ileriyle payla\u015ft\u0131. \u0130\u015fte ayr\u0131nt\u0131lar\u2026 <\/p>\n","protected":false},"author":26,"featured_media":114188,"comment_status":"closed","ping_status":"closed","sticky":false,"template":"","format":"standard","meta":{"rank_math_lock_modified_date":false,"footnotes":""},"categories":[76],"tags":[6378,6379],"class_list":["post-114179","post","type-post","status-publish","format-standard","has-post-thumbnail","hentry","category-magazin","tag-mertcan-bahar","tag-sema-sarmis"],"_links":{"self":[{"href":"https:\/\/www.tgrthaber.com\/mavikadin\/wp-json\/wp\/v2\/posts\/114179"}],"collection":[{"href":"https:\/\/www.tgrthaber.com\/mavikadin\/wp-json\/wp\/v2\/posts"}],"about":[{"href":"https:\/\/www.tgrthaber.com\/mavikadin\/wp-json\/wp\/v2\/types\/post"}],"author":[{"embeddable":true,"href":"https:\/\/www.tgrthaber.com\/mavikadin\/wp-json\/wp\/v2\/users\/26"}],"replies":[{"embeddable":true,"href":"https:\/\/www.tgrthaber.com\/mavikadin\/wp-json\/wp\/v2\/comments?post=114179"}],"version-history":[{"count":1,"href":"https:\/\/www.tgrthaber.com\/mavikadin\/wp-json\/wp\/v2\/posts\/114179\/revisions"}],"predecessor-version":[{"id":114187,"href":"https:\/\/www.tgrthaber.com\/mavikadin\/wp-json\/wp\/v2\/posts\/114179\/revisions\/114187"}],"wp:featuredmedia":[{"embeddable":true,"href":"https:\/\/www.tgrthaber.com\/mavikadin\/wp-json\/wp\/v2\/media\/114188"}],"wp:attachment":[{"href":"https:\/\/www.tgrthaber.com\/mavikadin\/wp-json\/wp\/v2\/media?parent=114179"}],"wp:term":[{"taxonomy":"category","embeddable":true,"href":"https:\/\/www.tgrthaber.com\/mavikadin\/wp-json\/wp\/v2\/categories?post=114179"},{"taxonomy":"post_tag","embeddable":true,"href":"https:\/\/www.tgrthaber.com\/mavikadin\/wp-json\/wp\/v2\/tags?post=114179"}],"curies":[{"name":"wp","href":"https:\/\/api.w.org\/{rel}","templated":true}]}}