{"id":114205,"date":"2024-12-29T18:32:55","date_gmt":"2024-12-29T15:32:55","guid":{"rendered":"https:\/\/www.tgrthaber.com\/mavikadin\/?p=114205"},"modified":"2024-12-29T18:33:39","modified_gmt":"2024-12-29T15:33:39","slug":"kizilcik-serbeti-emrah-altintoprak-yangin-sahnesinin-setinden-eglenceli-anlari-paylasti","status":"publish","type":"post","link":"https:\/\/www.tgrthaber.com\/mavikadin\/kizilcik-serbeti-emrah-altintoprak-yangin-sahnesinin-setinden-eglenceli-anlari-paylasti\/","title":{"rendered":"K\u0131z\u0131lc\u0131k \u015eerbeti Emrah Alt\u0131ntoprak yang\u0131n sahnesinin setinden e\u011flenceli anlar\u0131 payla\u015ft\u0131!"},"content":{"rendered":"<p class=\"p1\">Ekranlar\u0131n fenomen dizisi <i>K\u0131z\u0131lc\u0131k \u015eerbeti<\/i>, her cuma ak\u015fam\u0131 izleyicileri ekran ba\u015f\u0131na kilitlemeye devam ediyor. Son b\u00f6l\u00fcmdeki etkileyici yang\u0131n sahnesi, hem gerilimi hem de duygusal anlar\u0131 zirveye ta\u015f\u0131yarak izleyicilerden tam not ald\u0131. Bu sahnenin yank\u0131lar\u0131 s\u00fcrerken, dizinin sevilen oyuncular\u0131ndan Emrah Alt\u0131ntoprak, yang\u0131n sahnesinin \u00e7ekimlerinden e\u011flenceli anlar\u0131 sosyal medya hesab\u0131nda payla\u015ft\u0131. Alt\u0131ntoprak\u2019\u0131n samimi ve ne\u015feli g\u00f6r\u00fcnt\u00fcleri, k\u0131sa s\u00fcrede sosyal medyada b\u00fcy\u00fck ilgi g\u00f6rd\u00fc ve g\u00fcndem oldu. Hem oyuncular\u0131n enerjik halleri hem de sahnenin perde arkas\u0131 detaylar\u0131, dizinin hayranlar\u0131 taraf\u0131ndan be\u011feniyle kar\u015f\u0131land\u0131. <i>K\u0131z\u0131lc\u0131k \u015eerbeti<\/i>, yaln\u0131zca hikayesiyle de\u011fil, oyuncular\u0131n\u0131n samimiyetiyle de izleyicilerle g\u00fc\u00e7l\u00fc bir ba\u011f kurmaya devam ediyor.<\/p>\n<h3>KIZILCIK \u015eERBET\u0130 YANGIN SET\u0130NDEN E\u011eLENCEL\u0130 ANLAR<\/h3>\n<p class=\"p2\">Her cuma ak\u015fam\u0131 izleyiciyi ekran ba\u015f\u0131na kilitleyen <i>K\u0131z\u0131lc\u0131k \u015eerbeti<\/i>, bu kez unutulmaz bir yang\u0131n sahnesiyle haf\u0131zalara kaz\u0131nd\u0131. 82. b\u00f6l\u00fcmde ya\u015fanan dramatik anlar, dizinin heyecan seviyesini zirveye ta\u015f\u0131rken, olaylar\u0131n ard\u0131ndan hayatta kalanlar\u0131n kim oldu\u011fu sorusu merakla bekleniyor. \u0130zleyiciler, sosyal medyada sahneyle ilgili tahminlerini payla\u015farak karakterlerin kaderine dair yo\u011fun bir tart\u0131\u015fma ba\u015flatt\u0131. \u00d6zellikle diziden ayr\u0131lacak isimler hakk\u0131nda ortaya at\u0131lan iddialar, g\u00fcndemi hareketlendirdi.<\/p>\n<div style=\"width: 640px;\" class=\"wp-video\"><!--[if lt IE 9]><script>document.createElement('video');<\/script><![endif]-->\n<video class=\"wp-video-shortcode\" id=\"video-114205-1\" width=\"640\" height=\"1138\" preload=\"metadata\" controls=\"controls\"><source type=\"video\/mp4\" src=\"https:\/\/www.tgrthaber.com\/mavikadin\/wp-content\/uploads\/k.mp4?_=1\" \/><a href=\"https:\/\/www.tgrthaber.com\/mavikadin\/wp-content\/uploads\/k.mp4\">https:\/\/www.tgrthaber.com\/mavikadin\/wp-content\/uploads\/k.mp4<\/a><\/video><\/div>\n<p class=\"p2\">Yang\u0131n sahnesi sadece ekran ba\u015f\u0131nda de\u011fil, kamera arkas\u0131nda da yo\u011fun bir \u00e7al\u0131\u015fman\u0131n \u00fcr\u00fcn\u00fcyd\u00fc. &#8216;Mustafa&#8217; karakterini oynayan Emrah Alt\u0131ntoprak, bu gerilim dolu sahnelerin ard\u0131ndan setten payla\u015ft\u0131\u011f\u0131 e\u011flenceli anlarla hayranlar\u0131n\u0131 g\u00fcld\u00fcrd\u00fc. \u00dcnl\u00fc oyuncunun payla\u015f\u0131mlar\u0131nda oyuncular\u0131n setteki ne\u015feli halleri ve ekip aras\u0131ndaki uyum g\u00f6zler \u00f6n\u00fcne serildi. Alt\u0131ntoprak\u2019\u0131n payla\u015f\u0131m\u0131 k\u0131sa s\u00fcrede binlerce be\u011feni ve yorum alarak sosyal medyada g\u00fcndem oldu.<\/p>\n<p class=\"p2\">Bu e\u011flenceli payla\u015f\u0131mlar, dizinin yo\u011fun atmosferinin arkas\u0131nda enerjik bir ekip \u00e7al\u0131\u015fmas\u0131n\u0131n oldu\u011funu bir kez daha kan\u0131tlad\u0131. Hayranlar, <i>K\u0131z\u0131lc\u0131k \u015eerbeti<\/i> ekibinin hem sahne \u00f6n\u00fcnde hem de kamera arkas\u0131nda sergiledi\u011fi profesyonelli\u011fi takdir ederken, yang\u0131n sahnesinin ard\u0131ndaki teknik ba\u015far\u0131ya da \u00f6vg\u00fcler ya\u011fd\u0131rd\u0131. Dizinin ilerleyen b\u00f6l\u00fcmlerinde neler ya\u015fanaca\u011f\u0131 b\u00fcy\u00fck bir merakla beklenirken, sosyal medya \u00fczerindeki tart\u0131\u015fmalar ve tahminler heyecan\u0131 diri tutuyor. <i>K\u0131z\u0131lc\u0131k \u015eerbeti<\/i>, s\u00fcr\u00fckleyici hikayesi ve ba\u015far\u0131l\u0131 oyuncu kadrosuyla cuma ak\u015famlar\u0131n\u0131n vazge\u00e7ilmezi olmaya devam ediyor.<\/p>\n<p><img loading=\"lazy\" decoding=\"async\" class=\"alignnone wp-image-114207 \" src=\"https:\/\/www.tgrthaber.com\/mavikadin\/wp-content\/uploads\/Ekran-Resmi-2024-12-29-18.21.06.png\" alt=\"\" width=\"991\" height=\"576\" title=\"\" srcset=\"https:\/\/www.tgrthaber.com\/mavikadin\/wp-content\/uploads\/Ekran-Resmi-2024-12-29-18.21.06.png 970w, https:\/\/www.tgrthaber.com\/mavikadin\/wp-content\/uploads\/Ekran-Resmi-2024-12-29-18.21.06-300x174.png 300w, https:\/\/www.tgrthaber.com\/mavikadin\/wp-content\/uploads\/Ekran-Resmi-2024-12-29-18.21.06-768x447.png 768w\" sizes=\"(max-width: 991px) 100vw, 991px\" \/><\/p>\n<hr \/>\n<h3 class=\"p1\">KIZILCIK \u015eERBET\u0130 YEN\u0130 B\u00d6L\u00dcMDE NELER OLACAK?<\/h3>\n<p class=\"p1\"><i>K\u0131z\u0131lc\u0131k \u015eerbeti<\/i> dizisinin 83. b\u00f6l\u00fcm\u00fc, yang\u0131n sahnesinin ard\u0131ndan hikayenin alaca\u011f\u0131 y\u00f6n\u00fc merak eden izleyicileri b\u00fcy\u00fck bir heyecanla bekletiyor. Dram dolu olaylar sonras\u0131nda, karakterlerin hayatta kal\u0131p kalmad\u0131\u011f\u0131 ve hikayenin nas\u0131l bir yola evrilece\u011fi, dizinin takip\u00e7ileri aras\u0131nda en \u00e7ok konu\u015fulan konular aras\u0131nda yer al\u0131yor.<\/p>\n<p><img loading=\"lazy\" decoding=\"async\" class=\"alignnone wp-image-114208 size-full\" src=\"https:\/\/www.tgrthaber.com\/mavikadin\/wp-content\/uploads\/Kizilcik-Serbeti-Emrah-Altintoprak-yangin-sahnesinin-setinden-eglenceli-anlari-paylasti5.png\" alt=\"\" width=\"1208\" height=\"720\" title=\"\" srcset=\"https:\/\/www.tgrthaber.com\/mavikadin\/wp-content\/uploads\/Kizilcik-Serbeti-Emrah-Altintoprak-yangin-sahnesinin-setinden-eglenceli-anlari-paylasti5.png 1208w, https:\/\/www.tgrthaber.com\/mavikadin\/wp-content\/uploads\/Kizilcik-Serbeti-Emrah-Altintoprak-yangin-sahnesinin-setinden-eglenceli-anlari-paylasti5-300x179.png 300w, https:\/\/www.tgrthaber.com\/mavikadin\/wp-content\/uploads\/Kizilcik-Serbeti-Emrah-Altintoprak-yangin-sahnesinin-setinden-eglenceli-anlari-paylasti5-1024x610.png 1024w, https:\/\/www.tgrthaber.com\/mavikadin\/wp-content\/uploads\/Kizilcik-Serbeti-Emrah-Altintoprak-yangin-sahnesinin-setinden-eglenceli-anlari-paylasti5-768x458.png 768w\" sizes=\"(max-width: 1208px) 100vw, 1208px\" \/><\/p>\n<hr \/>\n<p class=\"p1\">Sosyal medya platformlar\u0131nda \u015fimdiden pek \u00e7ok teori ortaya at\u0131lm\u0131\u015f durumda. Kimileri yang\u0131n\u0131n arkas\u0131nda gizli bir d\u00fc\u015fman\u0131n oldu\u011funu \u00f6ne s\u00fcrerken, kimileri bu olay\u0131n yeni bir ba\u015flang\u0131c\u0131n fitilini ate\u015fleyece\u011fini d\u00fc\u015f\u00fcn\u00fcyor. \u00d6zellikle dizinin ba\u015f karakterlerinden birinin kaderiyle ilgili belirsizlik, izleyicilerde hem endi\u015fe hem de merak uyand\u0131r\u0131yor. Fragman hen\u00fcz yay\u0131nlanmam\u0131\u015f olsa da kulislerden s\u0131zan ipu\u00e7lar\u0131, 83. b\u00f6l\u00fcmde gerilim kadar duygu y\u00fckl\u00fc anlar\u0131n da izleyiciyi bekledi\u011fini g\u00f6steriyor. Yang\u0131n\u0131n b\u0131rakt\u0131\u011f\u0131 izler ve karakterler aras\u0131ndaki ili\u015fkilerde ya\u015fanacak de\u011fi\u015fimler, dizinin hikayesini derinle\u015ftirecek gibi g\u00f6r\u00fcn\u00fcyor.<\/p>\n","protected":false},"excerpt":{"rendered":"<p>Ekranlar\u0131n sevilen dizisi K\u0131z\u0131lc\u0131k \u015eerbeti, her cuma izleyiciyi ekran ba\u015f\u0131na kilitliyor. Son b\u00f6l\u00fcmdeki etkileyici yang\u0131n sahnesi, gerilim ve duygusal anlar\u0131 zirveye ta\u015f\u0131yarak izleyicilerden tam not ald\u0131. Sahnenin yank\u0131lar\u0131 s\u00fcrerken, Emrah Alt\u0131ntoprak&#8217;\u0131n setten payla\u015ft\u0131\u011f\u0131 e\u011flenceli anlar sosyal medyada b\u00fcy\u00fck ilgi g\u00f6rd\u00fc.<\/p>\n","protected":false},"author":16,"featured_media":114209,"comment_status":"closed","ping_status":"closed","sticky":false,"template":"","format":"standard","meta":{"rank_math_lock_modified_date":false,"footnotes":""},"categories":[76],"tags":[6384,6383,6238],"class_list":["post-114205","post","type-post","status-publish","format-standard","has-post-thumbnail","hentry","category-magazin","tag-kizilcik-serbeti-emrah-altintoprak-yangin","tag-kizilcik-serbeti-emrah-altintoprak-yangin-sahnesi","tag-kizilcik-serbeti-yangin-sahnesi"],"_links":{"self":[{"href":"https:\/\/www.tgrthaber.com\/mavikadin\/wp-json\/wp\/v2\/posts\/114205"}],"collection":[{"href":"https:\/\/www.tgrthaber.com\/mavikadin\/wp-json\/wp\/v2\/posts"}],"about":[{"href":"https:\/\/www.tgrthaber.com\/mavikadin\/wp-json\/wp\/v2\/types\/post"}],"author":[{"embeddable":true,"href":"https:\/\/www.tgrthaber.com\/mavikadin\/wp-json\/wp\/v2\/users\/16"}],"replies":[{"embeddable":true,"href":"https:\/\/www.tgrthaber.com\/mavikadin\/wp-json\/wp\/v2\/comments?post=114205"}],"version-history":[{"count":1,"href":"https:\/\/www.tgrthaber.com\/mavikadin\/wp-json\/wp\/v2\/posts\/114205\/revisions"}],"predecessor-version":[{"id":114210,"href":"https:\/\/www.tgrthaber.com\/mavikadin\/wp-json\/wp\/v2\/posts\/114205\/revisions\/114210"}],"wp:featuredmedia":[{"embeddable":true,"href":"https:\/\/www.tgrthaber.com\/mavikadin\/wp-json\/wp\/v2\/media\/114209"}],"wp:attachment":[{"href":"https:\/\/www.tgrthaber.com\/mavikadin\/wp-json\/wp\/v2\/media?parent=114205"}],"wp:term":[{"taxonomy":"category","embeddable":true,"href":"https:\/\/www.tgrthaber.com\/mavikadin\/wp-json\/wp\/v2\/categories?post=114205"},{"taxonomy":"post_tag","embeddable":true,"href":"https:\/\/www.tgrthaber.com\/mavikadin\/wp-json\/wp\/v2\/tags?post=114205"}],"curies":[{"name":"wp","href":"https:\/\/api.w.org\/{rel}","templated":true}]}}