{"id":114269,"date":"2024-12-29T21:30:58","date_gmt":"2024-12-29T18:30:58","guid":{"rendered":"https:\/\/www.tgrthaber.com\/mavikadin\/?p=114269"},"modified":"2024-12-29T21:42:37","modified_gmt":"2024-12-29T18:42:37","slug":"gassal-dizisine-damga-vuran-sahin-kendirci-icim-yanar-sarkisi-kime-ait-sozleri-ne","status":"publish","type":"post","link":"https:\/\/www.tgrthaber.com\/mavikadin\/gassal-dizisine-damga-vuran-sahin-kendirci-icim-yanar-sarkisi-kime-ait-sozleri-ne\/","title":{"rendered":"Gassal dizisine damga vuran \u015eahin Kendirci &#8216;\u0130\u00e7im Yanar&#8217; \u015fark\u0131s\u0131 kime ait s\u00f6zleri ne?"},"content":{"rendered":"<p>TRT&#8217;nin \u00e7evrimi\u00e7i platformu Tabii&#8217;de yay\u0131mlanan ve k\u0131sa s\u00fcrede geni\u015f takdir toplayan &#8220;Gassal&#8221; dizisinin ezgileri, \u00f6zellikle &#8220;\u0130\u00e7im Yanar&#8221; t\u00fcrk\u00fcs\u00fcyle dikkat \u00e7ekti. Gassal dizisine damga vuran \u015eahin Kendirci &#8216;\u0130\u00e7im Yanar&#8217; \u015fark\u0131s\u0131 kime ait s\u00f6zleri ne?<\/p>\n<h3>GASSAL D\u0130Z\u0130S\u0130NDEK\u0130 \u015eAH\u0130N KEND\u0130RC\u0130 &#8216;\u0130\u00c7\u0130M YANAR&#8217; \u015eARKISI K\u0130ME A\u0130T S\u00d6ZLER\u0130 NE?<\/h3>\n<p>Gassal Dizisiyle g\u00fcndeme gelen &#8220;\u0130\u00e7im Yanar&#8221; adl\u0131 eserin kime ait oldu\u011fu ve s\u00f6zleri ilgi uyand\u0131r\u0131yor. Sesiyle herkesi etkisi alt\u0131na alan gen\u00e7 \u015fark\u0131c\u0131 \u015eahin Kendirci&#8217;nin yorumuyla ekrana gelen bu \u015fark\u0131 y\u0131llar \u00f6ncesine ait. Gassal dizisine damga vuran \u015eahin Kendirci &#8216;\u0130\u00e7im Yanar&#8217; \u015fark\u0131s\u0131 kime ait s\u00f6zleri ne? \u0130\u015fte detaylar&#8230;<\/p>\n<p><img loading=\"lazy\" decoding=\"async\" class=\"alignnone size-full wp-image-114284\" src=\"https:\/\/www.tgrthaber.com\/mavikadin\/wp-content\/uploads\/fgaaad.jpg\" alt=\"\" width=\"1208\" height=\"680\" title=\"\" srcset=\"https:\/\/www.tgrthaber.com\/mavikadin\/wp-content\/uploads\/fgaaad.jpg 1208w, https:\/\/www.tgrthaber.com\/mavikadin\/wp-content\/uploads\/fgaaad-300x169.jpg 300w, https:\/\/www.tgrthaber.com\/mavikadin\/wp-content\/uploads\/fgaaad-1024x576.jpg 1024w, https:\/\/www.tgrthaber.com\/mavikadin\/wp-content\/uploads\/fgaaad-768x432.jpg 768w\" sizes=\"(max-width: 1208px) 100vw, 1208px\" \/><\/p>\n<hr \/>\n<p>T\u00fcrk Arabesk M\u00fczi\u011finin \u00f6nemli sanat\u00e7\u0131lar\u0131ndan Ferdi Tayfur\u2019un, 3 Mart 1994 tarihinde Ferdifon M\u00fczik etiketiyle yay\u0131mlad\u0131\u011f\u0131 Mor G\u00fcller \/ Fadime\u2019nin D\u00fc\u011f\u00fcn\u00fc alb\u00fcm\u00fc b\u00fcy\u00fck yank\u0131 uyand\u0131rm\u0131\u015ft\u0131. Alb\u00fcmde yer alan toplam 8 eser aras\u0131nda \u0130\u00e7im Yanar, Ben de Unuturum, Fadime\u2019nin D\u00fc\u011f\u00fcn\u00fc, Hay\u0131rs\u0131z, Ben Sadece gibi par\u00e7alar bulunuyordu.<\/p>\n<p>Kimsesiz cenazeleri y\u0131kayan Baki ad\u0131ndaki bir gassal\u0131n ya\u015fam\u0131n\u0131 ve \u00f6l\u00fcmle y\u00fczle\u015fme s\u00fcrecini konu alan dizide, Baki karakterine Ahmet Kural oynuyor. Dizinin ilk b\u00f6l\u00fcm\u00fcnde \u015eahin Kendirci taraf\u0131ndan seslendirilen \u0130\u00e7im Yanar t\u00fcrk\u00fcs\u00fc yeniden g\u00fcndem oldu. Dizi sahnelerinin yer ald\u0131\u011f\u0131 \u015fark\u0131 klipleri, sosyal medyada b\u00fcy\u00fck ilgi topluyor.<\/p>\n<hr \/>\n<h3>GASSAL \u0130\u00c7\u0130M YANAR \u015eARKISINI K\u0130M S\u00d6YL\u00dcYOR?<\/h3>\n<p>Gassal dizisinin melodileri ilk b\u00f6l\u00fcmden itibaren ilgi oda\u011f\u0131 oldu. Her b\u00f6l\u00fcm\u00fcn finalinde sahnenin temposuna uygun \u015fekilde eklenen t\u00fcrk\u00fcler seslendiren Gassal dizisindeki solistin kimli\u011fi merak edilirken \u0130\u00e7im Yanar eseri b\u00fcy\u00fck takdir kazand\u0131. Gassal \u0130\u00e7im Yanar par\u00e7as\u0131n\u0131 seslendiren ki\u015fi ortaya \u00e7\u0131kt\u0131.<\/p>\n<p><img loading=\"lazy\" decoding=\"async\" class=\"alignnone size-full wp-image-114295\" src=\"https:\/\/www.tgrthaber.com\/mavikadin\/wp-content\/uploads\/fgeee-3.jpg\" alt=\"\" width=\"1208\" height=\"680\" title=\"\" srcset=\"https:\/\/www.tgrthaber.com\/mavikadin\/wp-content\/uploads\/fgeee-3.jpg 1208w, https:\/\/www.tgrthaber.com\/mavikadin\/wp-content\/uploads\/fgeee-3-300x169.jpg 300w, https:\/\/www.tgrthaber.com\/mavikadin\/wp-content\/uploads\/fgeee-3-1024x576.jpg 1024w, https:\/\/www.tgrthaber.com\/mavikadin\/wp-content\/uploads\/fgeee-3-768x432.jpg 768w\" sizes=\"(max-width: 1208px) 100vw, 1208px\" \/><\/p>\n<hr \/>\n<p>Kendirci\u2019nin yorumlad\u0131\u011f\u0131 t\u00fcrk\u00fcler, sosyal medyada da yo\u011fun ilgi toplad\u0131. \u00d6zellikle &#8220;\u0130\u00e7im Yanar&#8221; t\u00fcrk\u00fcs\u00fc, dizinin \u00fcn\u00fcyle birlikte geni\u015f kesimler taraf\u0131ndan payla\u015f\u0131ld\u0131 ve dinlendi. Bu ba\u015far\u0131, onun m\u00fczik yolculu\u011funda \u00f6nemli bir d\u00f6neme\u00e7 oldu.<\/p>\n<p><img loading=\"lazy\" decoding=\"async\" class=\"alignnone size-full wp-image-114285\" src=\"https:\/\/www.tgrthaber.com\/mavikadin\/wp-content\/uploads\/fgsss.jpg\" alt=\"\" width=\"1208\" height=\"680\" title=\"\" srcset=\"https:\/\/www.tgrthaber.com\/mavikadin\/wp-content\/uploads\/fgsss.jpg 1208w, https:\/\/www.tgrthaber.com\/mavikadin\/wp-content\/uploads\/fgsss-300x169.jpg 300w, https:\/\/www.tgrthaber.com\/mavikadin\/wp-content\/uploads\/fgsss-1024x576.jpg 1024w, https:\/\/www.tgrthaber.com\/mavikadin\/wp-content\/uploads\/fgsss-768x432.jpg 768w\" sizes=\"(max-width: 1208px) 100vw, 1208px\" \/><\/p>\n<hr \/>\n<p>Son iki g\u00fcn i\u00e7erisinde sosyal medyada, \u015eahin Kendirci\u2019nin performans\u0131na dair pek \u00e7ok takdir dolu payla\u015f\u0131m yap\u0131ld\u0131. \u00d6zellikle, eserin dizideki kullan\u0131m\u0131 ve Kendirci\u2019nin yorumu, izleyiciler \u00fczerinde b\u0131rakt\u0131\u011f\u0131 izlenimle dikkat \u00e7ekti. Bu durum, dizinin ba\u015far\u0131s\u0131nda ezgilerin ve \u00f6zellikle &#8220;\u0130\u00e7im Yanar&#8221; t\u00fcrk\u00fcs\u00fcn\u00fcn \u00f6nemli bir paya sahip oldu\u011funu g\u00f6steriyor.<\/p>\n<p><img loading=\"lazy\" decoding=\"async\" class=\"alignnone size-full wp-image-114296\" src=\"https:\/\/www.tgrthaber.com\/mavikadin\/wp-content\/uploads\/fgerrr.jpg\" alt=\"\" width=\"1208\" height=\"680\" title=\"\" srcset=\"https:\/\/www.tgrthaber.com\/mavikadin\/wp-content\/uploads\/fgerrr.jpg 1208w, https:\/\/www.tgrthaber.com\/mavikadin\/wp-content\/uploads\/fgerrr-300x169.jpg 300w, https:\/\/www.tgrthaber.com\/mavikadin\/wp-content\/uploads\/fgerrr-1024x576.jpg 1024w, https:\/\/www.tgrthaber.com\/mavikadin\/wp-content\/uploads\/fgerrr-768x432.jpg 768w\" sizes=\"(max-width: 1208px) 100vw, 1208px\" \/><\/p>\n<hr \/>\n<h3>GASSAL \u015eARKICI \u015eAH\u0130N KEND\u0130RC\u0130 K\u0130MD\u0130R?<\/h3>\n<p>\u015eahin Kendirci, 14 \u015eubat 2002 tarihinde Adana\u2019da d\u00fcnyaya gelen ve m\u00fczik hayat\u0131na k\u00fc\u00e7\u00fck ya\u015flarda ad\u0131m atan bir sanat\u00e7\u0131d\u0131r. Aslen \u015eanl\u0131urfal\u0131 olan Kendirci, yoksul bir ailenin evlad\u0131 olarak yeti\u015fmi\u015ftir. M\u00fczik konusundaki kabiliyeti, onun &#8220;Yetenek Sizsiniz T\u00fcrkiye&#8221; yar\u0131\u015fmas\u0131nda tan\u0131nmas\u0131na vesile olmu\u015ftur. 2014 senesinde kat\u0131ld\u0131\u011f\u0131 &#8220;O Ses \u00c7ocuklar&#8221; yar\u0131\u015fmas\u0131n\u0131 kazanarak ad\u0131n\u0131 daha geni\u015f bir kitleye ula\u015ft\u0131rm\u0131\u015ft\u0131r. Bu ba\u015far\u0131lar\u0131n\u0131n ard\u0131ndan Burak Aksak\u2019\u0131n y\u00f6netti\u011fi &#8220;Bana Masal Anlatma&#8221; filminde \u00e7\u0131rak rol\u00fcyle boy g\u00f6stermi\u015ftir. Ayr\u0131ca, 2018 y\u0131l\u0131nda vizyona giren &#8220;M\u00fcsl\u00fcm&#8221; filminde M\u00fcsl\u00fcm G\u00fcrses\u2019in gen\u00e7lik d\u00f6nemini canland\u0131rarak beyaz perdeye de ad\u0131n\u0131 yazd\u0131rm\u0131\u015ft\u0131r.<\/p>\n<hr \/>\n<p>M\u00fczik ve oyunculuk alan\u0131ndaki kariyeriyle \u00f6ne \u00e7\u0131kan \u015eahin Kendirci, &#8220;Gassal&#8221; dizisinde bulunan eserlerle de geni\u015f bir dinleyici kitlesine eri\u015fti. Arabesk m\u00fczik tarz\u0131nda etkileyici icralar sunan sanat\u00e7\u0131, gen\u00e7 ya\u015f\u0131na kar\u015f\u0131n T\u00fcrkiye\u2019de hat\u0131r\u0131 say\u0131l\u0131r bir konum kazand\u0131.<\/p>\n<p><img loading=\"lazy\" decoding=\"async\" class=\"alignnone size-full wp-image-114287\" src=\"https:\/\/www.tgrthaber.com\/mavikadin\/wp-content\/uploads\/fgssssf.jpg\" alt=\"\" width=\"1208\" height=\"680\" title=\"\" srcset=\"https:\/\/www.tgrthaber.com\/mavikadin\/wp-content\/uploads\/fgssssf.jpg 1208w, https:\/\/www.tgrthaber.com\/mavikadin\/wp-content\/uploads\/fgssssf-300x169.jpg 300w, https:\/\/www.tgrthaber.com\/mavikadin\/wp-content\/uploads\/fgssssf-1024x576.jpg 1024w, https:\/\/www.tgrthaber.com\/mavikadin\/wp-content\/uploads\/fgssssf-768x432.jpg 768w\" sizes=\"(max-width: 1208px) 100vw, 1208px\" \/><\/p>\n<p>&#8220;Gassal&#8221; dizisinde yer alan t\u00fcrk\u00fcler, yap\u0131m\u0131n atmosferine \u00f6nemli bir katk\u0131 sunuyor. Dizideki m\u00fcziklerin b\u00fcy\u00fck bir k\u0131sm\u0131n\u0131 \u015eahin Kendirci seslendiriyor. Kendirci, Ferdi Tayfur\u2019un unutulmaz eseri &#8220;\u0130\u00e7im Yanar&#8221; t\u00fcrk\u00fcs\u00fcn\u00fc yeniden yorumlayarak dizinin final sahnesinde izleyicilere duygusal bir an ya\u015fat\u0131yor. \u015eahin Kendirci\u2019nin sesi ve yorumu, eserin orijinal hissini korurken gen\u00e7 ve taze bir yakla\u015f\u0131m sunuyor. \u0130lk b\u00f6l\u00fcm\u00fcn sonunda Ahmet Kural\u2019\u0131n hayat verdi\u011fi Baki karakterinin evlenmek i\u00e7in g\u00f6r\u00fc\u015ft\u00fc\u011f\u00fc ki\u015fiden olumsuz yan\u0131t al\u0131p \u00e7i\u00e7e\u011fi alarak evden \u00e7\u0131kt\u0131\u011f\u0131 sahnede dizinin m\u00fczikleriyle ilk kez kar\u015f\u0131la\u015f\u0131yoruz. K\u0131sa s\u00fcrede b\u00fcy\u00fck ilgi g\u00f6ren t\u00fcrk\u00fcler h\u0131zla yayg\u0131n hale geldi bile. \u0130zleyiciler art\u0131k her b\u00f6l\u00fcm\u00fcn sonunda yeni bir t\u00fcrk\u00fc bekliyor.<\/p>\n<hr \/>\n<p>Kendirci\u2019nin yorumlad\u0131\u011f\u0131 t\u00fcrk\u00fcler, sosyal medyada da yo\u011fun ilgi toplad\u0131. \u00d6zellikle &#8220;\u0130\u00e7im Yanar&#8221; t\u00fcrk\u00fcs\u00fc, dizinin \u00fcn\u00fcyle birlikte geni\u015f kesimler taraf\u0131ndan payla\u015f\u0131ld\u0131 ve dinlendi. Bu ba\u015far\u0131, onun m\u00fczik yolculu\u011funda \u00f6nemli bir d\u00f6neme\u00e7 oldu.<\/p>\n<p><strong>\u0130\u00e7im Yanar \u015eark\u0131 S\u00f6zleri<\/strong><\/p>\n<p>Hani en sevdi\u011fini kaybetti\u011finde<br \/>\n\u0130\u00e7in yanar yanar yanar yanar ya<br \/>\nBen de seni kaybettim a\u011flar\u0131m \u015fimdi<\/p>\n<p>\u0130\u00e7im yanar yanar yanar yanar yanar ah<br \/>\n\u0130\u00e7im yanar yanar yanar yanar yanar<br \/>\nCan\u0131m yanar yanar yanar yanar yanar<\/p>\n<p>\u0130\u00e7im yanar yanar yanar yanar yanar ah<br \/>\n\u0130\u00e7im yanar yanar yanar yanar yanar<br \/>\nCan\u0131m yanar yanar yanar yanar yanar<\/p>\n<p>Ben senin hasretine al\u0131\u015famad\u0131m<br \/>\n\u0130\u00e7imdeki kavgamla bar\u0131\u015famad\u0131m<br \/>\nU\u00e7up gitti mutluluk kavu\u015famad\u0131m<\/p>\n<p>\u0130\u00e7im yanar yanar yanar yanar yanar ah<br \/>\n\u0130\u00e7im yanar yanar yanar yanar yanar<br \/>\nCan\u0131m yanar yanar yanar yanar yanar<\/p>\n<p>\u0130\u00e7im yanar yanar yanar yanar yanar ah<br \/>\n\u0130\u00e7im yanar yanar yanar yanar yanar<br \/>\nCan\u0131m yanar yanar yanar yanar yanar<\/p>\n<p>\u0130\u00e7im yanar yanar yanar yanar yanar ah<br \/>\n\u0130\u00e7im yanar yanar yanar yanar yanar<br \/>\nCan\u0131m yanar yanar yanar yanar yanar<\/p>\n<p>\u0130\u00e7im yanar yanar yanar yanar yanar ah<br \/>\n\u0130\u00e7im yanar yanar yanar yanar yanar<br \/>\nCan\u0131m yanar yanar yanar yanar yanar<\/p>\n<p>\u0130\u00e7im yanar yanar yanar yanar yanar ah<br \/>\n\u0130\u00e7im yanar yanar yanar yanar yanar<br \/>\nCan\u0131m yanar yanar yanar yanar yanar<\/p>\n<p>Besteciler: Vedat Ozkan Turgay \/ Ferdi Tayfur<\/p>\n","protected":false},"excerpt":{"rendered":"<p>T\u00fcrk Arabesk M\u00fczi\u011finin \u00f6nc\u00fc sanat\u00e7\u0131lar\u0131ndan Ferdi Tayfur\u2019un 1994 y\u0131l\u0131nda yay\u0131mlad\u0131\u011f\u0131 alb\u00fcm\u00fcnde bulunan &#8220;\u0130\u00e7im Yanar&#8221; \u015fark\u0131s\u0131, Gassal dizisiyle yeniden ilgi oda\u011f\u0131 haline geldi. Seyirciler, &#8220;\u0130\u00e7im Yanar&#8221; eserinin sahibini ve s\u00f6zlerini \u00f6\u011frenmek istiyor. Gassal dizisindeki \u015eahin Kendirci &#8216;\u0130\u00e7im Yanar&#8217; \u015fark\u0131s\u0131 kime ait s\u00f6zleri ne?<\/p>\n","protected":false},"author":2,"featured_media":114288,"comment_status":"closed","ping_status":"closed","sticky":false,"template":"","format":"standard","meta":{"rank_math_lock_modified_date":false,"footnotes":""},"categories":[602],"tags":[4543,4542,4981,6224],"class_list":["post-114269","post","type-post","status-publish","format-standard","has-post-thumbnail","hentry","category-diziler","tag-ahmet-kural","tag-gassal","tag-gassal-dizi","tag-sahin-kendirci"],"_links":{"self":[{"href":"https:\/\/www.tgrthaber.com\/mavikadin\/wp-json\/wp\/v2\/posts\/114269"}],"collection":[{"href":"https:\/\/www.tgrthaber.com\/mavikadin\/wp-json\/wp\/v2\/posts"}],"about":[{"href":"https:\/\/www.tgrthaber.com\/mavikadin\/wp-json\/wp\/v2\/types\/post"}],"author":[{"embeddable":true,"href":"https:\/\/www.tgrthaber.com\/mavikadin\/wp-json\/wp\/v2\/users\/2"}],"replies":[{"embeddable":true,"href":"https:\/\/www.tgrthaber.com\/mavikadin\/wp-json\/wp\/v2\/comments?post=114269"}],"version-history":[{"count":2,"href":"https:\/\/www.tgrthaber.com\/mavikadin\/wp-json\/wp\/v2\/posts\/114269\/revisions"}],"predecessor-version":[{"id":114297,"href":"https:\/\/www.tgrthaber.com\/mavikadin\/wp-json\/wp\/v2\/posts\/114269\/revisions\/114297"}],"wp:featuredmedia":[{"embeddable":true,"href":"https:\/\/www.tgrthaber.com\/mavikadin\/wp-json\/wp\/v2\/media\/114288"}],"wp:attachment":[{"href":"https:\/\/www.tgrthaber.com\/mavikadin\/wp-json\/wp\/v2\/media?parent=114269"}],"wp:term":[{"taxonomy":"category","embeddable":true,"href":"https:\/\/www.tgrthaber.com\/mavikadin\/wp-json\/wp\/v2\/categories?post=114269"},{"taxonomy":"post_tag","embeddable":true,"href":"https:\/\/www.tgrthaber.com\/mavikadin\/wp-json\/wp\/v2\/tags?post=114269"}],"curies":[{"name":"wp","href":"https:\/\/api.w.org\/{rel}","templated":true}]}}