{"id":114299,"date":"2024-12-29T22:50:07","date_gmt":"2024-12-29T19:50:07","guid":{"rendered":"https:\/\/www.tgrthaber.com\/mavikadin\/?p=114299"},"modified":"2024-12-29T22:50:07","modified_gmt":"2024-12-29T19:50:07","slug":"teskilatta-soke-eden-veda","status":"publish","type":"post","link":"https:\/\/www.tgrthaber.com\/mavikadin\/teskilatta-soke-eden-veda\/","title":{"rendered":"Te\u015fkilat&#8217;ta \u015foke eden veda!"},"content":{"rendered":"<p>Yeni sezonda pek \u00e7ok ayr\u0131l\u0131klar\u0131n ya\u015fand\u0131\u011f\u0131 Te\u015fkilat dizisinden bir veda haberi daha geldi. \u00dcnl\u00fc oyunculardan birinin daha diziye veda edece\u011fi ve efsane oyuncu Erkan Petekkaya&#8217;n\u0131n diziye kat\u0131laca\u011f\u0131 \u00f6\u011frenildi.<\/p>\n<h3>TE\u015eK\u0130LAT&#8217;TA \u015eOKE EDEN VEDA<\/h3>\n<p>&#8220;Te\u015fkilat&#8221; dizisinin bu ak\u015fam 126. b\u00f6l\u00fcm\u00fc izleyicilerle bulu\u015facak. Burak Arl\u0131el\u2019in y\u00f6netti\u011fi, Te\u015fkilat Yaz\u0131 Grubu\u2019nun yazd\u0131\u011f\u0131 dizide bir ayr\u0131l\u0131k ya\u015fanacak. Tolga Sar\u0131ta\u015f (Altay), Ayb\u00fcke Pusat (Neslihan), Yunus Emre Y\u0131ld\u0131r\u0131mer (Korkut), Tuvana T\u00fcrkay (Kate), Murat Aygen (Tufan), Ushan \u00c7ak\u0131r (Makinist) gibi isimlerin yer ald\u0131\u011f\u0131 dizide &#8220;Sedat&#8221; karakterini oynayan Eren Hac\u0131saliho\u011flu veda edecek.<\/p>\n<p><img loading=\"lazy\" decoding=\"async\" class=\"alignnone size-full wp-image-114303\" src=\"https:\/\/www.tgrthaber.com\/mavikadin\/wp-content\/uploads\/fgaaa.jpg\" alt=\"\" width=\"1208\" height=\"680\" title=\"\" srcset=\"https:\/\/www.tgrthaber.com\/mavikadin\/wp-content\/uploads\/fgaaa.jpg 1208w, https:\/\/www.tgrthaber.com\/mavikadin\/wp-content\/uploads\/fgaaa-300x169.jpg 300w, https:\/\/www.tgrthaber.com\/mavikadin\/wp-content\/uploads\/fgaaa-1024x576.jpg 1024w, https:\/\/www.tgrthaber.com\/mavikadin\/wp-content\/uploads\/fgaaa-768x432.jpg 768w\" sizes=\"(max-width: 1208px) 100vw, 1208px\" \/><\/p>\n<hr \/>\n<h3>EFSANE \u0130S\u0130M ERKAN PETEKKAYA GEL\u0130YOR<\/h3>\n<p>Di\u011fer yandan, hikayesi daha da hareketlenen &#8220;Te\u015fkilat&#8221; dizisine yeni y\u0131lda usta oyuncu Erkan Petekkaya, &#8220;Ejder&#8221; karakteriyle kat\u0131lacak ve dizide yeni veda edenler olacak.<\/p>\n<p><img loading=\"lazy\" decoding=\"async\" class=\"alignnone size-full wp-image-114304\" src=\"https:\/\/www.tgrthaber.com\/mavikadin\/wp-content\/uploads\/fgeee-4.jpg\" alt=\"\" width=\"1208\" height=\"680\" title=\"\" srcset=\"https:\/\/www.tgrthaber.com\/mavikadin\/wp-content\/uploads\/fgeee-4.jpg 1208w, https:\/\/www.tgrthaber.com\/mavikadin\/wp-content\/uploads\/fgeee-4-300x169.jpg 300w, https:\/\/www.tgrthaber.com\/mavikadin\/wp-content\/uploads\/fgeee-4-1024x576.jpg 1024w, https:\/\/www.tgrthaber.com\/mavikadin\/wp-content\/uploads\/fgeee-4-768x432.jpg 768w\" sizes=\"(max-width: 1208px) 100vw, 1208px\" \/><\/p>\n<hr \/>\n<h3>TE\u015eK\u0130LATIN KONUSU NED\u0130R?<\/h3>\n<p>Te\u015fkilat dizisinin konusu, \u00fclkeleri i\u00e7in kendi ya\u015famlar\u0131ndan feragat edip kalabal\u0131klar aras\u0131nda g\u00f6r\u00fcnmez olmalar\u0131 gereken bir g\u00f6revi \u00fcstlenen yedi vatanseverin \u00f6yk\u00fcs\u00fcn\u00fc i\u015flemektedir.<\/p>\n<h3>TE\u015eK\u0130LAT NEREDE \u00c7EK\u0130L\u0130YOR?<\/h3>\n<p>Te\u015fkilat dizisi nerede \u00e7ekiliyor? Te\u015fkilat dizisi, ba\u015fkent Ankara&#8217;da \u00e7ekilmektedir. Genellikle, Ankara&#8217;n\u0131n neredeyse t\u00fcm mahallelerinde \u00e7ekimlerinin s\u00fcrd\u00fc\u011f\u00fc biliniyor. Dizinin \u00e7ekimlerinin Ke\u00e7i\u00f6ren, Akyurt, Alt\u0131nda\u011f, Polatl\u0131, G\u00f6lba\u015f\u0131, Sincan gibi Ankara&#8217;n\u0131n bir\u00e7ok b\u00f6lgesinde yap\u0131laca\u011f\u0131 duyurulmu\u015ftur.<\/p>\n","protected":false},"excerpt":{"rendered":"<p>Te\u015fkilat&#8217;ta \u015foke eden veda! TRT\u2019nin Tims&#038;B yap\u0131m\u0131 dizisi &#8216;Te\u015fkilat&#8217;\u0131n senaryosu h\u0131z kazan\u0131yor, Erkan Petekkaya\u2019n\u0131n konuk oyuncu olarak kat\u0131laca\u011f\u0131 dizide ayr\u0131l\u0131klar da ger\u00e7ekle\u015fecek.\u00a0<\/p>\n","protected":false},"author":2,"featured_media":114305,"comment_status":"closed","ping_status":"closed","sticky":false,"template":"","format":"standard","meta":{"rank_math_lock_modified_date":false,"footnotes":""},"categories":[602],"tags":[6403,4091,133,2218,840],"class_list":["post-114299","post","type-post","status-publish","format-standard","has-post-thumbnail","hentry","category-diziler","tag-eren-hacisalihoglu","tag-erkan-petekkaya","tag-magazin","tag-magazin-haberleri","tag-teskilat"],"_links":{"self":[{"href":"https:\/\/www.tgrthaber.com\/mavikadin\/wp-json\/wp\/v2\/posts\/114299"}],"collection":[{"href":"https:\/\/www.tgrthaber.com\/mavikadin\/wp-json\/wp\/v2\/posts"}],"about":[{"href":"https:\/\/www.tgrthaber.com\/mavikadin\/wp-json\/wp\/v2\/types\/post"}],"author":[{"embeddable":true,"href":"https:\/\/www.tgrthaber.com\/mavikadin\/wp-json\/wp\/v2\/users\/2"}],"replies":[{"embeddable":true,"href":"https:\/\/www.tgrthaber.com\/mavikadin\/wp-json\/wp\/v2\/comments?post=114299"}],"version-history":[{"count":1,"href":"https:\/\/www.tgrthaber.com\/mavikadin\/wp-json\/wp\/v2\/posts\/114299\/revisions"}],"predecessor-version":[{"id":114306,"href":"https:\/\/www.tgrthaber.com\/mavikadin\/wp-json\/wp\/v2\/posts\/114299\/revisions\/114306"}],"wp:featuredmedia":[{"embeddable":true,"href":"https:\/\/www.tgrthaber.com\/mavikadin\/wp-json\/wp\/v2\/media\/114305"}],"wp:attachment":[{"href":"https:\/\/www.tgrthaber.com\/mavikadin\/wp-json\/wp\/v2\/media?parent=114299"}],"wp:term":[{"taxonomy":"category","embeddable":true,"href":"https:\/\/www.tgrthaber.com\/mavikadin\/wp-json\/wp\/v2\/categories?post=114299"},{"taxonomy":"post_tag","embeddable":true,"href":"https:\/\/www.tgrthaber.com\/mavikadin\/wp-json\/wp\/v2\/tags?post=114299"}],"curies":[{"name":"wp","href":"https:\/\/api.w.org\/{rel}","templated":true}]}}