{"id":114450,"date":"2024-12-30T11:55:57","date_gmt":"2024-12-30T08:55:57","guid":{"rendered":"https:\/\/www.tgrthaber.com\/mavikadin\/?p=114450"},"modified":"2024-12-30T11:55:57","modified_gmt":"2024-12-30T08:55:57","slug":"nazli-sabanci-31-yasina-girdi-haci-sabanci-sosyal-medyadan-en-sevdigi-kareleri-paylasti","status":"publish","type":"post","link":"https:\/\/www.tgrthaber.com\/mavikadin\/nazli-sabanci-31-yasina-girdi-haci-sabanci-sosyal-medyadan-en-sevdigi-kareleri-paylasti\/","title":{"rendered":"Nazl\u0131 Sabanc\u0131 31 ya\u015f\u0131na girdi! Hac\u0131 Sabanc\u0131 sosyal medyadan en sevdi\u011fi kareleri payla\u015ft\u0131"},"content":{"rendered":"<p>Hakk\u0131nda babal\u0131k davas\u0131 a\u00e7\u0131lan Hac\u0131 Sabanc\u0131 e\u015fi Nazl\u0131 Sabanc\u0131\u2019n\u0131n do\u011fum g\u00fcn\u00fcn\u00fc sosyal medya hesab\u0131ndan kutlad\u0131. Payla\u015ft\u0131\u011f\u0131 karelerin alt\u0131na \u201cHappy birthday\u201d notunu d\u00fc\u015fen Hac\u0131 Sabanc\u0131 takip\u00e7ilerinin be\u011fenisini toplad\u0131.<\/p>\n<h3>NAZLI SABANCI 31 YA\u015eINA G\u0130RD\u0130<\/h3>\n<p>Hac\u0131 Sabanc\u0131 bir s\u00fcredir hakk\u0131nda a\u00e7\u0131lan babal\u0131k davas\u0131yla g\u00fcndemdeydi. E\u015fi Nazl\u0131 Sabanc\u0131\u2019n\u0131n do\u011fum g\u00fcn\u00fcn\u00fc sosyal medya hesab\u0131ndan kutlayan Hac\u0131 Sabanc\u0131 bu hareketiyle alk\u0131\u015f toplad\u0131.<\/p>\n<p><img loading=\"lazy\" decoding=\"async\" class=\"alignnone wp-image-114454\" src=\"https:\/\/www.tgrthaber.com\/mavikadin\/wp-content\/uploads\/Nazli-Sabanci-5.jpg\" alt=\"\" width=\"1208\" height=\"680\" title=\"\" srcset=\"https:\/\/www.tgrthaber.com\/mavikadin\/wp-content\/uploads\/Nazli-Sabanci-5.jpg 1920w, https:\/\/www.tgrthaber.com\/mavikadin\/wp-content\/uploads\/Nazli-Sabanci-5-300x169.jpg 300w, https:\/\/www.tgrthaber.com\/mavikadin\/wp-content\/uploads\/Nazli-Sabanci-5-1024x576.jpg 1024w, https:\/\/www.tgrthaber.com\/mavikadin\/wp-content\/uploads\/Nazli-Sabanci-5-768x432.jpg 768w, https:\/\/www.tgrthaber.com\/mavikadin\/wp-content\/uploads\/Nazli-Sabanci-5-1536x864.jpg 1536w\" sizes=\"(max-width: 1208px) 100vw, 1208px\" \/><\/p>\n<hr \/>\n<p>Hac\u0131 Sabanc\u0131 Nazl\u0131 Sabanc\u0131\u2019n\u0131n do\u011fum g\u00fcn\u00fcn\u00fc kutlad\u0131\u011f\u0131 karelerin alt\u0131na \u201cHappy birthday\u201d notunu d\u00fc\u015ft\u00fc. Bug\u00fcn 31 ya\u015f\u0131na giren Nazl\u0131 Sabanc\u0131\u2019n\u0131n do\u011fum g\u00fcn\u00fcn\u00fc ilk kutlayan ki\u015filerden biri e\u015fi Hac\u0131 Sabanc\u0131 oldu.<\/p>\n<h3>NAZLI SABANCI KIZININ DO\u011eUM G\u00dcN\u00dcN\u00dc KUTLAMAYA DOYAMADI<\/h3>\n<p>Hac\u0131 ve Nazl\u0131 \u00e7ifti k\u0131zlar\u0131 Alara\u2019n\u0131n do\u011fum g\u00fcn\u00fcn\u00fc ge\u00e7ti\u011fimiz aylarda kutlam\u0131\u015flard\u0131. K\u0131z\u0131n\u0131n do\u011fum g\u00fcn\u00fcn\u00fc kutlamaya doyamayan Nazl\u0131 Sabanc\u0131 payla\u015ft\u0131\u011f\u0131 yeni foto\u011fraflarda k\u00fc\u00e7\u00fck k\u0131z\u0131n\u0131n y\u00fcz\u00fcn\u00fc yine emojilerle gizledi.<\/p>\n<p>Sabanc\u0131 ailesine gelin gelerek sosyeteye giren Nazl\u0131 Sabanc\u0131 magazin d\u00fcnyas\u0131n\u0131n da ilgisini \u00e7ekmeyi ba\u015farm\u0131\u015ft\u0131.<\/p>\n<p><img loading=\"lazy\" decoding=\"async\" class=\"alignnone wp-image-114455\" src=\"https:\/\/www.tgrthaber.com\/mavikadin\/wp-content\/uploads\/Nazli-Sabanci-3.jpg\" alt=\"\" width=\"1208\" height=\"680\" title=\"\" srcset=\"https:\/\/www.tgrthaber.com\/mavikadin\/wp-content\/uploads\/Nazli-Sabanci-3.jpg 1920w, https:\/\/www.tgrthaber.com\/mavikadin\/wp-content\/uploads\/Nazli-Sabanci-3-300x169.jpg 300w, https:\/\/www.tgrthaber.com\/mavikadin\/wp-content\/uploads\/Nazli-Sabanci-3-1024x576.jpg 1024w, https:\/\/www.tgrthaber.com\/mavikadin\/wp-content\/uploads\/Nazli-Sabanci-3-768x432.jpg 768w, https:\/\/www.tgrthaber.com\/mavikadin\/wp-content\/uploads\/Nazli-Sabanci-3-1536x864.jpg 1536w\" sizes=\"(max-width: 1208px) 100vw, 1208px\" \/><\/p>\n<hr \/>\n<p>Nazl\u0131 Sabanc\u0131 bir ya\u015f\u0131n\u0131 dolduran k\u0131z\u0131n\u0131n do\u011fum g\u00fcn\u00fcn\u00fc olduk\u00e7a renkli ve e\u011flenceli bir partiyle kutlam\u0131\u015ft\u0131. Sabanc\u0131 partide beyaz ve pembe renklerini tercih etmi\u015fti.<br \/>\nDo\u011fdu\u011fu g\u00fcnden beri minik Sabanc\u0131\u2019n\u0131n y\u00fcz\u00fcn\u00fc emojiyle kapatan Nazl\u0131 Sabanc\u0131 do\u011fum g\u00fcn\u00fc payla\u015f\u0131mlar\u0131nda bu durumu devam ettirdi.<\/p>\n<h3>M\u0130N\u0130K SABANCI 1 YA\u015eINDA<\/h3>\n<p>Nazl\u0131 ve Hac\u0131 Sabanc\u0131 \u00e7ifti 2017 y\u0131l\u0131nda ili\u015fki ya\u015famaya ba\u015flam\u0131\u015f \u00e7ift 2021 y\u0131l\u0131n\u0131n Ekim ay\u0131nda d\u00fcnyaevine girmi\u015fti.<\/p>\n<p>2023 y\u0131l\u0131n\u0131n Ocak ay\u0131nda anne baba olacaklar\u0131n\u0131n m\u00fcjdesini veren \u00e7ift babaanne Arzu Sabanc\u0131\u2019n\u0131n ad\u0131n\u0131 verdikleri Arzu Alara\u2019y\u0131 ge\u00e7ti\u011fimiz y\u0131l 15 A\u011fustos\u2019ta kucaklar\u0131na alm\u0131\u015ft\u0131.<\/p>\n<p><img loading=\"lazy\" decoding=\"async\" class=\"alignnone wp-image-114456\" src=\"https:\/\/www.tgrthaber.com\/mavikadin\/wp-content\/uploads\/Nazli-Sabanci.jpg\" alt=\"\" width=\"1208\" height=\"680\" title=\"\" srcset=\"https:\/\/www.tgrthaber.com\/mavikadin\/wp-content\/uploads\/Nazli-Sabanci.jpg 1920w, https:\/\/www.tgrthaber.com\/mavikadin\/wp-content\/uploads\/Nazli-Sabanci-300x169.jpg 300w, https:\/\/www.tgrthaber.com\/mavikadin\/wp-content\/uploads\/Nazli-Sabanci-1024x576.jpg 1024w, https:\/\/www.tgrthaber.com\/mavikadin\/wp-content\/uploads\/Nazli-Sabanci-768x432.jpg 768w, https:\/\/www.tgrthaber.com\/mavikadin\/wp-content\/uploads\/Nazli-Sabanci-1536x864.jpg 1536w\" sizes=\"(max-width: 1208px) 100vw, 1208px\" \/><\/p>\n<hr \/>\n<h3>HACI SABANCI BABALIK DAVASIYLA G\u00dcNDEMDE<\/h3>\n<p>Hakk\u0131nda babal\u0131k davas\u0131 a\u00e7\u0131lan Hac\u0131 Sabanc\u0131 yurt d\u0131\u015f\u0131ndan d\u00f6nd\u00fc\u011f\u00fcnde Adli T\u0131p Kurumu&#8217;na giderek DNA \u00f6rne\u011fi vermi\u015fti. Bu kapsamda Adli T\u0131p Kurumu, Hac\u0131 Sabanc\u0131 ve k\u00fc\u00e7\u00fck \u00e7ocuk Uzay\u2019dan al\u0131nan \u00f6rneklerle DNA raporu haz\u0131rlayacak.<\/p>\n<p>2010\u2019da Facebook\u2019tan Hac\u0131 Sabanc\u0131\u2019yla tan\u0131\u015ft\u0131\u011f\u0131n\u0131 ve g\u00f6r\u00fc\u015ft\u00fc\u011f\u00fcn\u00fc iddia eden akabinde Uzay isimli erkek \u00e7ocuk d\u00fcnyaya getirdi\u011fini iddia eden F.D isimli kad\u0131n i\u015f insan\u0131 Sabanc\u0131\u2019ya babal\u0131k davas\u0131 a\u00e7m\u0131\u015ft\u0131.<\/p>\n<p><img loading=\"lazy\" decoding=\"async\" class=\"alignnone wp-image-114453\" src=\"https:\/\/www.tgrthaber.com\/mavikadin\/wp-content\/uploads\/Nazli-Sabanci-2.jpg\" alt=\"\" width=\"1208\" height=\"680\" title=\"\" srcset=\"https:\/\/www.tgrthaber.com\/mavikadin\/wp-content\/uploads\/Nazli-Sabanci-2.jpg 1920w, https:\/\/www.tgrthaber.com\/mavikadin\/wp-content\/uploads\/Nazli-Sabanci-2-300x169.jpg 300w, https:\/\/www.tgrthaber.com\/mavikadin\/wp-content\/uploads\/Nazli-Sabanci-2-1024x576.jpg 1024w, https:\/\/www.tgrthaber.com\/mavikadin\/wp-content\/uploads\/Nazli-Sabanci-2-768x432.jpg 768w, https:\/\/www.tgrthaber.com\/mavikadin\/wp-content\/uploads\/Nazli-Sabanci-2-1536x864.jpg 1536w\" sizes=\"(max-width: 1208px) 100vw, 1208px\" \/><\/p>\n<hr \/>\n<h3>HACI SABANCI DNA \u00d6RNE\u011e\u0130 VERD\u0130<\/h3>\n<p>Hac\u0131 Sabanc\u0131 Adli T\u0131p Kurumu\u2019na giderek, babal\u0131k davas\u0131 i\u00e7in DNA \u00f6rne\u011fi verdi. Bu kapsamda hem Sabanc\u0131\u2019dan hem de k\u00fc\u00e7\u00fck Uzay\u2019dan al\u0131nan DNA \u00f6rneklerini kar\u015f\u0131la\u015ft\u0131rarak rapor haz\u0131rlanacak. Ortaya \u00e7\u0131kan rapor daha sonra talep \u00fczerine mahkemeye g\u00f6nderilecek.<\/p>\n<p><img loading=\"lazy\" decoding=\"async\" class=\"alignnone wp-image-114457\" src=\"https:\/\/www.tgrthaber.com\/mavikadin\/wp-content\/uploads\/Haci-Sabanci-DNA-1.jpg\" alt=\"\" width=\"1208\" height=\"680\" title=\"\" srcset=\"https:\/\/www.tgrthaber.com\/mavikadin\/wp-content\/uploads\/Haci-Sabanci-DNA-1.jpg 1600w, https:\/\/www.tgrthaber.com\/mavikadin\/wp-content\/uploads\/Haci-Sabanci-DNA-1-300x169.jpg 300w, https:\/\/www.tgrthaber.com\/mavikadin\/wp-content\/uploads\/Haci-Sabanci-DNA-1-1024x576.jpg 1024w, https:\/\/www.tgrthaber.com\/mavikadin\/wp-content\/uploads\/Haci-Sabanci-DNA-1-768x432.jpg 768w, https:\/\/www.tgrthaber.com\/mavikadin\/wp-content\/uploads\/Haci-Sabanci-DNA-1-1536x864.jpg 1536w\" sizes=\"(max-width: 1208px) 100vw, 1208px\" \/><\/p>\n","protected":false},"excerpt":{"rendered":"<p>Hac\u0131 Sabanc\u0131 e\u015fi Nazl\u0131 Sabanc\u0131&#8217;n\u0131n do\u011fum g\u00fcn\u00fcn\u00fc sosyal medya hesab\u0131ndan kutlad\u0131. Sabanc\u0131\u2019n\u0131n yapt\u0131\u011f\u0131 kutlama sosyal medyada be\u011feni toplad\u0131.<\/p>\n","protected":false},"author":5,"featured_media":114451,"comment_status":"closed","ping_status":"closed","sticky":false,"template":"","format":"standard","meta":{"rank_math_lock_modified_date":false,"footnotes":""},"categories":[76],"tags":[2877,3431,3463],"class_list":["post-114450","post","type-post","status-publish","format-standard","has-post-thumbnail","hentry","category-magazin","tag-arzu-sabanci","tag-haci-sabanci","tag-nazli-sabanci"],"_links":{"self":[{"href":"https:\/\/www.tgrthaber.com\/mavikadin\/wp-json\/wp\/v2\/posts\/114450"}],"collection":[{"href":"https:\/\/www.tgrthaber.com\/mavikadin\/wp-json\/wp\/v2\/posts"}],"about":[{"href":"https:\/\/www.tgrthaber.com\/mavikadin\/wp-json\/wp\/v2\/types\/post"}],"author":[{"embeddable":true,"href":"https:\/\/www.tgrthaber.com\/mavikadin\/wp-json\/wp\/v2\/users\/5"}],"replies":[{"embeddable":true,"href":"https:\/\/www.tgrthaber.com\/mavikadin\/wp-json\/wp\/v2\/comments?post=114450"}],"version-history":[{"count":1,"href":"https:\/\/www.tgrthaber.com\/mavikadin\/wp-json\/wp\/v2\/posts\/114450\/revisions"}],"predecessor-version":[{"id":114458,"href":"https:\/\/www.tgrthaber.com\/mavikadin\/wp-json\/wp\/v2\/posts\/114450\/revisions\/114458"}],"wp:featuredmedia":[{"embeddable":true,"href":"https:\/\/www.tgrthaber.com\/mavikadin\/wp-json\/wp\/v2\/media\/114451"}],"wp:attachment":[{"href":"https:\/\/www.tgrthaber.com\/mavikadin\/wp-json\/wp\/v2\/media?parent=114450"}],"wp:term":[{"taxonomy":"category","embeddable":true,"href":"https:\/\/www.tgrthaber.com\/mavikadin\/wp-json\/wp\/v2\/categories?post=114450"},{"taxonomy":"post_tag","embeddable":true,"href":"https:\/\/www.tgrthaber.com\/mavikadin\/wp-json\/wp\/v2\/tags?post=114450"}],"curies":[{"name":"wp","href":"https:\/\/api.w.org\/{rel}","templated":true}]}}