{"id":114605,"date":"2024-12-30T20:23:54","date_gmt":"2024-12-30T17:23:54","guid":{"rendered":"https:\/\/www.tgrthaber.com\/mavikadin\/?p=114605"},"modified":"2024-12-30T20:26:06","modified_gmt":"2024-12-30T17:26:06","slug":"leyla-hayat-ask-adalet-dizisi-bu-hafta-yayimlanacak-mi-leyla-dizisi-yeni-bolum-ne-zaman","status":"publish","type":"post","link":"https:\/\/www.tgrthaber.com\/mavikadin\/leyla-hayat-ask-adalet-dizisi-bu-hafta-yayimlanacak-mi-leyla-dizisi-yeni-bolum-ne-zaman\/","title":{"rendered":"Leyla: Hayat\u2026 A\u015fk\u2026 Adalet\u2026 dizisi bu hafta yay\u0131mlanacak m\u0131? Leyla dizisi yeni b\u00f6l\u00fcm ne zaman?"},"content":{"rendered":"<p>NOW TV ekranlar\u0131n\u0131n ilgiyle takip edilen dizisi Leyla: Hayat\u2026 A\u015fk\u2026 Adalet\u2026 her \u00c7ar\u015famba izleyici ile bulu\u015fmaya devam ediyor. Dizilerin y\u0131lba\u015f\u0131 tatili vermesiyle birlikte hangi dizilerin yay\u0131mlanmayaca\u011f\u0131 da merak edilmeye ba\u015fland\u0131. Peki, ekranlar\u0131n sevilen dizisi Leyla: Hayat\u2026 A\u015fk\u2026 Adalet\u2026 bu hafta yay\u0131mlanacak m\u0131? Leyla: Hayat\u2026 A\u015fk\u2026 Adalet\u2026 dizisi yeni b\u00f6l\u00fcm ne zaman? \u0130\u015fte Leyla: Hayat\u2026 A\u015fk\u2026 Adalet\u2026 dizisinin bu hafta yay\u0131mlan\u0131p yay\u0131mlanmayaca\u011f\u0131 ile ilgili ayr\u0131nt\u0131lar\u2026<\/p>\n<h3>LEYLA: HAYAT\u2026 A\u015eK\u2026 ADALET\u2026 D\u0130Z\u0130S\u0130 BU HAFTA YAYIMLANACAK MI?<\/h3>\n<p>NOW TV ekranlar\u0131n\u0131n ilgiyle takip edilen dizisi Leyla: Hayat\u2026 A\u015fk\u2026 Adalet\u2026 yay\u0131mland\u0131\u011f\u0131 ilk g\u00fcnden bu yana b\u00fcy\u00fck bir ilgiyle takip edilmeye devam ediyor. Ge\u00e7ti\u011fimiz hafta yeni b\u00f6l\u00fcm\u00fcyle izleyici kar\u015f\u0131s\u0131na \u00e7\u0131kan dizi, son b\u00f6l\u00fcm\u00fcyle herkesi \u00e7ok etkilemi\u015f ve b\u00fcy\u00fck bir be\u011feni toplam\u0131\u015ft\u0131.<\/p>\n<p><img loading=\"lazy\" decoding=\"async\" class=\"alignnone wp-image-114606\" src=\"https:\/\/www.tgrthaber.com\/mavikadin\/wp-content\/uploads\/Adsiz-tasarim-2024-12-30T201719.883-1024x576.jpg\" alt=\"Leyla: Hayat\u2026 A\u015fk\u2026 Adalet\u2026 dizisi bu hafta yay\u0131mlanacak m\u0131? Leyla dizisi yeni b\u00f6l\u00fcm ne zaman? \" width=\"1208\" height=\"680\" title=\"\" srcset=\"https:\/\/www.tgrthaber.com\/mavikadin\/wp-content\/uploads\/Adsiz-tasarim-2024-12-30T201719.883-1024x576.jpg 1024w, https:\/\/www.tgrthaber.com\/mavikadin\/wp-content\/uploads\/Adsiz-tasarim-2024-12-30T201719.883-300x169.jpg 300w, https:\/\/www.tgrthaber.com\/mavikadin\/wp-content\/uploads\/Adsiz-tasarim-2024-12-30T201719.883-768x432.jpg 768w, https:\/\/www.tgrthaber.com\/mavikadin\/wp-content\/uploads\/Adsiz-tasarim-2024-12-30T201719.883-1536x864.jpg 1536w, https:\/\/www.tgrthaber.com\/mavikadin\/wp-content\/uploads\/Adsiz-tasarim-2024-12-30T201719.883.jpg 1600w\" sizes=\"(max-width: 1208px) 100vw, 1208px\" \/><\/p>\n<hr \/>\n<p>Leyla: Hayat\u2026 A\u015fk\u2026 Adalet\u2026 dizisi hem konusu hem de g\u00fc\u00e7l\u00fc oyuncu kadrosuyla herkesin dikkatini \u00e7ekmeye devam ediyor. Her \u00e7ar\u015famba g\u00fcn\u00fc izleyici kar\u015f\u0131s\u0131na \u00e7\u0131kan dizi ge\u00e7ti\u011fimiz hafta yay\u0131mlanan yeni b\u00f6l\u00fcm\u00fcyle de dikkatleri \u00fczerine \u00e7ekmeyi ba\u015farm\u0131\u015ft\u0131. Dizinin yay\u0131mlanan son b\u00f6l\u00fcm\u00fc adeta final sahnelerini aratmam\u0131\u015ft\u0131. Ger\u00e7eklerin tek tek ortaya \u00e7\u0131kmas\u0131 dizinin final mi yapaca\u011f\u0131 sorular\u0131n\u0131 beraberinde getirmi\u015fti. Peki, ekranlar\u0131n sevilen dizisi Leyla: Hayat\u2026 A\u015fk\u2026 Adalet\u2026 bu hafta yay\u0131mlanacak m\u0131? \u0130\u015fte Leyla: Hayat\u2026 A\u015fk\u2026 Adalet\u2026 dizisinin bu hafta yay\u0131mlan\u0131p yay\u0131mlanmayaca\u011f\u0131 hakk\u0131nda detaylar\u2026<\/p>\n<p><img loading=\"lazy\" decoding=\"async\" class=\"alignnone wp-image-114609\" src=\"https:\/\/www.tgrthaber.com\/mavikadin\/wp-content\/uploads\/Adsiz-tasarim-2024-12-30T201735.210-1024x576.jpg\" alt=\"Leyla: Hayat\u2026 A\u015fk\u2026 Adalet\u2026 dizisi bu hafta yay\u0131mlanacak m\u0131? Leyla dizisi yeni b\u00f6l\u00fcm ne zaman? \" width=\"1208\" height=\"680\" title=\"\" srcset=\"https:\/\/www.tgrthaber.com\/mavikadin\/wp-content\/uploads\/Adsiz-tasarim-2024-12-30T201735.210-1024x576.jpg 1024w, https:\/\/www.tgrthaber.com\/mavikadin\/wp-content\/uploads\/Adsiz-tasarim-2024-12-30T201735.210-300x169.jpg 300w, https:\/\/www.tgrthaber.com\/mavikadin\/wp-content\/uploads\/Adsiz-tasarim-2024-12-30T201735.210-768x432.jpg 768w, https:\/\/www.tgrthaber.com\/mavikadin\/wp-content\/uploads\/Adsiz-tasarim-2024-12-30T201735.210-1536x864.jpg 1536w, https:\/\/www.tgrthaber.com\/mavikadin\/wp-content\/uploads\/Adsiz-tasarim-2024-12-30T201735.210.jpg 1600w\" sizes=\"(max-width: 1208px) 100vw, 1208px\" \/><\/p>\n<hr \/>\n<h3>LEYLA: HAYAT\u2026 A\u015eK\u2026 ADALET\u2026 D\u0130Z\u0130S\u0130 YEN\u0130 B\u00d6L\u00dcM NE ZAMAN?<\/h3>\n<p>NOW TV ekranlar\u0131nda her \u00c7ar\u015famba izleyici kar\u015f\u0131s\u0131na \u00e7\u0131kan \u201cLeyla: Hayat\u2026 A\u015fk\u2026 Adalet\u2026\u201d dizisi ge\u00e7en hafta yay\u0131mlanan yeni b\u00f6l\u00fcm\u00fcyle izleyiciyi ekran ba\u015f\u0131na kilitlemi\u015fti. Ger\u00e7eklerin teker teker ortaya \u00e7\u0131kmas\u0131 ve Civan\u2019\u0131n Ela\u2019n\u0131n ger\u00e7ekte Leyla oldu\u011funu \u00f6\u011frenmesiyle birlikte seyirci final tad\u0131nda bir b\u00f6l\u00fcm izlemi\u015fti.<\/p>\n<p><img loading=\"lazy\" decoding=\"async\" class=\"alignnone wp-image-114607\" src=\"https:\/\/www.tgrthaber.com\/mavikadin\/wp-content\/uploads\/Adsiz-tasarim-2024-12-30T201743.852-1024x576.jpg\" alt=\"Leyla: Hayat\u2026 A\u015fk\u2026 Adalet\u2026 dizisi bu hafta yay\u0131mlanacak m\u0131? Leyla dizisi yeni b\u00f6l\u00fcm ne zaman? \" width=\"1208\" height=\"680\" title=\"\" srcset=\"https:\/\/www.tgrthaber.com\/mavikadin\/wp-content\/uploads\/Adsiz-tasarim-2024-12-30T201743.852-1024x576.jpg 1024w, https:\/\/www.tgrthaber.com\/mavikadin\/wp-content\/uploads\/Adsiz-tasarim-2024-12-30T201743.852-300x169.jpg 300w, https:\/\/www.tgrthaber.com\/mavikadin\/wp-content\/uploads\/Adsiz-tasarim-2024-12-30T201743.852-768x432.jpg 768w, https:\/\/www.tgrthaber.com\/mavikadin\/wp-content\/uploads\/Adsiz-tasarim-2024-12-30T201743.852-1536x864.jpg 1536w, https:\/\/www.tgrthaber.com\/mavikadin\/wp-content\/uploads\/Adsiz-tasarim-2024-12-30T201743.852.jpg 1600w\" sizes=\"(max-width: 1208px) 100vw, 1208px\" \/><\/p>\n<hr \/>\n<p>Final sahnelerini aratmayan bir b\u00f6l\u00fcmle izleyici kar\u015f\u0131s\u0131na \u00e7\u0131kan Leyla: Hayat\u2026 A\u015fk\u2026 Adalet\u2026 dizisinin final mi yapaca\u011f\u0131 sorular\u0131 ak\u0131llara gelmi\u015fti. Dizinin yeni b\u00f6l\u00fcm\u00fcn\u00fc merakla bekleyen seyirci, y\u0131lba\u015f\u0131 haftas\u0131 dizinin yeni b\u00f6l\u00fcm\u00fcn\u00fcn yay\u0131mlan\u0131p yay\u0131mlanmayaca\u011f\u0131n\u0131 da merak ediyor.<\/p>\n<p><img loading=\"lazy\" decoding=\"async\" class=\"alignnone wp-image-114608\" src=\"https:\/\/www.tgrthaber.com\/mavikadin\/wp-content\/uploads\/Adsiz-tasarim-2024-12-30T201750.030-1024x576.jpg\" alt=\"Leyla: Hayat\u2026 A\u015fk\u2026 Adalet\u2026 dizisi bu hafta yay\u0131mlanacak m\u0131? Leyla dizisi yeni b\u00f6l\u00fcm ne zaman? \" width=\"1208\" height=\"680\" title=\"\" srcset=\"https:\/\/www.tgrthaber.com\/mavikadin\/wp-content\/uploads\/Adsiz-tasarim-2024-12-30T201750.030-1024x576.jpg 1024w, https:\/\/www.tgrthaber.com\/mavikadin\/wp-content\/uploads\/Adsiz-tasarim-2024-12-30T201750.030-300x169.jpg 300w, https:\/\/www.tgrthaber.com\/mavikadin\/wp-content\/uploads\/Adsiz-tasarim-2024-12-30T201750.030-768x432.jpg 768w, https:\/\/www.tgrthaber.com\/mavikadin\/wp-content\/uploads\/Adsiz-tasarim-2024-12-30T201750.030-1536x864.jpg 1536w, https:\/\/www.tgrthaber.com\/mavikadin\/wp-content\/uploads\/Adsiz-tasarim-2024-12-30T201750.030.jpg 1600w\" sizes=\"(max-width: 1208px) 100vw, 1208px\" \/><\/p>\n<hr \/>\n<p>NOW TV ekranlar\u0131n\u0131n sevilen dizisi Leyla: Hayat\u2026 A\u015fk\u2026 Adalet\u2026 1 Ocak \u00c7ar\u015famba g\u00fcn\u00fc yeni b\u00f6l\u00fcm\u00fcyle izleyici kar\u015f\u0131na \u00e7\u0131kacak. Y\u0131lba\u015f\u0131 haftas\u0131 ekranlara ara vermeyen dizi, bomba gibi yeni b\u00f6l\u00fcm\u00fcyle ekranlarda olacak. Ger\u00e7eklerin ortaya \u00e7\u0131kmas\u0131yla birlikte yeni b\u00f6l\u00fcmde Civan\u2019\u0131n kimin taraf\u0131nda olaca\u011f\u0131 da merak ediliyor. Leyla: Hayat\u2026 A\u015fk\u2026 Adalet\u2026 dizinin bomba gibi yeni b\u00f6l\u00fcm\u00fcnde bakal\u0131m hangi geli\u015fmeler ya\u015fanacak.<\/p>\n","protected":false},"excerpt":{"rendered":"<p>Y\u0131lba\u015f\u0131 haftas\u0131na girmemizle beraber hangi dizilerin yay\u0131mlanmayaca\u011f\u0131 da izleyiciler taraf\u0131ndan merak ediliyor. Peki, Leyla: Hayat\u2026 A\u015fk\u2026 Adalet\u2026 dizisi bu hafta yay\u0131mlanacak m\u0131? Leyla dizisi yeni b\u00f6l\u00fcm ne zaman? \u0130\u015fte ayr\u0131nt\u0131lar\u2026 <\/p>\n","protected":false},"author":26,"featured_media":114610,"comment_status":"closed","ping_status":"closed","sticky":false,"template":"","format":"standard","meta":{"rank_math_lock_modified_date":false,"footnotes":""},"categories":[602],"tags":[1055,3033,2521],"class_list":["post-114605","post","type-post","status-publish","format-standard","has-post-thumbnail","hentry","category-diziler","tag-leyla","tag-leyla-dizisi","tag-leyla-hayat-ask-adalet"],"_links":{"self":[{"href":"https:\/\/www.tgrthaber.com\/mavikadin\/wp-json\/wp\/v2\/posts\/114605"}],"collection":[{"href":"https:\/\/www.tgrthaber.com\/mavikadin\/wp-json\/wp\/v2\/posts"}],"about":[{"href":"https:\/\/www.tgrthaber.com\/mavikadin\/wp-json\/wp\/v2\/types\/post"}],"author":[{"embeddable":true,"href":"https:\/\/www.tgrthaber.com\/mavikadin\/wp-json\/wp\/v2\/users\/26"}],"replies":[{"embeddable":true,"href":"https:\/\/www.tgrthaber.com\/mavikadin\/wp-json\/wp\/v2\/comments?post=114605"}],"version-history":[{"count":1,"href":"https:\/\/www.tgrthaber.com\/mavikadin\/wp-json\/wp\/v2\/posts\/114605\/revisions"}],"predecessor-version":[{"id":114611,"href":"https:\/\/www.tgrthaber.com\/mavikadin\/wp-json\/wp\/v2\/posts\/114605\/revisions\/114611"}],"wp:featuredmedia":[{"embeddable":true,"href":"https:\/\/www.tgrthaber.com\/mavikadin\/wp-json\/wp\/v2\/media\/114610"}],"wp:attachment":[{"href":"https:\/\/www.tgrthaber.com\/mavikadin\/wp-json\/wp\/v2\/media?parent=114605"}],"wp:term":[{"taxonomy":"category","embeddable":true,"href":"https:\/\/www.tgrthaber.com\/mavikadin\/wp-json\/wp\/v2\/categories?post=114605"},{"taxonomy":"post_tag","embeddable":true,"href":"https:\/\/www.tgrthaber.com\/mavikadin\/wp-json\/wp\/v2\/tags?post=114605"}],"curies":[{"name":"wp","href":"https:\/\/api.w.org\/{rel}","templated":true}]}}