{"id":114701,"date":"2024-12-31T09:17:59","date_gmt":"2024-12-31T06:17:59","guid":{"rendered":"https:\/\/www.tgrthaber.com\/mavikadin\/?p=114701"},"modified":"2025-01-10T17:14:01","modified_gmt":"2025-01-10T14:14:01","slug":"kurtlar-vadisinin-polat-alemdari-necati-sasmaz-umreye-gitti-sosyal-medyada-gundem-oldu","status":"publish","type":"post","link":"https:\/\/www.tgrthaber.com\/mavikadin\/kurtlar-vadisinin-polat-alemdari-necati-sasmaz-umreye-gitti-sosyal-medyada-gundem-oldu\/","title":{"rendered":"Kurtlar Vadisi&#8217;nin Polat Alemdar&#8217;\u0131 Necati \u015ea\u015fmaz Umre\u2019ye gitti! Sosyal medyada g\u00fcndem oldu"},"content":{"rendered":"<p>Kurtlar Vadisi&#8217;nin Polat Alemdar&#8217;\u0131 Necati \u015ea\u015fmaz Umre\u2019de g\u00f6r\u00fcnt\u00fclendi. Maskesini indirmeyen \u015ea\u015fmaz hayranlar\u0131n\u0131n yo\u011fun ilgisiyle kar\u015f\u0131 kar\u015f\u0131ya kald\u0131.<\/p>\n<h3>KURTLAR VAD\u0130S\u0130&#8217;N\u0130N POLAT ALEMDAR&#8217;I NECAT\u0130 \u015eA\u015eMAZ UMRE\u2019DE<\/h3>\n<p>Sel\u00e7uk Y\u00f6ntem, \u00d6zg\u00fc Namal, Oktay Kaynarca gibi isimlerle bir zamanlara damgas\u0131n\u0131 vuran Kurtlar Vadisi ile ad\u0131n\u0131 duyuran Necati \u015ea\u015fmaz Polat Alemdar karakteriyle haf\u0131zalara kaz\u0131nd\u0131.<\/p>\n<p><img loading=\"lazy\" decoding=\"async\" class=\"alignnone wp-image-114703\" src=\"https:\/\/www.tgrthaber.com\/mavikadin\/wp-content\/uploads\/Necati-Sasmaz-2.jpg\" alt=\"\" width=\"1208\" height=\"680\" title=\"\" srcset=\"https:\/\/www.tgrthaber.com\/mavikadin\/wp-content\/uploads\/Necati-Sasmaz-2.jpg 1920w, https:\/\/www.tgrthaber.com\/mavikadin\/wp-content\/uploads\/Necati-Sasmaz-2-300x169.jpg 300w, https:\/\/www.tgrthaber.com\/mavikadin\/wp-content\/uploads\/Necati-Sasmaz-2-1024x576.jpg 1024w, https:\/\/www.tgrthaber.com\/mavikadin\/wp-content\/uploads\/Necati-Sasmaz-2-768x432.jpg 768w, https:\/\/www.tgrthaber.com\/mavikadin\/wp-content\/uploads\/Necati-Sasmaz-2-1536x864.jpg 1536w\" sizes=\"(max-width: 1208px) 100vw, 1208px\" \/><\/p>\n<hr \/>\n<p>Arap yar\u0131madas\u0131nda b\u00fcy\u00fck bir hayran kitlesi olan Necati \u015ea\u015fmaz Umre\u2019de b\u00fcy\u00fck bir ilgiyle kar\u015f\u0131la\u015ft\u0131. NAcati \u015ea\u015fmaz\u2019\u0131n son haline sosyal medyada yorum ve be\u011feni ya\u011fd\u0131.<br \/>\nTelevizyonlarda yay\u0131nland\u0131\u011f\u0131 d\u00f6nemde izlenme rekorlar\u0131 k\u0131ran Kurtlar Vadisi\u2019nin yay\u0131n d\u00f6nemi sona ermi\u015f olsa da seyircideki yeri hi\u00e7 unutulmad\u0131.<\/p>\n<p>Dizinin ba\u015frol\u00fc Polat Alemdar karakterini oynayan Necati \u015ea\u015fmaz bu rol\u00fcyle b\u00fcy\u00fck bir hayran kitlesine sahip oldu.<\/p>\n<p>Dizi bittikten sonra g\u00f6zlerden uzak bir hayat s\u00fcren Necati \u015ea\u015fmaz, uzun bir s\u00fcre ABD\u2019de ya\u015fad\u0131. \u015eimdilerde yeniden Kurtlar Vadisi ile ekranlara d\u00f6nmesi beklenen \u015ea\u015fmaz Umre ziyareti ile dikkatleri \u00fczerine \u00e7ekti.<\/p>\n<p><img loading=\"lazy\" decoding=\"async\" class=\"alignnone wp-image-114704\" src=\"https:\/\/www.tgrthaber.com\/mavikadin\/wp-content\/uploads\/Necati-Sasmaz-3.jpg\" alt=\"\" width=\"1208\" height=\"680\" title=\"\" srcset=\"https:\/\/www.tgrthaber.com\/mavikadin\/wp-content\/uploads\/Necati-Sasmaz-3.jpg 1920w, https:\/\/www.tgrthaber.com\/mavikadin\/wp-content\/uploads\/Necati-Sasmaz-3-300x169.jpg 300w, https:\/\/www.tgrthaber.com\/mavikadin\/wp-content\/uploads\/Necati-Sasmaz-3-1024x576.jpg 1024w, https:\/\/www.tgrthaber.com\/mavikadin\/wp-content\/uploads\/Necati-Sasmaz-3-768x432.jpg 768w, https:\/\/www.tgrthaber.com\/mavikadin\/wp-content\/uploads\/Necati-Sasmaz-3-1536x864.jpg 1536w\" sizes=\"(max-width: 1208px) 100vw, 1208px\" \/><\/p>\n<hr \/>\n<h3>HAYRANLARINDAN B\u00dcY\u00dcK \u0130LG\u0130<\/h3>\n<p>16 Haziran 2016 tarihinde 300. b\u00f6l\u00fcm\u00fcyle final yapan Kurtlar Vadisi dizisi aradan y\u0131llar ge\u00e7mesine ra\u011fmen unutulmad\u0131. Umre\u2019ye giden Necati \u015ea\u015fmaz burada oldu\u011fu s\u00fcre boyunca yo\u011fun ilgiyle kar\u015f\u0131la\u015ft\u0131.<\/p>\n<p><img loading=\"lazy\" decoding=\"async\" class=\"alignnone wp-image-114705\" src=\"https:\/\/www.tgrthaber.com\/mavikadin\/wp-content\/uploads\/Necati-Sasmaz-5.jpg\" alt=\"\" width=\"1208\" height=\"680\" title=\"\" srcset=\"https:\/\/www.tgrthaber.com\/mavikadin\/wp-content\/uploads\/Necati-Sasmaz-5.jpg 1920w, https:\/\/www.tgrthaber.com\/mavikadin\/wp-content\/uploads\/Necati-Sasmaz-5-300x169.jpg 300w, https:\/\/www.tgrthaber.com\/mavikadin\/wp-content\/uploads\/Necati-Sasmaz-5-1024x576.jpg 1024w, https:\/\/www.tgrthaber.com\/mavikadin\/wp-content\/uploads\/Necati-Sasmaz-5-768x432.jpg 768w, https:\/\/www.tgrthaber.com\/mavikadin\/wp-content\/uploads\/Necati-Sasmaz-5-1536x864.jpg 1536w\" sizes=\"(max-width: 1208px) 100vw, 1208px\" \/><\/p>\n<hr \/>\n<p>Maskeyle dola\u015fan \u015ea\u015fmaz sadece foto\u011fraf \u00e7ekilmek i\u00e7in maskesini \u00e7\u0131kard\u0131. K\u0131sa s\u00fcrede sosyal medyan\u0131n g\u00fcndemine oturan Necati \u015ea\u015fmaz\u2019a &#8216;Koca bir nesil seninle ya\u015fland\u0131k&#8217;, &#8216;\u00e7ok ya\u015flanm\u0131\u015f be\u2019, &#8216;Usta seni \u00f6zledik&#8217;, &#8216;tan\u0131yamad\u0131m ya\u015flanm\u0131\u015f&#8217; gibi yorumlar yap\u0131ld\u0131.<\/p>\n<div style=\"width: 640px;\" class=\"wp-video\"><!--[if lt IE 9]><script>document.createElement('video');<\/script><![endif]-->\n<video class=\"wp-video-shortcode\" id=\"video-114701-1\" width=\"640\" height=\"640\" preload=\"metadata\" controls=\"controls\"><source type=\"video\/mp4\" src=\"https:\/\/www.tgrthaber.com\/mavikadin\/wp-content\/uploads\/Sari-ve-Mavi-Fotografli-Gunaydin-Temali-Instagram-Gonderisi-18.mp4?_=1\" \/><a href=\"https:\/\/www.tgrthaber.com\/mavikadin\/wp-content\/uploads\/Sari-ve-Mavi-Fotografli-Gunaydin-Temali-Instagram-Gonderisi-18.mp4\">https:\/\/www.tgrthaber.com\/mavikadin\/wp-content\/uploads\/Sari-ve-Mavi-Fotografli-Gunaydin-Temali-Instagram-Gonderisi-18.mp4<\/a><\/video><\/div>\n<hr \/>\n<h3>NECAT\u0130 \u015eA\u015eMAZ MEKKE\u2019DE G\u00d6R\u00dcNT\u00dcLEND\u0130!<\/h3>\n<p>\u00dcnl\u00fc oyuncu Necati \u015ea\u015fmaz Mekke\u2019de g\u00f6r\u00fcnt\u00fclendi. Kurtlar Vadisi dizisinde Polat Alemdar karakterini \u00fcstlenen \u00fcnl\u00fc ismi bir hayran\u0131 kamerayla kayda ald\u0131.<\/p>\n","protected":false},"excerpt":{"rendered":"<p>Kurtlar Vadisi&#8217;nin Polat Alemdar&#8217;\u0131 Necati \u015ea\u015fmaz Umre\u2019ye gitti. Sosyal medyada yorum ya\u011fmuruna tutulan \u00fcnl\u00fc isim hayranlar\u0131n\u0131n yo\u011fun ilgisiyle kar\u015f\u0131la\u015ft\u0131.<\/p>\n","protected":false},"author":5,"featured_media":114712,"comment_status":"closed","ping_status":"closed","sticky":false,"template":"","format":"standard","meta":{"rank_math_lock_modified_date":false,"footnotes":""},"categories":[76],"tags":[2226,6474,6473],"class_list":["post-114701","post","type-post","status-publish","format-standard","has-post-thumbnail","hentry","category-magazin","tag-kurtlar-vadisi","tag-necati-sasmaz","tag-polat-alemdar"],"_links":{"self":[{"href":"https:\/\/www.tgrthaber.com\/mavikadin\/wp-json\/wp\/v2\/posts\/114701"}],"collection":[{"href":"https:\/\/www.tgrthaber.com\/mavikadin\/wp-json\/wp\/v2\/posts"}],"about":[{"href":"https:\/\/www.tgrthaber.com\/mavikadin\/wp-json\/wp\/v2\/types\/post"}],"author":[{"embeddable":true,"href":"https:\/\/www.tgrthaber.com\/mavikadin\/wp-json\/wp\/v2\/users\/5"}],"replies":[{"embeddable":true,"href":"https:\/\/www.tgrthaber.com\/mavikadin\/wp-json\/wp\/v2\/comments?post=114701"}],"version-history":[{"count":5,"href":"https:\/\/www.tgrthaber.com\/mavikadin\/wp-json\/wp\/v2\/posts\/114701\/revisions"}],"predecessor-version":[{"id":119664,"href":"https:\/\/www.tgrthaber.com\/mavikadin\/wp-json\/wp\/v2\/posts\/114701\/revisions\/119664"}],"wp:featuredmedia":[{"embeddable":true,"href":"https:\/\/www.tgrthaber.com\/mavikadin\/wp-json\/wp\/v2\/media\/114712"}],"wp:attachment":[{"href":"https:\/\/www.tgrthaber.com\/mavikadin\/wp-json\/wp\/v2\/media?parent=114701"}],"wp:term":[{"taxonomy":"category","embeddable":true,"href":"https:\/\/www.tgrthaber.com\/mavikadin\/wp-json\/wp\/v2\/categories?post=114701"},{"taxonomy":"post_tag","embeddable":true,"href":"https:\/\/www.tgrthaber.com\/mavikadin\/wp-json\/wp\/v2\/tags?post=114701"}],"curies":[{"name":"wp","href":"https:\/\/api.w.org\/{rel}","templated":true}]}}