{"id":114723,"date":"2024-12-31T10:06:27","date_gmt":"2024-12-31T07:06:27","guid":{"rendered":"https:\/\/www.tgrthaber.com\/mavikadin\/?p=114723"},"modified":"2024-12-31T10:08:05","modified_gmt":"2024-12-31T07:08:05","slug":"kizilcik-serbetinin-nilayi-feyza-civelekten-eski-sevgilisi-hakkinda-sasirtan-aciklama","status":"publish","type":"post","link":"https:\/\/www.tgrthaber.com\/mavikadin\/kizilcik-serbetinin-nilayi-feyza-civelekten-eski-sevgilisi-hakkinda-sasirtan-aciklama\/","title":{"rendered":"K\u0131z\u0131lc\u0131k \u015eerbeti\u2019nin Nilay\u2019\u0131 Feyza Civelek\u2019ten eski sevgilisi hakk\u0131nda \u015fa\u015f\u0131rtan a\u00e7\u0131klama!"},"content":{"rendered":"<p>K\u0131z\u0131lc\u0131k \u015eerbeti\u2019nin Nilay\u2019\u0131 Feyza Civelek kat\u0131ld\u0131\u011f\u0131 bir YouTube program\u0131nda eski sevgilisi i\u00e7in sert s\u00f6zler s\u00f6yledi. Civelek eski sevgilisine \u201cMaymun suratl\u0131yd\u0131 evet, \u00e7ok \u00e7irkindi\u201d dedi.<\/p>\n<h3>FEYZA C\u0130VELEK\u2019TEN ESK\u0130 SEVG\u0130L\u0130S\u0130NE SERT S\u00d6ZLER<\/h3>\n<p>K\u0131z\u0131lc\u0131k \u015eerbeti\u2019nin Nilay\u2019\u0131 Feyza Civelek eski sevgilisine sert s\u00f6zler s\u00f6yledi. Kat\u0131ld\u0131\u011f\u0131 bir YouTube program\u0131nda konu\u015fan Civelek, \u201cAsla senin gibi bir insanla bir daha ayn\u0131 sokakta y\u00fcr\u00fcmeyece\u011fimi anlam\u0131\u015f oldum. D\u00f6nse asla \u00f6l\u00fcme de dirime de gelmesin\u201d \u015feklinde a\u00e7\u0131klama yapt\u0131.<\/p>\n<div style=\"width: 640px;\" class=\"wp-video\"><!--[if lt IE 9]><script>document.createElement('video');<\/script><![endif]-->\n<video class=\"wp-video-shortcode\" id=\"video-114723-1\" width=\"640\" height=\"640\" preload=\"metadata\" controls=\"controls\"><source type=\"video\/mp4\" src=\"https:\/\/www.tgrthaber.com\/mavikadin\/wp-content\/uploads\/FEyza-Civelek-2.mp4?_=1\" \/><a href=\"https:\/\/www.tgrthaber.com\/mavikadin\/wp-content\/uploads\/FEyza-Civelek-2.mp4\">https:\/\/www.tgrthaber.com\/mavikadin\/wp-content\/uploads\/FEyza-Civelek-2.mp4<\/a><\/video><\/div>\n<hr \/>\n<h3>\u201cGER\u00c7EKTEN \u00c7\u0130RK\u0130N \u015eANSI\u201d<\/h3>\n<p>\u2018Dahass\u0131 Var\u2019 isimli Youtube program\u0131na kat\u0131lan Feyza Civelek, sunucunun &#8220;\u00c7ocu\u011fu g\u00f6rd\u00fcm. Senin yan\u0131na hi\u00e7 yak\u0131\u015fmayan biriydi&#8221; s\u00f6zleri \u00fczerine eski sevgilisini \u015f\u00f6yle anlatt\u0131: &#8220;Evet \u00e7ok \u00e7irkindi bu arada. Ger\u00e7ekten \u00e7irkin \u015fans\u0131. Maymun suratl\u0131yd\u0131 evet. \u00c7ok \u00e7irkindi. Ger\u00e7ekten seninle birlikte oldu\u011fum g\u00fcne lanet olsun. Ama iyi ki hayat\u0131ma girdin. Senin gibi bir insan\u0131n tecr\u00fcbesini kazand\u0131m. Asla senin gibi bir insanla bir daha ayn\u0131 sokakta y\u00fcr\u00fcmeyece\u011fimi anlad\u0131m.&#8221;<\/p>\n<p><img loading=\"lazy\" decoding=\"async\" class=\"alignnone wp-image-114732\" src=\"https:\/\/www.tgrthaber.com\/mavikadin\/wp-content\/uploads\/Feyza-Civelek-4_restored.webp\" alt=\"\" width=\"1208\" height=\"679\" title=\"\" srcset=\"https:\/\/www.tgrthaber.com\/mavikadin\/wp-content\/uploads\/Feyza-Civelek-4_restored.webp 2000w, https:\/\/www.tgrthaber.com\/mavikadin\/wp-content\/uploads\/Feyza-Civelek-4_restored-300x169.webp 300w, https:\/\/www.tgrthaber.com\/mavikadin\/wp-content\/uploads\/Feyza-Civelek-4_restored-1024x575.webp 1024w, https:\/\/www.tgrthaber.com\/mavikadin\/wp-content\/uploads\/Feyza-Civelek-4_restored-768x432.webp 768w, https:\/\/www.tgrthaber.com\/mavikadin\/wp-content\/uploads\/Feyza-Civelek-4_restored-1536x863.webp 1536w\" sizes=\"(max-width: 1208px) 100vw, 1208px\" \/><\/p>\n<hr \/>\n<h3>\u201cKARAKTERS\u0130Z B\u0130R\u0130S\u0130YM\u0130\u015e\u201d<\/h3>\n<p>Civelek\u2019in sosyal medyada bahsetti\u011fi eski sevgilisinin Alican Kurt oldu\u011fu yaz\u0131ld\u0131. Civelek, Ekim ay\u0131nda ayr\u0131ld\u0131klar\u0131n\u0131 a\u00e7\u0131klayan Kurt ile ilgili &#8220;Evlilik yok. \u00c7\u00fcnk\u00fc taze ayr\u0131ld\u0131m.<\/p>\n<p><img loading=\"lazy\" decoding=\"async\" class=\"alignnone wp-image-114727\" src=\"https:\/\/www.tgrthaber.com\/mavikadin\/wp-content\/uploads\/Feyza-4.jpg\" alt=\"\" width=\"1208\" height=\"680\" title=\"\" srcset=\"https:\/\/www.tgrthaber.com\/mavikadin\/wp-content\/uploads\/Feyza-4.jpg 1600w, https:\/\/www.tgrthaber.com\/mavikadin\/wp-content\/uploads\/Feyza-4-300x169.jpg 300w, https:\/\/www.tgrthaber.com\/mavikadin\/wp-content\/uploads\/Feyza-4-1024x576.jpg 1024w, https:\/\/www.tgrthaber.com\/mavikadin\/wp-content\/uploads\/Feyza-4-768x432.jpg 768w, https:\/\/www.tgrthaber.com\/mavikadin\/wp-content\/uploads\/Feyza-4-1536x864.jpg 1536w\" sizes=\"(max-width: 1208px) 100vw, 1208px\" \/><\/p>\n<hr \/>\n<p>Bir\u00e7ok kad\u0131n\u0131n ya\u015fad\u0131\u011f\u0131 ihanet sebebiyle ben de erkek arkada\u015f\u0131m ile ayr\u0131l\u0131k karar\u0131 ald\u0131m. Karaktersiz birisiymi\u015f, demek ki do\u011fru tan\u0131yamam\u0131\u015f\u0131m. \u0130yi ki de b\u00f6yle oldu ve ben yakalad\u0131m. Aksini d\u00fc\u015f\u00fcnmek istemiyorum.&#8221; demi\u015fti.<\/p>\n","protected":false},"excerpt":{"rendered":"<p>K\u0131z\u0131lc\u0131k \u015eerbeti\u2019nin Nilay\u2019\u0131 Feyza Civelek\u2019ten eski sevgilisi hakk\u0131nda \u015fa\u015f\u0131rtan a\u00e7\u0131klama geldi. Eski sevgilisi hakk\u0131nda \u201cMaymun suratl\u0131yd\u0131 evet, \u00e7ok \u00e7irkindi\u201d diyen Civelek g\u00fcndem oldu.<\/p>\n","protected":false},"author":5,"featured_media":114726,"comment_status":"closed","ping_status":"closed","sticky":false,"template":"","format":"standard","meta":{"rank_math_lock_modified_date":false,"footnotes":""},"categories":[76],"tags":[2650,157],"class_list":["post-114723","post","type-post","status-publish","format-standard","has-post-thumbnail","hentry","category-magazin","tag-feyza-civelek","tag-kizilcik-serbeti"],"_links":{"self":[{"href":"https:\/\/www.tgrthaber.com\/mavikadin\/wp-json\/wp\/v2\/posts\/114723"}],"collection":[{"href":"https:\/\/www.tgrthaber.com\/mavikadin\/wp-json\/wp\/v2\/posts"}],"about":[{"href":"https:\/\/www.tgrthaber.com\/mavikadin\/wp-json\/wp\/v2\/types\/post"}],"author":[{"embeddable":true,"href":"https:\/\/www.tgrthaber.com\/mavikadin\/wp-json\/wp\/v2\/users\/5"}],"replies":[{"embeddable":true,"href":"https:\/\/www.tgrthaber.com\/mavikadin\/wp-json\/wp\/v2\/comments?post=114723"}],"version-history":[{"count":4,"href":"https:\/\/www.tgrthaber.com\/mavikadin\/wp-json\/wp\/v2\/posts\/114723\/revisions"}],"predecessor-version":[{"id":114734,"href":"https:\/\/www.tgrthaber.com\/mavikadin\/wp-json\/wp\/v2\/posts\/114723\/revisions\/114734"}],"wp:featuredmedia":[{"embeddable":true,"href":"https:\/\/www.tgrthaber.com\/mavikadin\/wp-json\/wp\/v2\/media\/114726"}],"wp:attachment":[{"href":"https:\/\/www.tgrthaber.com\/mavikadin\/wp-json\/wp\/v2\/media?parent=114723"}],"wp:term":[{"taxonomy":"category","embeddable":true,"href":"https:\/\/www.tgrthaber.com\/mavikadin\/wp-json\/wp\/v2\/categories?post=114723"},{"taxonomy":"post_tag","embeddable":true,"href":"https:\/\/www.tgrthaber.com\/mavikadin\/wp-json\/wp\/v2\/tags?post=114723"}],"curies":[{"name":"wp","href":"https:\/\/api.w.org\/{rel}","templated":true}]}}