{"id":114757,"date":"2024-12-31T11:26:59","date_gmt":"2024-12-31T08:26:59","guid":{"rendered":"https:\/\/www.tgrthaber.com\/mavikadin\/?p=114757"},"modified":"2024-12-31T11:48:52","modified_gmt":"2024-12-31T08:48:52","slug":"bir-zamanlar-istanbul-dizisinin-basrolleri-cihangir-ceyhan-ve-alina-bozdan-ilk-fotograflar","status":"publish","type":"post","link":"https:\/\/www.tgrthaber.com\/mavikadin\/bir-zamanlar-istanbul-dizisinin-basrolleri-cihangir-ceyhan-ve-alina-bozdan-ilk-fotograflar\/","title":{"rendered":"&#8216;Bir Zamanlar \u0130stanbul&#8217; dizisinin ba\u015frolleri Cihangir Ceyhan ve Alina Boz&#8217;dan ilk foto\u011fraflar!"},"content":{"rendered":"<p class=\"p1\">TRT1\u2019in Bozda\u011f Film imzal\u0131 <i>Bir Zamanlar \u0130stanbul<\/i> dizisinin \u00e7ekimlerine ay sonunda ba\u015flanmas\u0131 planlan\u0131yor. Alina Boz ve Cihangir Ceyhan\u2019\u0131n ba\u015frol\u00fc payla\u015ft\u0131\u011f\u0131 diziden ilk foto\u011fraf ise sosyal medyaya d\u00fc\u015ft\u00fc. \u0130kilinin kamera kar\u015f\u0131s\u0131ndaki uyumu, takip\u00e7ileri taraf\u0131ndan b\u00fcy\u00fck be\u011feni toplad\u0131 ve foto\u011fraf k\u0131sa s\u00fcre i\u00e7inde g\u00fcndem oldu. Cihangir Ceyhan ve Alina Boz\u2019un birbirine yak\u0131\u015fan ve uyumlu halleri, diziye olan ilgiyi daha da art\u0131rd\u0131.<\/p>\n<h3>&#8216;B\u0130R ZAMANLAR \u0130STANBUL&#8217; SET\u0130NDEN \u0130LK FOTO\u011eRAF GELD\u0130<\/h3>\n<p class=\"p1\">TRT1&#8217;in Bozda\u011f Film imzal\u0131 yeni dizisi <i>Bir Zamanlar \u0130stanbul<\/i>un haz\u0131rl\u0131klar\u0131 h\u0131zla devam ediyor. Y\u00f6netmenli\u011fini Kamil Ayd\u0131n&#8217;\u0131n \u00fcstlendi\u011fi, senaryosunu ise Kadir \u0130lter ve Ali Ozan Salk\u0131m\u2019\u0131n yazd\u0131\u011f\u0131 dizi, izleyicilere derin ve etkileyici bir a\u015fk hikayesi sunmay\u0131 hedefliyor. <i>Kurulu\u015f Osman<\/i> dizisinin senaristleri taraf\u0131ndan kaleme al\u0131nan projede ba\u015frolleri, ba\u015far\u0131l\u0131 oyuncular Cihangir Ceyhan ve Alina Boz payla\u015f\u0131yor. Ceyhan, dizideki Ali \u015eahinbey karakteriyle izleyicilerle bulu\u015furken, Boz ise gazeteci Seher olarak ekranlarda olacak.<\/p>\n<p><img loading=\"lazy\" decoding=\"async\" class=\"alignnone wp-image-114765\" src=\"https:\/\/www.tgrthaber.com\/mavikadin\/wp-content\/uploads\/Ekran-Resmi-2025-12-31-11.18.06.png\" alt=\"\" width=\"1208\" height=\"672\" title=\"\" srcset=\"https:\/\/www.tgrthaber.com\/mavikadin\/wp-content\/uploads\/Ekran-Resmi-2025-12-31-11.18.06.png 1236w, https:\/\/www.tgrthaber.com\/mavikadin\/wp-content\/uploads\/Ekran-Resmi-2025-12-31-11.18.06-300x167.png 300w, https:\/\/www.tgrthaber.com\/mavikadin\/wp-content\/uploads\/Ekran-Resmi-2025-12-31-11.18.06-1024x570.png 1024w, https:\/\/www.tgrthaber.com\/mavikadin\/wp-content\/uploads\/Ekran-Resmi-2025-12-31-11.18.06-768x427.png 768w\" sizes=\"(max-width: 1208px) 100vw, 1208px\" \/><\/p>\n<hr \/>\n<p class=\"p1\">B\u00fcy\u00fck bir merakla beklenen <i>Bir Zamanlar \u0130stanbul<\/i> dizisinin okuma provas\u0131 \u00f6n\u00fcm\u00fczdeki hafta yap\u0131lacak. Bu g\u00fc\u00e7l\u00fc a\u015fk hikayesiyle ilgili gelen ilk tepkiler olduk\u00e7a heyecan verici. Bir Zamanlar \u0130stanbul dizisinin setinden ilk foto\u011fraf\u0131n yay\u0131nlanmas\u0131 sosyal medyada \u015fimdiden dikkat \u00e7ekti.<span class=\"Apple-converted-space\">\u00a0 <\/span>Dizinin ba\u015frolleri Cihangir Ceyhan ve Alina Boz\u2019un dizideki uyumu \u00e7ok be\u011fenildi. Foto\u011fraf iileyicileri dizinin ilk b\u00f6l\u00fcmleri i\u00e7in daha da heyecanland\u0131rm\u0131\u015f durumda.<\/p>\n<h3>B\u0130R ZAMANLAR \u0130STANBUL D\u0130Z\u0130S\u0130 OYUNCU KADROSUNDA K\u0130MLER VAR?<\/h3>\n<p class=\"p2\"><i>Bir Zamanlar \u0130stanbul<\/i> dizisinin kadrosuna kat\u0131lan yeni isimler, hikayeye gerilim ve heyecan katacak. Dizinin k\u00f6t\u00fc adamlar\u0131ndan biri olan R\u0131za karakterine Mirza Bahattin Do\u011fan oynayacak.<span class=\"Apple-converted-space\">\u00a0 <\/span>R\u0131za, Ali ve Seher\u2019in a\u015fk hikayesinin z\u0131tt\u0131 olarak izleyicilere unutulmaz anlar ya\u015fatacak. R\u0131za&#8217;n\u0131n sa\u011f kolu Celal karakterini ise Serdar \u00d6zer oynayacak. Bu ikili, dizinin aksiyon dolu sahnelerinde \u00f6nemli bir rol \u00fcstlenecek. Ayr\u0131ca, Ali&#8217;nin yak\u0131n arkada\u015f\u0131 Demir karakterini Atakan Yar\u0131md\u00fcnya oynayacak. Demir, Ali&#8217;nin hayat\u0131nda \u00f6nemli bir fig\u00fcr olarak hikayeye derinlik katacak ve izleyicilere dostluk ve g\u00fcvenin anlam\u0131n\u0131 g\u00f6sterecek. Bu g\u00fc\u00e7l\u00fc karakterler, dizinin dinamiklerini daha da g\u00fc\u00e7lendirecek.<\/p>\n<p><img loading=\"lazy\" decoding=\"async\" class=\"alignnone wp-image-114766 size-full\" src=\"https:\/\/www.tgrthaber.com\/mavikadin\/wp-content\/uploads\/Ekran-Resmi-2025-12-31-11.18.12.png\" alt=\"\" width=\"998\" height=\"488\" title=\"\" srcset=\"https:\/\/www.tgrthaber.com\/mavikadin\/wp-content\/uploads\/Ekran-Resmi-2025-12-31-11.18.12.png 998w, https:\/\/www.tgrthaber.com\/mavikadin\/wp-content\/uploads\/Ekran-Resmi-2025-12-31-11.18.12-300x147.png 300w, https:\/\/www.tgrthaber.com\/mavikadin\/wp-content\/uploads\/Ekran-Resmi-2025-12-31-11.18.12-768x376.png 768w\" sizes=\"(max-width: 998px) 100vw, 998px\" \/><\/p>\n<hr \/>\n<h3>&#8216;B\u0130R ZAMANLA \u0130STANBUL D\u0130Z\u0130S\u0130&#8217;N\u0130N KONUSU NE?<\/h3>\n<p class=\"p2\"><i>Bir Zamanlar \u0130stanbul<\/i> dizisi, modern bir <i>K\u00f6ro\u011flu Destan\u0131<\/i> olarak izleyiciyle bulu\u015fuyor. Hikaye, T\u00fcrk Dili ve Edebiyat\u0131 B\u00f6l\u00fcm\u00fc son s\u0131n\u0131f \u00f6\u011frencisi Ali \u015eahinbey\u2019in hayat\u0131na odaklan\u0131yor. Ali, hayatta hi\u00e7bir zaman kar\u015f\u0131la\u015fmayaca\u011f\u0131 bir d\u00fcnyaya, mafya d\u00fcnyas\u0131na ad\u0131m at\u0131yor ve burada kendini bulmaya \u00e7al\u0131\u015f\u0131yor. Beklenmedik bir \u015fekilde su\u00e7 d\u00fcnyas\u0131na ad\u0131m atarken, bu karanl\u0131k d\u00fcnyada dengeleri alt \u00fcst etmek i\u00e7in b\u00fcy\u00fck bir m\u00fccadeleye giri\u015fiyor.<\/p>\n<p><img loading=\"lazy\" decoding=\"async\" class=\"alignnone wp-image-114769 \" src=\"https:\/\/www.tgrthaber.com\/mavikadin\/wp-content\/uploads\/Ekran-Resmi-2025-12-31-11.19.32.png\" alt=\"\" width=\"989\" height=\"587\" title=\"\" srcset=\"https:\/\/www.tgrthaber.com\/mavikadin\/wp-content\/uploads\/Ekran-Resmi-2025-12-31-11.19.32.png 974w, https:\/\/www.tgrthaber.com\/mavikadin\/wp-content\/uploads\/Ekran-Resmi-2025-12-31-11.19.32-300x178.png 300w, https:\/\/www.tgrthaber.com\/mavikadin\/wp-content\/uploads\/Ekran-Resmi-2025-12-31-11.19.32-768x456.png 768w\" sizes=\"(max-width: 989px) 100vw, 989px\" \/><\/p>\n<hr \/>\n<p class=\"p2\">Dizi, aksiyon dolu sahnelerinin yan\u0131 s\u0131ra karakterlerin derin i\u00e7 yolculuklar\u0131na da yo\u011funla\u015f\u0131yor. Ali\u2019nin bu tehlikeli d\u00fcnyada ya\u015fad\u0131\u011f\u0131 de\u011fi\u015fim, kar\u015f\u0131la\u015ft\u0131\u011f\u0131 zorluklar, kazand\u0131\u011f\u0131 zaferler ve ki\u015fisel d\u00f6n\u00fc\u015f\u00fcm\u00fc izleyicilere hem heyecan verici hem de d\u00fc\u015f\u00fcnd\u00fcr\u00fcc\u00fc bir deneyim sunuyor. Hikayenin temelinde, masum bir gencin su\u00e7 d\u00fcnyas\u0131na \u00e7ekilmesi ve burada hayatta kalabilmek i\u00e7in verdi\u011fi amans\u0131z m\u00fccadele yer al\u0131yor.<\/p>\n","protected":false},"excerpt":{"rendered":"<p>TRT1&#8217;in Bozda\u011f Film imzal\u0131 Bir Zamanlar \u0130stanbul dizisinin \u00e7ekimlerine ay sonunda ba\u015flanmas\u0131 planlan\u0131yor. Alina Boz ve Cihangir Ceyhan\u2019\u0131n ba\u015frol\u00fcn\u00fc payla\u015ft\u0131\u011f\u0131 diziden payla\u015f\u0131lan ilk foto\u011fraf sosyal medyada b\u00fcy\u00fck yank\u0131 uyand\u0131rd\u0131. \u0130kilinin kamera kar\u015f\u0131s\u0131ndaki uyumu, takip\u00e7ileri taraf\u0131ndan be\u011fenildi ve foto\u011fraf h\u0131zla g\u00fcndem oldu.<\/p>\n","protected":false},"author":16,"featured_media":114772,"comment_status":"closed","ping_status":"closed","sticky":false,"template":"","format":"standard","meta":{"rank_math_lock_modified_date":false,"footnotes":""},"categories":[76],"tags":[6485,6487,6486],"class_list":["post-114757","post","type-post","status-publish","format-standard","has-post-thumbnail","hentry","category-magazin","tag-bir-istanbul-dizisi-cihangir-ceyhan-alina-boz-ilk-fotograf","tag-bir-zamanlar-istanbul-dizi-seti-ilk-fotograf","tag-cihangir-ceyhan-alina-boz-ilk-fotograf"],"_links":{"self":[{"href":"https:\/\/www.tgrthaber.com\/mavikadin\/wp-json\/wp\/v2\/posts\/114757"}],"collection":[{"href":"https:\/\/www.tgrthaber.com\/mavikadin\/wp-json\/wp\/v2\/posts"}],"about":[{"href":"https:\/\/www.tgrthaber.com\/mavikadin\/wp-json\/wp\/v2\/types\/post"}],"author":[{"embeddable":true,"href":"https:\/\/www.tgrthaber.com\/mavikadin\/wp-json\/wp\/v2\/users\/16"}],"replies":[{"embeddable":true,"href":"https:\/\/www.tgrthaber.com\/mavikadin\/wp-json\/wp\/v2\/comments?post=114757"}],"version-history":[{"count":2,"href":"https:\/\/www.tgrthaber.com\/mavikadin\/wp-json\/wp\/v2\/posts\/114757\/revisions"}],"predecessor-version":[{"id":114775,"href":"https:\/\/www.tgrthaber.com\/mavikadin\/wp-json\/wp\/v2\/posts\/114757\/revisions\/114775"}],"wp:featuredmedia":[{"embeddable":true,"href":"https:\/\/www.tgrthaber.com\/mavikadin\/wp-json\/wp\/v2\/media\/114772"}],"wp:attachment":[{"href":"https:\/\/www.tgrthaber.com\/mavikadin\/wp-json\/wp\/v2\/media?parent=114757"}],"wp:term":[{"taxonomy":"category","embeddable":true,"href":"https:\/\/www.tgrthaber.com\/mavikadin\/wp-json\/wp\/v2\/categories?post=114757"},{"taxonomy":"post_tag","embeddable":true,"href":"https:\/\/www.tgrthaber.com\/mavikadin\/wp-json\/wp\/v2\/tags?post=114757"}],"curies":[{"name":"wp","href":"https:\/\/api.w.org\/{rel}","templated":true}]}}