{"id":114774,"date":"2024-12-31T12:33:49","date_gmt":"2024-12-31T09:33:49","guid":{"rendered":"https:\/\/www.tgrthaber.com\/mavikadin\/?p=114774"},"modified":"2024-12-31T14:07:22","modified_gmt":"2024-12-31T11:07:22","slug":"hazal-kaya-ve-ali-atay-ciftinin-ogullari-5-yasina-girdi-dogum-gunu-kareleri-cok-begenildi","status":"publish","type":"post","link":"https:\/\/www.tgrthaber.com\/mavikadin\/hazal-kaya-ve-ali-atay-ciftinin-ogullari-5-yasina-girdi-dogum-gunu-kareleri-cok-begenildi\/","title":{"rendered":"Hazal Kaya ve Ali Atay \u00e7iftinin o\u011fullar\u0131 5 ya\u015f\u0131na girdi! Do\u011fum g\u00fcn\u00fc kareleri \u00e7ok be\u011fenildi"},"content":{"rendered":"<p>Hazal Kaya ve Ali Atay \u00e7iftinin o\u011fullar\u0131 5 ya\u015f\u0131na girdi. \u00dcnl\u00fc \u00e7ift do\u011fum g\u00fcn\u00fcn\u00fc \u00f6zel bir \u015fekilde kutlad\u0131 ve bu anlar\u0131 sosyal medya hesaplar\u0131nda payla\u015ft\u0131. Hazal Kaya, do\u011fum g\u00fcn\u00fc kutlamas\u0131ndan kareleri takip\u00e7ileriyle payla\u015ft\u0131\u011f\u0131nda, foto\u011fraflar k\u0131sa s\u00fcrede b\u00fcy\u00fck ilgi g\u00f6rd\u00fc. Aile \u00fcyelerinin mutlulu\u011fu ve ne\u015fesi, takip\u00e7ileri taraf\u0131ndan be\u011fenildi ve sosyal medyada k\u0131sa s\u00fcrede g\u00fcndem oldu. Hazal Kaya\u2019n\u0131n payla\u015f\u0131mlar\u0131ndaki samimi anlar, fanlar\u0131n\u0131 duyguland\u0131r\u0131rken, ailenin \u00f6zel anlar\u0131na olan ilgisi de bir kez daha g\u00f6zler \u00f6n\u00fcne serildi. 5 ya\u015f\u0131na giren o\u011fullar\u0131yla ge\u00e7irdikleri keyifli anlar\u0131 payla\u015fan \u00e7ift, takip\u00e7ilerinden be\u011feni ve yorum mesajlar\u0131 ald\u0131.<\/p>\n<h3>HAZAL KAYA AL\u0130 ATAY \u00c7\u0130FT\u0130N\u0130N O\u011eULLARI DO\u011eUM G\u00dcN\u00dcNDEN KARELER \u00c7OK BE\u011eEN\u0130LD\u0130<\/h3>\n<p class=\"p1\">Hazal Kaya ve Ali Atay, o\u011fullar\u0131 Fikret Ali\u2019nin 5. ya\u015f g\u00fcn\u00fcn\u00fc kutlamak i\u00e7in unutulmaz bir parti d\u00fczenledi. 6 \u015eubat 2019\u2019da evlenen \u00fcnl\u00fc \u00e7ift, o\u011fullar\u0131n\u0131n do\u011fum g\u00fcn\u00fcne \u00f6zel olarak &#8216;Y\u0131ld\u0131z Sava\u015flar\u0131&#8217; temal\u0131 bir etkinlik haz\u0131rlad\u0131. Her detay\u0131yla \u00f6zenle tasarlanan parti, Fikret Ali\u2019nin en sevdi\u011fi karakterlerin fig\u00fcrleriyle donat\u0131ld\u0131 ve tema t\u00fcm konuklar i\u00e7in s\u00fcrprizlerle dolu oldu.<\/p>\n<p><img loading=\"lazy\" decoding=\"async\" class=\"alignnone wp-image-114794 size-full\" src=\"https:\/\/www.tgrthaber.com\/mavikadin\/wp-content\/uploads\/Hazal-Kaya-ve-Ali-Atay-ciftinin-ogullari-5-yasina-girdi-Dogum-gunu-kareleri-cok-begenildi-.png\" alt=\"\" width=\"1208\" height=\"720\" title=\"\" srcset=\"https:\/\/www.tgrthaber.com\/mavikadin\/wp-content\/uploads\/Hazal-Kaya-ve-Ali-Atay-ciftinin-ogullari-5-yasina-girdi-Dogum-gunu-kareleri-cok-begenildi-.png 1208w, https:\/\/www.tgrthaber.com\/mavikadin\/wp-content\/uploads\/Hazal-Kaya-ve-Ali-Atay-ciftinin-ogullari-5-yasina-girdi-Dogum-gunu-kareleri-cok-begenildi--300x179.png 300w, https:\/\/www.tgrthaber.com\/mavikadin\/wp-content\/uploads\/Hazal-Kaya-ve-Ali-Atay-ciftinin-ogullari-5-yasina-girdi-Dogum-gunu-kareleri-cok-begenildi--1024x610.png 1024w, https:\/\/www.tgrthaber.com\/mavikadin\/wp-content\/uploads\/Hazal-Kaya-ve-Ali-Atay-ciftinin-ogullari-5-yasina-girdi-Dogum-gunu-kareleri-cok-begenildi--768x458.png 768w\" sizes=\"(max-width: 1208px) 100vw, 1208px\" \/><\/p>\n<hr \/>\n<p class=\"p1\">\u00dcnl\u00fc \u00e7ift, o\u011fullar\u0131n\u0131n bu \u00f6zel g\u00fcn\u00fcn\u00fc sosyal medya hesaplar\u0131nda payla\u015ft\u0131klar\u0131 foto\u011fraflarla \u00f6l\u00fcms\u00fczle\u015ftirdi. Hazal Kaya, o mutlu anlar\u0131 takip\u00e7ileriyle payla\u015f\u0131rken, payla\u015f\u0131mlar\u0131na &#8220;G\u00fc\u00e7 seninle olsun kalbim. Sene bitmeden o g\u00fczel g\u00fcnden&#8221; notunu<span class=\"Apple-converted-space\">\u00a0 <\/span>d\u00fc\u015ft\u00fc.<span class=\"Apple-converted-space\">\u00a0 <\/span>Kaya\u2019n\u0131n payla\u015f\u0131m\u0131na k\u0131sa s\u00fcre i\u00e7erisinde be\u011feni ve yorum ya\u011fd\u0131.<\/p>\n<p><img loading=\"lazy\" decoding=\"async\" class=\"alignnone wp-image-114795 size-full\" src=\"https:\/\/www.tgrthaber.com\/mavikadin\/wp-content\/uploads\/Hazal-Kaya-ve-Ali-Atay-ciftinin-ogullari-5-yasina-girdi-Dogum-gunu-kareleri-cok-begenildi-7.png\" alt=\"\" width=\"1208\" height=\"720\" title=\"\" srcset=\"https:\/\/www.tgrthaber.com\/mavikadin\/wp-content\/uploads\/Hazal-Kaya-ve-Ali-Atay-ciftinin-ogullari-5-yasina-girdi-Dogum-gunu-kareleri-cok-begenildi-7.png 1208w, https:\/\/www.tgrthaber.com\/mavikadin\/wp-content\/uploads\/Hazal-Kaya-ve-Ali-Atay-ciftinin-ogullari-5-yasina-girdi-Dogum-gunu-kareleri-cok-begenildi-7-300x179.png 300w, https:\/\/www.tgrthaber.com\/mavikadin\/wp-content\/uploads\/Hazal-Kaya-ve-Ali-Atay-ciftinin-ogullari-5-yasina-girdi-Dogum-gunu-kareleri-cok-begenildi-7-1024x610.png 1024w, https:\/\/www.tgrthaber.com\/mavikadin\/wp-content\/uploads\/Hazal-Kaya-ve-Ali-Atay-ciftinin-ogullari-5-yasina-girdi-Dogum-gunu-kareleri-cok-begenildi-7-768x458.png 768w\" sizes=\"(max-width: 1208px) 100vw, 1208px\" \/><\/p>\n<hr \/>\n<h3>HAZAL KAYA K\u0130LO VERME S\u00dcREC\u0130N\u0130 ANLATTI<\/h3>\n<p class=\"p2\">\u00dcnl\u00fc oyuncu Hazal Kaya, son zamanlarda verdi\u011fi kilolarla dikkatleri \u00fczerine \u00e7ekti. Sa\u011fl\u0131k sorunlar\u0131yla m\u00fccadele eden Kaya, tiroid ve \u015feker hastal\u0131\u011f\u0131 oldu\u011funu a\u00e7\u0131klad\u0131. Bu iki sa\u011fl\u0131k durumu aras\u0131nda dengenin bozulmas\u0131yla kilolar\u0131nda art\u0131\u015f ya\u015fad\u0131\u011f\u0131n\u0131 belirten Kaya, bu s\u00fcreci nas\u0131l a\u015ft\u0131\u011f\u0131n\u0131 anlatt\u0131. \u201cTiroidim var, \u015fekerim var, bu iki durum da benim kilo almam\u0131 tetikliyor. Ancak dedim ki, sette zay\u0131flayabilirim, ba\u015farmal\u0131y\u0131m,\u201d diyerek, bu zorlu s\u00fcre\u00e7te pes etmeyip karar\u0131nda \u0131srarc\u0131 oldu\u011funu s\u00f6yledi.<\/p>\n","protected":false},"excerpt":{"rendered":"<p>Hazal Kaya ve Ali Atay, 5 ya\u015f\u0131na giren o\u011fullar\u0131 i\u00e7in \u00f6zel bir do\u011fum g\u00fcn\u00fc kutlamas\u0131 d\u00fczenledi. Kutlama anlar\u0131n\u0131 sosyal medya hesaplar\u0131ndan payla\u015fan \u00fcnl\u00fc \u00e7ift k\u0131sa s\u00fcrede g\u00fcndem oldu. Kaya\u2019n\u0131n payla\u015ft\u0131\u011f\u0131 do\u011fum g\u00fcn\u00fc kareleri \u00e7ok be\u011fenildi. <\/p>\n","protected":false},"author":16,"featured_media":114796,"comment_status":"closed","ping_status":"closed","sticky":false,"template":"","format":"standard","meta":{"rank_math_lock_modified_date":false,"footnotes":""},"categories":[76],"tags":[6489,6490],"class_list":["post-114774","post","type-post","status-publish","format-standard","has-post-thumbnail","hentry","category-magazin","tag-hazal-kaya-ali-atay-oglu-dogum-gunu","tag-hazal-kaya-ali-atay-ogulllari-dogum-gunu"],"_links":{"self":[{"href":"https:\/\/www.tgrthaber.com\/mavikadin\/wp-json\/wp\/v2\/posts\/114774"}],"collection":[{"href":"https:\/\/www.tgrthaber.com\/mavikadin\/wp-json\/wp\/v2\/posts"}],"about":[{"href":"https:\/\/www.tgrthaber.com\/mavikadin\/wp-json\/wp\/v2\/types\/post"}],"author":[{"embeddable":true,"href":"https:\/\/www.tgrthaber.com\/mavikadin\/wp-json\/wp\/v2\/users\/16"}],"replies":[{"embeddable":true,"href":"https:\/\/www.tgrthaber.com\/mavikadin\/wp-json\/wp\/v2\/comments?post=114774"}],"version-history":[{"count":2,"href":"https:\/\/www.tgrthaber.com\/mavikadin\/wp-json\/wp\/v2\/posts\/114774\/revisions"}],"predecessor-version":[{"id":114819,"href":"https:\/\/www.tgrthaber.com\/mavikadin\/wp-json\/wp\/v2\/posts\/114774\/revisions\/114819"}],"wp:featuredmedia":[{"embeddable":true,"href":"https:\/\/www.tgrthaber.com\/mavikadin\/wp-json\/wp\/v2\/media\/114796"}],"wp:attachment":[{"href":"https:\/\/www.tgrthaber.com\/mavikadin\/wp-json\/wp\/v2\/media?parent=114774"}],"wp:term":[{"taxonomy":"category","embeddable":true,"href":"https:\/\/www.tgrthaber.com\/mavikadin\/wp-json\/wp\/v2\/categories?post=114774"},{"taxonomy":"post_tag","embeddable":true,"href":"https:\/\/www.tgrthaber.com\/mavikadin\/wp-json\/wp\/v2\/tags?post=114774"}],"curies":[{"name":"wp","href":"https:\/\/api.w.org\/{rel}","templated":true}]}}