{"id":114798,"date":"2024-12-31T13:13:28","date_gmt":"2024-12-31T10:13:28","guid":{"rendered":"https:\/\/www.tgrthaber.com\/mavikadin\/?p=114798"},"modified":"2024-12-31T13:20:57","modified_gmt":"2024-12-31T10:20:57","slug":"masterchef-31-aralik-2024-bu-aksam-var-mi-yok-mu-yeni-bolum-ne-zaman-yayinlanacak","status":"publish","type":"post","link":"https:\/\/www.tgrthaber.com\/mavikadin\/masterchef-31-aralik-2024-bu-aksam-var-mi-yok-mu-yeni-bolum-ne-zaman-yayinlanacak\/","title":{"rendered":"MasterChef 31 Aral\u0131k 2024 bu ak\u015fam var m\u0131, yok mu? Yeni b\u00f6l\u00fcm ne zaman yay\u0131nlanacak?"},"content":{"rendered":"<p class=\"p1\">MasterChef T\u00fcrkiye, her hafta izleyicilere heyecan dolu anlar ya\u015fat\u0131rken, Mehmet Yal\u00e7\u0131nkaya, Danilo Zanna ve Somer Sivrio\u011flu gibi usta \u015feflerin j\u00fcri \u00fcyeli\u011fi ile ekran ba\u015f\u0131ndaki izleyicileri b\u00fcy\u00fclemeye devam ediyor. Program, her ya\u015ftan izleyiciye hitap eden yap\u0131s\u0131yla b\u00fcy\u00fck ilgi g\u00f6r\u00fcyor. Ancak, 31 Aral\u0131k Sal\u0131 g\u00fcn\u00fc yay\u0131n ak\u0131\u015f\u0131nda yer alan MasterChef T\u00fcrkiye yeni b\u00f6l\u00fcm fragman\u0131n\u0131n\u00a0 yay\u0131nlanmamas\u0131 izleyicileri \u015fa\u015f\u0131rtt\u0131. Yay\u0131nlanmayan b\u00f6l\u00fcm\u00fcn ard\u0131ndan bir\u00e7ok ki\u015fi, \u201cMasterChef yeni b\u00f6l\u00fcm neden yok?\u201d sorusunu g\u00fcndeme getirdi. Peki MasterChef 31 Aral\u0131k 2024 var m\u0131 yok mu? MasterChef yeni b\u00f6l\u00fcm ne zaman yay\u0131nlanacak? \u0130\u015fte merak edilen sorular\u0131n cevaplar\u0131\u2026<\/p>\n<h3>MASTERCHEF 31 ARALIK 2024 BU AK\u015eAM VAR MI YOK MU?<\/h3>\n<p class=\"p1\">MasterChef T\u00fcrkiye&#8217;nin yeni b\u00f6l\u00fcm\u00fc, y\u0131lba\u015f\u0131 gecesi nedeniyle 31 Aral\u0131k Sal\u0131 g\u00fcn\u00fc ekrana gelmeyecek. Bu \u00f6zel g\u00fcnde, TV 8 izleyicilerine O Ses T\u00fcrkiye&#8217;nin y\u0131lba\u015f\u0131 \u00f6zel b\u00f6l\u00fcm\u00fc sunulacak. Y\u0131lba\u015f\u0131 kutlamalar\u0131yla \u00f6zde\u015fle\u015fen bu \u00f6zel yay\u0131n, izleyicilerin ilgisini \u00e7ekerken, MasterChef tutkunlar\u0131 ise yeni b\u00f6l\u00fcm\u00fcn ne zaman yay\u0131mlanaca\u011f\u0131n merak ediyor.<\/p>\n<p><img loading=\"lazy\" decoding=\"async\" class=\"alignnone wp-image-114799 \" src=\"https:\/\/www.tgrthaber.com\/mavikadin\/wp-content\/uploads\/Ekran-Resmi-2025-12-31-13.06.07.png\" alt=\"\" width=\"991\" height=\"568\" title=\"\" srcset=\"https:\/\/www.tgrthaber.com\/mavikadin\/wp-content\/uploads\/Ekran-Resmi-2025-12-31-13.06.07.png 970w, https:\/\/www.tgrthaber.com\/mavikadin\/wp-content\/uploads\/Ekran-Resmi-2025-12-31-13.06.07-300x172.png 300w, https:\/\/www.tgrthaber.com\/mavikadin\/wp-content\/uploads\/Ekran-Resmi-2025-12-31-13.06.07-768x440.png 768w\" sizes=\"(max-width: 991px) 100vw, 991px\" \/><\/p>\n<hr \/>\n<h3>MASTERCHEF YEN\u0130 B\u00d6L\u00dcM NE ZAMAN YAYINLANACAK?<\/h3>\n<p class=\"p1\">MasterChef T\u00fcrkiye&#8217;nin yeni b\u00f6l\u00fcm\u00fc, 9 Ocak Per\u015fembe g\u00fcn\u00fc izleyicilerle bulu\u015facak. Y\u0131lba\u015f\u0131 aras\u0131 sonras\u0131 yeniden ba\u015flayacak olan program, heyecanl\u0131 yar\u0131\u015flar\u0131 ve s\u00fcrprizlerle dolu anlar\u0131yla izleyicileri ekran ba\u015f\u0131na kilitlemeye devam edecek.<\/p>\n<h3 class=\"p1\">MASTERCHEF\u2019TE SON 4\u2019E K\u0130MLER KALDI?<\/h3>\n<p class=\"p2\">Kerem<\/p>\n<p class=\"p2\">Semih<\/p>\n<p class=\"p2\">Eda<\/p>\n<p class=\"p2\">Onur<\/p>\n<p><img loading=\"lazy\" decoding=\"async\" class=\"alignnone wp-image-114800 \" src=\"https:\/\/www.tgrthaber.com\/mavikadin\/wp-content\/uploads\/Ekran-Resmi-2025-12-31-13.06.15.png\" alt=\"\" width=\"988\" height=\"623\" title=\"\" srcset=\"https:\/\/www.tgrthaber.com\/mavikadin\/wp-content\/uploads\/Ekran-Resmi-2025-12-31-13.06.15.png 944w, https:\/\/www.tgrthaber.com\/mavikadin\/wp-content\/uploads\/Ekran-Resmi-2025-12-31-13.06.15-300x189.png 300w, https:\/\/www.tgrthaber.com\/mavikadin\/wp-content\/uploads\/Ekran-Resmi-2025-12-31-13.06.15-768x485.png 768w\" sizes=\"(max-width: 988px) 100vw, 988px\" \/><\/p>\n<hr \/>\n<h3 class=\"p1\"><b>MASTERCHEF 30 ARALIK 20204 K\u0130M ELEND\u0130?<\/b><\/h3>\n<p class=\"p1\">MasterChef T\u00fcrkiye&#8217;nin son b\u00f6l\u00fcm\u00fcnde Beyza, en az ba\u015far\u0131l\u0131 taba\u011f\u0131 yapan yar\u0131\u015fmac\u0131 olarak 5. isim olarak yar\u0131\u015fmaya veda etti. Beyza, yar\u0131\u015fmada g\u00fc\u00e7l\u00fc rakipleriyle k\u0131yas\u0131ya m\u00fccadele verirken, Semih ile ya\u015fad\u0131\u011f\u0131 rekabette heyecanl\u0131 anlara sahne oldu\u011fu bir haftaya damgas\u0131n\u0131 vurdu. Semih, Beyza&#8217;y\u0131 geride b\u0131rakarak rekabette \u00fcst\u00fcnl\u00fck sa\u011flad\u0131. Ancak Semih i\u00e7in bu zafer sadece yar\u0131\u015fmadaki ba\u015far\u0131s\u0131n\u0131 art\u0131rmakla kalmad\u0131; Danilo Zanna\u2019n\u0131n son programda ona 4. ka\u015f\u0131\u011f\u0131 atmas\u0131 ona ek bir avantaj sa\u011flad\u0131.<span class=\"Apple-converted-space\">\u00a0 <\/span>Beyza&#8217;n\u0131n ise yar\u0131\u015fmaya veda etmesi sosyal medyada b\u00fcy\u00fck yank\u0131 uyand\u0131rd\u0131. MasterChef\u2019ten elenen Beyza\u2019ya destek mesajlar\u0131 ya\u011fd\u0131. Sosyal medya kullan\u0131c\u0131lar\u0131 Beyza\u2019ya \u2018sen g\u00f6n\u00fcllerin \u015fampiyonusun\u2019, \u2018 Bizim MasterChef\u2019imiz sensin\u2019 gibi yorumlarda bulunarak mesaj ya\u011fd\u0131rd\u0131.<\/p>\n<p><img loading=\"lazy\" decoding=\"async\" class=\"alignnone wp-image-114801 \" src=\"https:\/\/www.tgrthaber.com\/mavikadin\/wp-content\/uploads\/Ekran-Resmi-2025-12-31-13.06.20.png\" alt=\"\" width=\"990\" height=\"575\" title=\"\" srcset=\"https:\/\/www.tgrthaber.com\/mavikadin\/wp-content\/uploads\/Ekran-Resmi-2025-12-31-13.06.20.png 978w, https:\/\/www.tgrthaber.com\/mavikadin\/wp-content\/uploads\/Ekran-Resmi-2025-12-31-13.06.20-300x174.png 300w, https:\/\/www.tgrthaber.com\/mavikadin\/wp-content\/uploads\/Ekran-Resmi-2025-12-31-13.06.20-768x446.png 768w\" sizes=\"(max-width: 990px) 100vw, 990px\" \/><\/p>\n<hr \/>\n<h3 class=\"p1\">MASTERCHEF&#8217;TE \u015eEF CEKET\u0130N\u0130 KAZANAN YARI\u015eMACILAR<\/h3>\n<p class=\"p1\">Kerem<\/p>\n<p class=\"p1\">Onur<\/p>\n<p class=\"p1\">Eda<\/p>\n<p class=\"p1\">Beyza<\/p>\n<p class=\"p1\">Semih<\/p>\n","protected":false},"excerpt":{"rendered":"<p>MasterChef T\u00fcrkiye, her hafta izleyicilerine heyecan dolu anlar sunarken, j\u00fcri \u00fcyeleri Mehmet Yal\u00e7\u0131nkaya, Danilo Zanna ve Somer Sivrio\u011flu\u2019nun yorumlar\u0131yla dikkat \u00e7ekiyor. Ancak 31 Aral\u0131k Sal\u0131 g\u00fcn\u00fc yay\u0131n ak\u0131\u015f\u0131nda yer almamas\u0131 dikkat \u00e7ekti. \u0130zleyiciler \u2018MasterChef 31 Aral\u0131k 2024 var m\u0131 yok mu?\u2019 sorusunun cevab\u0131n\u0131 ar\u0131yor. MasterChef yeni b\u00f6l\u00fcm ne zaman yay\u0131lanacak? \u0130\u015fte t\u00fcm detaylar\u2026 <\/p>\n","protected":false},"author":16,"featured_media":114802,"comment_status":"closed","ping_status":"closed","sticky":false,"template":"","format":"standard","meta":{"rank_math_lock_modified_date":false,"footnotes":""},"categories":[101],"tags":[6492,6493,6491],"class_list":["post-114798","post","type-post","status-publish","format-standard","has-post-thumbnail","hentry","category-kesfet","tag-masterchef-31-aralik-2024-var-mi","tag-masterchef-31-aralik-aksami-var-mi-yok-mu","tag-masterchef-yeni-bolum-ne-zaman"],"_links":{"self":[{"href":"https:\/\/www.tgrthaber.com\/mavikadin\/wp-json\/wp\/v2\/posts\/114798"}],"collection":[{"href":"https:\/\/www.tgrthaber.com\/mavikadin\/wp-json\/wp\/v2\/posts"}],"about":[{"href":"https:\/\/www.tgrthaber.com\/mavikadin\/wp-json\/wp\/v2\/types\/post"}],"author":[{"embeddable":true,"href":"https:\/\/www.tgrthaber.com\/mavikadin\/wp-json\/wp\/v2\/users\/16"}],"replies":[{"embeddable":true,"href":"https:\/\/www.tgrthaber.com\/mavikadin\/wp-json\/wp\/v2\/comments?post=114798"}],"version-history":[{"count":3,"href":"https:\/\/www.tgrthaber.com\/mavikadin\/wp-json\/wp\/v2\/posts\/114798\/revisions"}],"predecessor-version":[{"id":114805,"href":"https:\/\/www.tgrthaber.com\/mavikadin\/wp-json\/wp\/v2\/posts\/114798\/revisions\/114805"}],"wp:featuredmedia":[{"embeddable":true,"href":"https:\/\/www.tgrthaber.com\/mavikadin\/wp-json\/wp\/v2\/media\/114802"}],"wp:attachment":[{"href":"https:\/\/www.tgrthaber.com\/mavikadin\/wp-json\/wp\/v2\/media?parent=114798"}],"wp:term":[{"taxonomy":"category","embeddable":true,"href":"https:\/\/www.tgrthaber.com\/mavikadin\/wp-json\/wp\/v2\/categories?post=114798"},{"taxonomy":"post_tag","embeddable":true,"href":"https:\/\/www.tgrthaber.com\/mavikadin\/wp-json\/wp\/v2\/tags?post=114798"}],"curies":[{"name":"wp","href":"https:\/\/api.w.org\/{rel}","templated":true}]}}