{"id":114835,"date":"2024-12-31T14:39:03","date_gmt":"2024-12-31T11:39:03","guid":{"rendered":"https:\/\/www.tgrthaber.com\/mavikadin\/?p=114835"},"modified":"2024-12-31T14:39:19","modified_gmt":"2024-12-31T11:39:19","slug":"masterchef-keremden-kasik-paylasimi-geldi-o-beklenen-kasik-geldi-sonunda","status":"publish","type":"post","link":"https:\/\/www.tgrthaber.com\/mavikadin\/masterchef-keremden-kasik-paylasimi-geldi-o-beklenen-kasik-geldi-sonunda\/","title":{"rendered":"Masterchef Kerem&#8217;den &#8216;ka\u015f\u0131k&#8217; payla\u015f\u0131m\u0131 geldi! \u201cO beklenen ka\u015f\u0131k geldi sonunda\u201d"},"content":{"rendered":"<p>Masterchef T\u00fcrkiye 2024&#8217;\u00fcn ba\u015far\u0131l\u0131 yar\u0131\u015fmac\u0131lar\u0131ndan biri olan Kerem, son be\u015fe kalarak b\u00fcy\u00fck bir ba\u015far\u0131ya imza att\u0131. Yemek yapma konusundaki yetenekleri ve azmi ile dikkat \u00e7eken Kerem, son d\u00f6rt finalist aras\u0131na girebilmek i\u00e7in k\u0131yas\u0131ya bir m\u00fccadele verdi. Mutfakta ge\u00e7irdi\u011fi zaman boyunca t\u00fcm h\u00fcnerlerini sergileyen Masterchef Kerem, her hafta farkl\u0131 ve zorlu yemeklerle j\u00fcriyi etkilemeyi ba\u015fard\u0131. S\u0131k\u0131 \u00e7al\u0131\u015fmas\u0131 ve tutkusu sayesinde Masterchef&#8217;in en iddial\u0131 isimlerinden biri haline gelen Kerem ondan beklenen ka\u015f\u0131k att\u0131rmay\u0131 sonunda ger\u00e7ekle\u015ftirdi.<\/p>\n<h3>4. F\u0130NAL\u0130ST\u0130 OLMAYI BA\u015eARDI<\/h3>\n<p>Masterchef&#8217;in heyecan dolu son eleme gecesinde nefesler tutuldu. Rakibi Beyza ile k\u0131yas\u0131ya bir rekabet i\u00e7erisinde olan Masterchef Kerem, yar\u0131\u015fmay\u0131 sadece 1 puan farkla kazanarak Masterchef&#8217;te 4. finalist olmay\u0131 ba\u015fard\u0131. Bu sonu\u00e7, hem izleyicileri hem de yar\u0131\u015fmac\u0131lar\u0131 \u015fa\u015f\u0131rtt\u0131 ve herkesi b\u00fcy\u00fck bir merak i\u00e7ine soktu. Masterchef Kerem\u2019in bu ba\u015far\u0131s\u0131, onun yeteneklerini ve azmini g\u00f6zler \u00f6n\u00fcne serdi. \u0130yi a\u015f\u00e7\u0131l\u0131k becerilerinin yan\u0131 s\u0131ra stratejik d\u00fc\u015f\u00fcnme ve h\u0131zl\u0131 hareket etme yetene\u011fini de kan\u0131tlad\u0131.<\/p>\n<p><img loading=\"lazy\" decoding=\"async\" class=\"alignnone wp-image-114837\" src=\"https:\/\/www.tgrthaber.com\/mavikadin\/wp-content\/uploads\/masterchef-kerem-4-cu-finalist-oldu-300x169.jpg\" alt=\"masterchef kerem 4 c\u00fc finalist oldu\" width=\"1208\" height=\"680\" title=\"\" srcset=\"https:\/\/www.tgrthaber.com\/mavikadin\/wp-content\/uploads\/masterchef-kerem-4-cu-finalist-oldu-300x169.jpg 300w, https:\/\/www.tgrthaber.com\/mavikadin\/wp-content\/uploads\/masterchef-kerem-4-cu-finalist-oldu-1024x576.jpg 1024w, https:\/\/www.tgrthaber.com\/mavikadin\/wp-content\/uploads\/masterchef-kerem-4-cu-finalist-oldu-768x432.jpg 768w, https:\/\/www.tgrthaber.com\/mavikadin\/wp-content\/uploads\/masterchef-kerem-4-cu-finalist-oldu-1536x864.jpg 1536w, https:\/\/www.tgrthaber.com\/mavikadin\/wp-content\/uploads\/masterchef-kerem-4-cu-finalist-oldu.jpg 1920w\" sizes=\"(max-width: 1208px) 100vw, 1208px\" \/><\/p>\n<hr \/>\n<h3>DAN\u0130LO \u015eEF\u2019TEN KA\u015eIK ALDI<\/h3>\n<p>Masterchef T\u00fcrkiye&#8217;nin son finalistlerinden biri olarak ad\u0131n\u0131 duyuran Masterchef Kerem, eleme gecesi sonras\u0131 ilk payla\u015f\u0131m\u0131n\u0131 sosyal medya hesab\u0131ndan yapt\u0131. Bu anlaml\u0131 geceyi takip\u00e7ileriyle payla\u015fmay\u0131 ihmal etmeyen Kerem, t\u00fcm dikkatleri \u00fczerine \u00e7ekti. Yar\u0131\u015fma s\u00fcrecinde g\u00f6sterdi\u011fi ba\u015far\u0131l\u0131 performansla Danilo \u015eef&#8217;ten ka\u015f\u0131k almay\u0131 ba\u015faran ve bu an\u0131nda ya\u015fad\u0131\u011f\u0131 duygusal anlar, izleyicilere unutulmaz bir deneyim sundu. Onun bu \u00f6zel an\u0131n\u0131 yay\u0131nlayan payla\u015f\u0131mlar\u0131, sosyal medyada b\u00fcy\u00fck ilgi toplad\u0131.<\/p>\n<p><img loading=\"lazy\" decoding=\"async\" class=\"alignnone wp-image-114836\" src=\"https:\/\/www.tgrthaber.com\/mavikadin\/wp-content\/uploads\/masterchef-kerem-o-beklenen-kasik-geldi-paylasimi-300x169.jpg\" alt=\"masterchef kerem o beklenen ka\u015f\u0131k geldi payla\u015f\u0131m\u0131\" width=\"1208\" height=\"680\" title=\"\" srcset=\"https:\/\/www.tgrthaber.com\/mavikadin\/wp-content\/uploads\/masterchef-kerem-o-beklenen-kasik-geldi-paylasimi-300x169.jpg 300w, https:\/\/www.tgrthaber.com\/mavikadin\/wp-content\/uploads\/masterchef-kerem-o-beklenen-kasik-geldi-paylasimi-1024x576.jpg 1024w, https:\/\/www.tgrthaber.com\/mavikadin\/wp-content\/uploads\/masterchef-kerem-o-beklenen-kasik-geldi-paylasimi-768x432.jpg 768w, https:\/\/www.tgrthaber.com\/mavikadin\/wp-content\/uploads\/masterchef-kerem-o-beklenen-kasik-geldi-paylasimi-1536x864.jpg 1536w, https:\/\/www.tgrthaber.com\/mavikadin\/wp-content\/uploads\/masterchef-kerem-o-beklenen-kasik-geldi-paylasimi.jpg 1920w\" sizes=\"(max-width: 1208px) 100vw, 1208px\" \/><\/p>\n<hr \/>\n<h3>\u201cO BEKLENEN KA\u015eIK GELD\u0130 SONUNDA\u201d<\/h3>\n<p>Masterchef Kerem, son Instagram payla\u015f\u0131m\u0131nda &#8221;O beklenen ka\u015f\u0131k geldi sonunda. \u00c7al\u0131\u015f, sabret ve g\u00fczel g\u00fcnleri bekle.&#8221; dedi. Bu basit ama etkili s\u00f6zlerle, ba\u015far\u0131n\u0131n asla tesad\u00fcf olmad\u0131\u011f\u0131n\u0131, ancak s\u00fcrekli \u00e7al\u0131\u015fma, sab\u0131r ve inan\u00e7 ile elde edilebilece\u011fini vurgulad\u0131.<\/p>\n","protected":false},"excerpt":{"rendered":"<p>2024 Masterchef \u015fampiyonlu\u011fu i\u00e7in g\u00fcnler kala Masterchef Kerem Bilginer\u2019den ka\u015f\u0131k geldi. Yapt\u0131\u011f\u0131 yemekle \u015feflerden tam not alan Kerem, finale do\u011fru giderken \u015feflere ka\u015f\u0131k att\u0131rd\u0131. Kerem Bilginer ald\u0131\u011f\u0131 ka\u015f\u0131k ile ilgili foto\u011fraflar\u0131 sosyal medyas\u0131nda payla\u015ft\u0131. <\/p>\n","protected":false},"author":10,"featured_media":114838,"comment_status":"closed","ping_status":"closed","sticky":false,"template":"","format":"standard","meta":{"rank_math_lock_modified_date":false,"footnotes":""},"categories":[76],"tags":[1120,6501,6500],"class_list":["post-114835","post","type-post","status-publish","format-standard","has-post-thumbnail","hentry","category-magazin","tag-masterchef","tag-masterchef-2024","tag-masterchef-kerem"],"_links":{"self":[{"href":"https:\/\/www.tgrthaber.com\/mavikadin\/wp-json\/wp\/v2\/posts\/114835"}],"collection":[{"href":"https:\/\/www.tgrthaber.com\/mavikadin\/wp-json\/wp\/v2\/posts"}],"about":[{"href":"https:\/\/www.tgrthaber.com\/mavikadin\/wp-json\/wp\/v2\/types\/post"}],"author":[{"embeddable":true,"href":"https:\/\/www.tgrthaber.com\/mavikadin\/wp-json\/wp\/v2\/users\/10"}],"replies":[{"embeddable":true,"href":"https:\/\/www.tgrthaber.com\/mavikadin\/wp-json\/wp\/v2\/comments?post=114835"}],"version-history":[{"count":2,"href":"https:\/\/www.tgrthaber.com\/mavikadin\/wp-json\/wp\/v2\/posts\/114835\/revisions"}],"predecessor-version":[{"id":114840,"href":"https:\/\/www.tgrthaber.com\/mavikadin\/wp-json\/wp\/v2\/posts\/114835\/revisions\/114840"}],"wp:featuredmedia":[{"embeddable":true,"href":"https:\/\/www.tgrthaber.com\/mavikadin\/wp-json\/wp\/v2\/media\/114838"}],"wp:attachment":[{"href":"https:\/\/www.tgrthaber.com\/mavikadin\/wp-json\/wp\/v2\/media?parent=114835"}],"wp:term":[{"taxonomy":"category","embeddable":true,"href":"https:\/\/www.tgrthaber.com\/mavikadin\/wp-json\/wp\/v2\/categories?post=114835"},{"taxonomy":"post_tag","embeddable":true,"href":"https:\/\/www.tgrthaber.com\/mavikadin\/wp-json\/wp\/v2\/tags?post=114835"}],"curies":[{"name":"wp","href":"https:\/\/api.w.org\/{rel}","templated":true}]}}