{"id":114842,"date":"2024-12-31T15:08:58","date_gmt":"2024-12-31T12:08:58","guid":{"rendered":"https:\/\/www.tgrthaber.com\/mavikadin\/?p=114842"},"modified":"2024-12-31T15:31:21","modified_gmt":"2024-12-31T12:31:21","slug":"latif-dogan-annesini-anlatirken-gozyaslarini-tutamadi-annem-gidince-dagim-yikildi","status":"publish","type":"post","link":"https:\/\/www.tgrthaber.com\/mavikadin\/latif-dogan-annesini-anlatirken-gozyaslarini-tutamadi-annem-gidince-dagim-yikildi\/","title":{"rendered":"Latif Do\u011fan annesini anlat\u0131rken g\u00f6zya\u015flar\u0131n\u0131 tutamad\u0131!  &#8221;Annem gidince da\u011f\u0131m y\u0131k\u0131ld\u0131&#8221;"},"content":{"rendered":"<p>\u00dcnl\u00fc t\u00fcrk\u00fcc\u00fc Latif Do\u011fan, son zamanlarda \u00d6zlem Esra Ada&#8217;n\u0131n pop\u00fcler program\u0131na konuk oldu. Kendine has sesi ve yorumu ile tan\u0131nan 57 ya\u015f\u0131ndaki Do\u011fan, bu \u00f6zel r\u00f6portajda kariyerinden evlili\u011fine, aile hayat\u0131ndan m\u00fczi\u011fe kadar bir\u00e7ok konuda samimi itiraflarda bulundu.<\/p>\n<h3>18 KERE E\u015e\u0130M\u0130 \u0130STED\u0130M<\/h3>\n<p>Latif Do\u011fan e\u015fiyle evlenme s\u00fcreciyle alakal\u0131 samimi a\u00e7\u0131klamalarda bulundu. Latif Do\u011fan, \u201cE\u015fimle severek evlendik, ama onu almak kolay olmad\u0131. 18 kere gittim, 19. seferde verdiler. Ancak bir \u015fart koydular: \u2018\u015eark\u0131 s\u00f6ylemeyeceksin, s\u00f6ylersen olmaz\u2019 dediler. Teredd\u00fct etmeden e\u015fimi tercih ettim ve m\u00fczi\u011fi b\u0131rakt\u0131m. Ancak bu s\u00fcre\u00e7 k\u0131sa s\u00fcrd\u00fc.\u201d diyerek e\u015fiyle olan sevgi dolu yuvas\u0131n\u0131 nas\u0131l kurduklar\u0131n\u0131 anlatt\u0131.<\/p>\n<p><img loading=\"lazy\" decoding=\"async\" class=\"alignnone wp-image-114846\" src=\"https:\/\/www.tgrthaber.com\/mavikadin\/wp-content\/uploads\/Latif-Dogan-askerde-cok-iyi-kisilerle-tanistim-300x169.jpg\" alt=\"Latif Do\u011fan askerde \u00e7ok iyi ki\u015filerle tan\u0131\u015ft\u0131m\" width=\"1208\" height=\"680\" title=\"\" srcset=\"https:\/\/www.tgrthaber.com\/mavikadin\/wp-content\/uploads\/Latif-Dogan-askerde-cok-iyi-kisilerle-tanistim-300x169.jpg 300w, https:\/\/www.tgrthaber.com\/mavikadin\/wp-content\/uploads\/Latif-Dogan-askerde-cok-iyi-kisilerle-tanistim-1024x576.jpg 1024w, https:\/\/www.tgrthaber.com\/mavikadin\/wp-content\/uploads\/Latif-Dogan-askerde-cok-iyi-kisilerle-tanistim-768x432.jpg 768w, https:\/\/www.tgrthaber.com\/mavikadin\/wp-content\/uploads\/Latif-Dogan-askerde-cok-iyi-kisilerle-tanistim-1536x864.jpg 1536w, https:\/\/www.tgrthaber.com\/mavikadin\/wp-content\/uploads\/Latif-Dogan-askerde-cok-iyi-kisilerle-tanistim.jpg 1920w\" sizes=\"(max-width: 1208px) 100vw, 1208px\" \/><\/p>\n<hr \/>\n<h3>&#8220;ASKERDE \u00c7OK \u0130Y\u0130 M\u00dcZ\u0130SYENLERLE \u00c7ALI\u015eTIM\u201d<\/h3>\n<p>Latif Do\u011fan, m\u00fczikle olan yolculu\u011funun askerdeyken bile devam etti\u011fini ve m\u00fczik sevgisinden bir anl\u0131kta olsa asla ayr\u0131lmad\u0131\u011f\u0131n\u0131 dile getirdi. M\u00fczikle olan yolcu\u011funu a\u00e7\u0131klarken \u015funlar\u0131 s\u00f6yledi. &#8220;Askerde \u00e7ok iyi m\u00fczisyenlerle \u00e7al\u0131\u015ft\u0131m, bu bana \u00e7ok \u015fey katt\u0131. Askerden d\u00f6n\u00fcnce kay\u0131npederimden izin istedim. O da izin verdi ve ekibimi kurarak Latif Do\u011fan oldum.&#8221;<\/p>\n<p><img loading=\"lazy\" decoding=\"async\" class=\"alignnone wp-image-114848\" src=\"https:\/\/www.tgrthaber.com\/mavikadin\/wp-content\/uploads\/latif-dogan-annesinden-bahsederken-gozyaslarini-tutamadi-300x169.jpg\" alt=\"latif do\u011fan annesinden bahsederken g\u00f6zya\u015flar\u0131n\u0131 tutamad\u0131\" width=\"1208\" height=\"680\" title=\"\" srcset=\"https:\/\/www.tgrthaber.com\/mavikadin\/wp-content\/uploads\/latif-dogan-annesinden-bahsederken-gozyaslarini-tutamadi-300x169.jpg 300w, https:\/\/www.tgrthaber.com\/mavikadin\/wp-content\/uploads\/latif-dogan-annesinden-bahsederken-gozyaslarini-tutamadi-1024x576.jpg 1024w, https:\/\/www.tgrthaber.com\/mavikadin\/wp-content\/uploads\/latif-dogan-annesinden-bahsederken-gozyaslarini-tutamadi-768x432.jpg 768w, https:\/\/www.tgrthaber.com\/mavikadin\/wp-content\/uploads\/latif-dogan-annesinden-bahsederken-gozyaslarini-tutamadi-1536x864.jpg 1536w, https:\/\/www.tgrthaber.com\/mavikadin\/wp-content\/uploads\/latif-dogan-annesinden-bahsederken-gozyaslarini-tutamadi.jpg 1920w\" sizes=\"(max-width: 1208px) 100vw, 1208px\" \/><\/p>\n<hr \/>\n<h3>&#8221;ANNEM G\u0130D\u0130NCE DA\u011eIM YIKILDI&#8221;<\/h3>\n<p>Latif Do\u011fan, annesi ile olan ba\u011f\u0131n\u0131 ve ona olan \u00f6zlemini a\u00e7\u0131klarken g\u00f6zya\u015flar\u0131n\u0131 tutamad\u0131. \u00dcnl\u00fc t\u00fcrk\u00fcc\u00fc annesi hakk\u0131nda konu\u015furken onu hala \u00f6zledi\u011fini \u015fu s\u00f6zlerle dile getirdi. \u201c &#8220;Annem bizi okutmak i\u00e7in \u00e7ok \u00e7abalad\u0131. T\u00fcm karde\u015flerim okudu, bir tek ben okuyamad\u0131m. \u00c7\u00fcnk\u00fc 11 ya\u015f\u0131nda babam vefat edince ailenin y\u00fck\u00fc benim ve annemin \u00fcst\u00fcne bindi. Darbuka \u00e7alarak para kazanmaya \u00e7al\u0131\u015f\u0131yordum, annem ise kilim temizleyerek bize bakt\u0131 ve karde\u015flerimi okuttu. Annem gidince benim bu hayattaki da\u011f\u0131m y\u0131k\u0131ld\u0131.&#8221;<\/p>\n<p><img loading=\"lazy\" decoding=\"async\" class=\"alignnone wp-image-114861\" src=\"https:\/\/www.tgrthaber.com\/mavikadin\/wp-content\/uploads\/latif-dogan-Ben-annem-oldukten-sonra-buyudugumu-anladim-300x169.jpg\" alt=\"latif do\u011fan Ben annem \u00f6ld\u00fckten sonra b\u00fcy\u00fcd\u00fc\u011f\u00fcm\u00fc anlad\u0131m\" width=\"1208\" height=\"680\" title=\"\" srcset=\"https:\/\/www.tgrthaber.com\/mavikadin\/wp-content\/uploads\/latif-dogan-Ben-annem-oldukten-sonra-buyudugumu-anladim-300x169.jpg 300w, https:\/\/www.tgrthaber.com\/mavikadin\/wp-content\/uploads\/latif-dogan-Ben-annem-oldukten-sonra-buyudugumu-anladim-1024x576.jpg 1024w, https:\/\/www.tgrthaber.com\/mavikadin\/wp-content\/uploads\/latif-dogan-Ben-annem-oldukten-sonra-buyudugumu-anladim-768x432.jpg 768w, https:\/\/www.tgrthaber.com\/mavikadin\/wp-content\/uploads\/latif-dogan-Ben-annem-oldukten-sonra-buyudugumu-anladim-1536x864.jpg 1536w, https:\/\/www.tgrthaber.com\/mavikadin\/wp-content\/uploads\/latif-dogan-Ben-annem-oldukten-sonra-buyudugumu-anladim.jpg 1920w\" sizes=\"(max-width: 1208px) 100vw, 1208px\" \/><\/p>\n<hr \/>\n<h3>\u201cANNEM \u00d6LD\u00dcKTEN SONRA B\u00dcY\u00dcD\u00dc\u011e\u00dcM\u00dc ANLADIM\u201d<\/h3>\n<p>2 y\u0131l \u00f6nce annesini kaybeden \u00fcnl\u00fc t\u00fcrk\u00fcc\u00fc Latif Do\u011fan, annesini kaybetmesinin ac\u0131s\u0131n\u0131 ya\u015farken i\u00e7inde kopan duygu f\u0131rt\u0131nas\u0131n\u0131 \u015f\u00f6yle ifade etti. &#8220;Ben annem \u00f6ld\u00fckten sonra b\u00fcy\u00fcd\u00fc\u011f\u00fcm\u00fc anlad\u0131m. Babam\u0131 k\u00fc\u00e7\u00fck ya\u015fta kaybettim ama annem \u00f6lene kadar onun \u00e7ocu\u011fuydum. Annem hep, &#8216;Evlad\u0131m yolda gelecek, evlad\u0131m \u015furada&#8217; derdi. Ama art\u0131k bana &#8216;evlad\u0131m&#8217; diyen bir annem yok. Annem hayattayken Gaziantep&#8217;e i\u015fe giderken ilk u\u00e7akla gidip onu g\u00f6r\u00fcrd\u00fcm, onunla vakit ge\u00e7irirdim. Ama \u015fimdi Gaziantep&#8217;e bile gidesim yok&#8221;<\/p>\n","protected":false},"excerpt":{"rendered":"<p>\u00dcnl\u00fc halk m\u00fczi\u011fi sanat\u00e7\u0131s\u0131 Latif Do\u011fan, kendi m\u00fczik kariyeri ve aile ya\u015fam\u0131 hakk\u0131nda \u00f6nemli detaylar payla\u015ft\u0131. Annesiyle ge\u00e7irdi\u011fi zamanlardan bahsederken g\u00f6zya\u015flar\u0131n\u0131 tutamayan Do\u011fan, i\u00e7tenlikle yapt\u0131\u011f\u0131 payla\u015f\u0131mlar ile dikkatleri \u00fczerine \u00e7ekti.<\/p>\n","protected":false},"author":10,"featured_media":114843,"comment_status":"closed","ping_status":"closed","sticky":false,"template":"","format":"standard","meta":{"rank_math_lock_modified_date":false,"footnotes":""},"categories":[76],"tags":[6433,6504],"class_list":["post-114842","post","type-post","status-publish","format-standard","has-post-thumbnail","hentry","category-magazin","tag-latif-dogan","tag-latif-dogan-annesi"],"_links":{"self":[{"href":"https:\/\/www.tgrthaber.com\/mavikadin\/wp-json\/wp\/v2\/posts\/114842"}],"collection":[{"href":"https:\/\/www.tgrthaber.com\/mavikadin\/wp-json\/wp\/v2\/posts"}],"about":[{"href":"https:\/\/www.tgrthaber.com\/mavikadin\/wp-json\/wp\/v2\/types\/post"}],"author":[{"embeddable":true,"href":"https:\/\/www.tgrthaber.com\/mavikadin\/wp-json\/wp\/v2\/users\/10"}],"replies":[{"embeddable":true,"href":"https:\/\/www.tgrthaber.com\/mavikadin\/wp-json\/wp\/v2\/comments?post=114842"}],"version-history":[{"count":2,"href":"https:\/\/www.tgrthaber.com\/mavikadin\/wp-json\/wp\/v2\/posts\/114842\/revisions"}],"predecessor-version":[{"id":114865,"href":"https:\/\/www.tgrthaber.com\/mavikadin\/wp-json\/wp\/v2\/posts\/114842\/revisions\/114865"}],"wp:featuredmedia":[{"embeddable":true,"href":"https:\/\/www.tgrthaber.com\/mavikadin\/wp-json\/wp\/v2\/media\/114843"}],"wp:attachment":[{"href":"https:\/\/www.tgrthaber.com\/mavikadin\/wp-json\/wp\/v2\/media?parent=114842"}],"wp:term":[{"taxonomy":"category","embeddable":true,"href":"https:\/\/www.tgrthaber.com\/mavikadin\/wp-json\/wp\/v2\/categories?post=114842"},{"taxonomy":"post_tag","embeddable":true,"href":"https:\/\/www.tgrthaber.com\/mavikadin\/wp-json\/wp\/v2\/tags?post=114842"}],"curies":[{"name":"wp","href":"https:\/\/api.w.org\/{rel}","templated":true}]}}