{"id":115250,"date":"2024-12-31T21:04:55","date_gmt":"2024-12-31T18:04:55","guid":{"rendered":"https:\/\/www.tgrthaber.com\/mavikadin\/?p=115250"},"modified":"2024-12-31T21:14:40","modified_gmt":"2024-12-31T18:14:40","slug":"mina-demirtas-kimin-kizi-sevgilisi-var-mi-basarili-oyuncunun-ozel-hayati-merak-ediliyor","status":"publish","type":"post","link":"https:\/\/www.tgrthaber.com\/mavikadin\/mina-demirtas-kimin-kizi-sevgilisi-var-mi-basarili-oyuncunun-ozel-hayati-merak-ediliyor\/","title":{"rendered":"Mina Demirta\u015f kimin k\u0131z\u0131, sevgilisi var m\u0131? Ba\u015far\u0131l\u0131 oyuncunun \u00f6zel hayat\u0131 merak ediliyor"},"content":{"rendered":"<p>NOW TV ekranlar\u0131n\u0131n sevilen dizisi \u201cK\u0131z\u0131l Goncalar\u201dda \u201cZeynep\u201d karakterine can veren Mina Demirta\u015f ba\u015far\u0131l\u0131 oyunculu\u011fu ve g\u00fczelli\u011fiyle dikkatleri \u00fczerine \u00e7ekiyor. Kariyerinin hen\u00fcz ba\u015flar\u0131nda olan ba\u015far\u0131l\u0131 gen\u00e7 oyuncu performans\u0131yla s\u0131k s\u0131k ad\u0131ndan s\u00f6z ettiriyor. Peki, K\u0131z\u0131l Goncalar\u2019\u0131n Zeynep\u2019i Mina Demirta\u015f kimdir? Mina Demirta\u015f kimin k\u0131z\u0131, sevgilisi var m\u0131? Mina Demirta\u015f hakk\u0131nda merak edilenleri sizin i\u00e7in ara\u015ft\u0131rd\u0131k. \u0130\u015fte Mina Demirta\u015f hakk\u0131nda bilinmeyenler\u2026<\/p>\n<h3>M\u0130NA DEM\u0130RTA\u015e K\u0130MD\u0130R?<\/h3>\n<p>Mina Demirta\u015f, 20 \u015eubat 2008 tarihinde \u0130stanbul\u2019da d\u00fcnyaya geldi. \u0130lkokul, ortaokul ve lise e\u011fitimini ba\u015far\u0131yla tamamlayan Demirta\u015f, kendini oyunculuk alan\u0131nda geli\u015ftirmeye karar verdi. Gen\u00e7 ya\u015fta oyunculuk alan\u0131nda kendini geli\u015ftirmeye karar veren Demirta\u015f, \u015fimdilerde ba\u015far\u0131l\u0131 oyunculu\u011fuyla ad\u0131ndan s\u00f6z ettiriyor.<\/p>\n<p><img loading=\"lazy\" decoding=\"async\" class=\"alignnone wp-image-115251\" src=\"https:\/\/www.tgrthaber.com\/mavikadin\/wp-content\/uploads\/Adsiz-tasarim-22-14-1024x576.jpg\" alt=\"Mina Demirta\u015f kimin k\u0131z\u0131, sevgilisi var m\u0131? \" width=\"1208\" height=\"680\" title=\"\" srcset=\"https:\/\/www.tgrthaber.com\/mavikadin\/wp-content\/uploads\/Adsiz-tasarim-22-14-1024x576.jpg 1024w, https:\/\/www.tgrthaber.com\/mavikadin\/wp-content\/uploads\/Adsiz-tasarim-22-14-300x169.jpg 300w, https:\/\/www.tgrthaber.com\/mavikadin\/wp-content\/uploads\/Adsiz-tasarim-22-14-768x432.jpg 768w, https:\/\/www.tgrthaber.com\/mavikadin\/wp-content\/uploads\/Adsiz-tasarim-22-14-1536x864.jpg 1536w, https:\/\/www.tgrthaber.com\/mavikadin\/wp-content\/uploads\/Adsiz-tasarim-22-14.jpg 1600w\" sizes=\"(max-width: 1208px) 100vw, 1208px\" \/><\/p>\n<hr \/>\n<p>\u0130lk oyunculuk deneyimini 2021 y\u0131l\u0131nda \u201cAkif\u201d filmiyle ger\u00e7ekle\u015ftiren Mina Demirta\u015f, 2022 y\u0131l\u0131nda \u201cKabahat\u201d filminde yer ald\u0131. Kabahat filminde \u201cReyhan\u201d karakterine can veren Demirta\u015f, bu filmdeki performans\u0131yla \u201cAdana Alt\u0131n Koza Film Festivali\u2019nde \u201cT\u00fcrkan \u015eoray\u201d \u00d6d\u00fcl\u00fcn\u00fc kazand\u0131.<\/p>\n<h3>M\u0130NA DEM\u0130RTA\u015e KAR\u0130YER\u0130NDE NASIL \u0130LERLED\u0130?<\/h3>\n<p>\u015eimdilerde NOW TV\u2019nin iddial\u0131 dizileri aras\u0131nda yer alan \u201cK\u0131z\u0131l Goncalar\u201d dizisinde \u201cZeynep\u201d karakterini canland\u0131ran Mina Demirta\u015f, ba\u015far\u0131l\u0131 oyunculu\u011fuyla ad\u0131ndan s\u00f6z ettiriyor. Oyunculuk kariyerinin daha ba\u015flar\u0131nda olmas\u0131na ra\u011fmen geni\u015f kitlelere ula\u015fn Demirta\u015f, g\u00fczelli\u011fi ve oyunculuk performans\u0131yla herkesi etkiliyor.<\/p>\n<p><img loading=\"lazy\" decoding=\"async\" class=\"alignnone wp-image-115252\" src=\"https:\/\/www.tgrthaber.com\/mavikadin\/wp-content\/uploads\/Adsiz-tasarim-21-13-1024x576.jpg\" alt=\"Mina Demirta\u015f kimin k\u0131z\u0131, sevgilisi var m\u0131? \" width=\"1208\" height=\"680\" title=\"\" srcset=\"https:\/\/www.tgrthaber.com\/mavikadin\/wp-content\/uploads\/Adsiz-tasarim-21-13-1024x576.jpg 1024w, https:\/\/www.tgrthaber.com\/mavikadin\/wp-content\/uploads\/Adsiz-tasarim-21-13-300x169.jpg 300w, https:\/\/www.tgrthaber.com\/mavikadin\/wp-content\/uploads\/Adsiz-tasarim-21-13-768x432.jpg 768w, https:\/\/www.tgrthaber.com\/mavikadin\/wp-content\/uploads\/Adsiz-tasarim-21-13-1536x864.jpg 1536w, https:\/\/www.tgrthaber.com\/mavikadin\/wp-content\/uploads\/Adsiz-tasarim-21-13.jpg 1600w\" sizes=\"(max-width: 1208px) 100vw, 1208px\" \/><\/p>\n<hr \/>\n<p>K\u0131z\u0131l Goncalar dizisiyle ad\u0131n\u0131 duyuran ba\u015far\u0131l\u0131 oyuncu Mina Demirta\u015f, Zeynep karakteriyle kariyerini zirveye ta\u015f\u0131yor. \u00d6zel hayat\u0131n\u0131 g\u00f6zlerden uzak ya\u015famay\u0131 tercih eden Demirta\u015f\u2019\u0131n annesi, babas\u0131 ve aile hayat\u0131 hakk\u0131nda elle tutulur bir bilgi bilinmiyor. \u00d6zel ya\u015fam\u0131n\u0131 takip\u00e7ileriyle payla\u015fmay\u0131 sevmeyen Demirta\u015f\u2019\u0131n hen\u00fcz bir sevgilisinin olup olmad\u0131\u011f\u0131 bilinmiyor. Sosyal medya hesab\u0131n\u0131 aktif olarak kullanan ba\u015far\u0131l\u0131 oyuncu, yapt\u0131\u011f\u0131 payla\u015f\u0131mlarla takip\u00e7ilerini yaln\u0131z b\u0131rakm\u0131yor. \u015eubatta 17 ya\u015f\u0131na girecek olan Demirta\u015f&#8217;\u0131n ya\u015f\u0131na ra\u011fmen sergiledi\u011fi oyunculuk performans\u0131 izleyiciler taraf\u0131ndan taktir ediliyor.<\/p>\n<p><img loading=\"lazy\" decoding=\"async\" class=\"alignnone wp-image-115253\" src=\"https:\/\/www.tgrthaber.com\/mavikadin\/wp-content\/uploads\/Adsiz-tasarim-18-18-1024x576.jpg\" alt=\"Mina Demirta\u015f kimin k\u0131z\u0131, sevgilisi var m\u0131? \" width=\"1208\" height=\"680\" title=\"\" srcset=\"https:\/\/www.tgrthaber.com\/mavikadin\/wp-content\/uploads\/Adsiz-tasarim-18-18-1024x576.jpg 1024w, https:\/\/www.tgrthaber.com\/mavikadin\/wp-content\/uploads\/Adsiz-tasarim-18-18-300x169.jpg 300w, https:\/\/www.tgrthaber.com\/mavikadin\/wp-content\/uploads\/Adsiz-tasarim-18-18-768x432.jpg 768w, https:\/\/www.tgrthaber.com\/mavikadin\/wp-content\/uploads\/Adsiz-tasarim-18-18-1536x864.jpg 1536w, https:\/\/www.tgrthaber.com\/mavikadin\/wp-content\/uploads\/Adsiz-tasarim-18-18.jpg 1600w\" sizes=\"(max-width: 1208px) 100vw, 1208px\" \/><\/p>\n<hr \/>\n<h3>ZEYNEP KARAKTER\u0130YLE SOSYAL MEDYADA G\u00dcNDEM OLUYOR!<\/h3>\n<p>NOW TV ekranlar\u0131nda izleyici kar\u015f\u0131s\u0131na \u00e7\u0131kan K\u0131z\u0131l Goncalar dizisinde Zeynep karakterine can veren Mina Demirta\u015f hem izleyici taraf\u0131ndan hem de sosyal medya kullan\u0131c\u0131lar\u0131 taraf\u0131ndan b\u00fcy\u00fck bir ilgiyle takip ediliyor. Rol\u00fcn\u00fcn hakk\u0131n\u0131 ba\u015far\u0131yla veren Demirta\u015f, seyirciden tam puan almay\u0131 ba\u015far\u0131yor.<\/p>\n<p><img loading=\"lazy\" decoding=\"async\" class=\"alignnone wp-image-115254\" src=\"https:\/\/www.tgrthaber.com\/mavikadin\/wp-content\/uploads\/Adsiz-tasarim-19-17-1024x576.jpg\" alt=\"Mina Demirta\u015f kimin k\u0131z\u0131, sevgilisi var m\u0131? \" width=\"1208\" height=\"680\" title=\"\" srcset=\"https:\/\/www.tgrthaber.com\/mavikadin\/wp-content\/uploads\/Adsiz-tasarim-19-17-1024x576.jpg 1024w, https:\/\/www.tgrthaber.com\/mavikadin\/wp-content\/uploads\/Adsiz-tasarim-19-17-300x169.jpg 300w, https:\/\/www.tgrthaber.com\/mavikadin\/wp-content\/uploads\/Adsiz-tasarim-19-17-768x432.jpg 768w, https:\/\/www.tgrthaber.com\/mavikadin\/wp-content\/uploads\/Adsiz-tasarim-19-17-1536x864.jpg 1536w, https:\/\/www.tgrthaber.com\/mavikadin\/wp-content\/uploads\/Adsiz-tasarim-19-17.jpg 1600w\" sizes=\"(max-width: 1208px) 100vw, 1208px\" \/><\/p>\n<hr \/>\n<p>Pazartesi ak\u015famlar\u0131 izleyici kar\u015f\u0131s\u0131na \u00e7\u0131kan ve reytinglerde zirveleri g\u00f6ren, ilgiyle takip edilen dizi \u201cK\u0131z\u0131l Goncalar\u201d her hafta heyecan dolu b\u00f6l\u00fcmleriyle izleyici kar\u015f\u0131s\u0131na \u00e7\u0131k\u0131yor. Zeynep karakterinin dizideki hamleleri de izleyici taraf\u0131ndan merak ediliyor. Karakterini derinlemesine ya\u015fayan Demirta\u015f, oyunculuk performans\u0131yla seyircilerin g\u00f6n\u00fcllerini kazan\u0131yor. Demirta\u015f ba\u015far\u0131l\u0131 oyuncu Mert Yaz\u0131c\u0131o\u011flu ile K\u0131z\u0131l Goncalar dizisinde ba\u015frol payla\u015f\u0131yor. \u00c7iftin uyumu sosyal medya kullan\u0131c\u0131lar\u0131 taraf\u0131ndan da yo\u011fun ilgi g\u00f6r\u00fcyor.<\/p>\n<p><img loading=\"lazy\" decoding=\"async\" class=\"alignnone wp-image-115255\" src=\"https:\/\/www.tgrthaber.com\/mavikadin\/wp-content\/uploads\/Adsiz-tasarim-16-13-1024x576.jpg\" alt=\"Mina Demirta\u015f kimin k\u0131z\u0131, sevgilisi var m\u0131? \" width=\"1208\" height=\"680\" title=\"\" srcset=\"https:\/\/www.tgrthaber.com\/mavikadin\/wp-content\/uploads\/Adsiz-tasarim-16-13-1024x576.jpg 1024w, https:\/\/www.tgrthaber.com\/mavikadin\/wp-content\/uploads\/Adsiz-tasarim-16-13-300x169.jpg 300w, https:\/\/www.tgrthaber.com\/mavikadin\/wp-content\/uploads\/Adsiz-tasarim-16-13-768x432.jpg 768w, https:\/\/www.tgrthaber.com\/mavikadin\/wp-content\/uploads\/Adsiz-tasarim-16-13-1536x864.jpg 1536w, https:\/\/www.tgrthaber.com\/mavikadin\/wp-content\/uploads\/Adsiz-tasarim-16-13.jpg 1600w\" sizes=\"(max-width: 1208px) 100vw, 1208px\" \/><\/p>\n<hr \/>\n<h3>M\u0130NA DEM\u0130RTA\u015e\u2019IN YER ALDI\u011eI D\u0130Z\u0130 VE F\u0130LMLER<\/h3>\n<p>2021 Akif \u2013 Suad (yard\u0131mc\u0131 oyuncu)<\/p>\n<p>2022 Kabahat \u2013 Reyhan (ba\u015frol)<\/p>\n<p>2023 Beraber \u2013 Azra (yard\u0131mc\u0131 oyuncu)<\/p>\n<p>2023-2024 K\u0131z\u0131l Goncalar \u2013 Zeynep (ba\u015frol)<\/p>\n","protected":false},"excerpt":{"rendered":"<p>K\u0131z\u0131l Goncalar dizisinin Zeynep\u2019i Mina Demirta\u015f ba\u015far\u0131l\u0131 oyunculu\u011fu ve g\u00fczelli\u011fiyle dikkatleri \u00fczerine \u00e7ekiyor. Ba\u015far\u0131l\u0131 oyuncunun kim oldu\u011fu ve \u00f6zel hayat\u0131 merak ediliyor. \u0130\u015fte ayr\u0131nt\u0131lar\u2026 <\/p>\n","protected":false},"author":26,"featured_media":115256,"comment_status":"closed","ping_status":"closed","sticky":false,"template":"","format":"standard","meta":{"rank_math_lock_modified_date":false,"footnotes":""},"categories":[491],"tags":[2306,2863],"class_list":["post-115250","post","type-post","status-publish","format-standard","has-post-thumbnail","hentry","category-biyografi","tag-kizil-goncalar","tag-mina-demirtas"],"_links":{"self":[{"href":"https:\/\/www.tgrthaber.com\/mavikadin\/wp-json\/wp\/v2\/posts\/115250"}],"collection":[{"href":"https:\/\/www.tgrthaber.com\/mavikadin\/wp-json\/wp\/v2\/posts"}],"about":[{"href":"https:\/\/www.tgrthaber.com\/mavikadin\/wp-json\/wp\/v2\/types\/post"}],"author":[{"embeddable":true,"href":"https:\/\/www.tgrthaber.com\/mavikadin\/wp-json\/wp\/v2\/users\/26"}],"replies":[{"embeddable":true,"href":"https:\/\/www.tgrthaber.com\/mavikadin\/wp-json\/wp\/v2\/comments?post=115250"}],"version-history":[{"count":3,"href":"https:\/\/www.tgrthaber.com\/mavikadin\/wp-json\/wp\/v2\/posts\/115250\/revisions"}],"predecessor-version":[{"id":115259,"href":"https:\/\/www.tgrthaber.com\/mavikadin\/wp-json\/wp\/v2\/posts\/115250\/revisions\/115259"}],"wp:featuredmedia":[{"embeddable":true,"href":"https:\/\/www.tgrthaber.com\/mavikadin\/wp-json\/wp\/v2\/media\/115256"}],"wp:attachment":[{"href":"https:\/\/www.tgrthaber.com\/mavikadin\/wp-json\/wp\/v2\/media?parent=115250"}],"wp:term":[{"taxonomy":"category","embeddable":true,"href":"https:\/\/www.tgrthaber.com\/mavikadin\/wp-json\/wp\/v2\/categories?post=115250"},{"taxonomy":"post_tag","embeddable":true,"href":"https:\/\/www.tgrthaber.com\/mavikadin\/wp-json\/wp\/v2\/tags?post=115250"}],"curies":[{"name":"wp","href":"https:\/\/api.w.org\/{rel}","templated":true}]}}