{"id":115266,"date":"2024-12-31T22:05:20","date_gmt":"2024-12-31T19:05:20","guid":{"rendered":"https:\/\/www.tgrthaber.com\/mavikadin\/?p=115266"},"modified":"2025-01-02T16:01:23","modified_gmt":"2025-01-02T13:01:23","slug":"gassal-dizisinin-alisi-yagiz-ata-dincer-kimdir-cocuk-oyuncunun-yasi-ve-oynadigi-diziler-merak-edildi","status":"publish","type":"post","link":"https:\/\/www.tgrthaber.com\/mavikadin\/gassal-dizisinin-alisi-yagiz-ata-dincer-kimdir-cocuk-oyuncunun-yasi-ve-oynadigi-diziler-merak-edildi\/","title":{"rendered":"Gassal dizisinin Ali\u2019si Ya\u011f\u0131z Ata Din\u00e7er kimdir? \u00c7ocuk oyuncunun ya\u015f\u0131 ve oynad\u0131\u011f\u0131 diziler merak edildi"},"content":{"rendered":"<p>\u0130lk sezonu ile izleyicinin yo\u011fun ilgisiyle kar\u015f\u0131la\u015fan Gassal dizisinin oyuncular\u0131 yo\u011fun ilgi g\u00f6rd\u00fc. Dizinin Ali\u2019si Ya\u011f\u0131z Ata Din\u00e7er kimdir? \u00c7ocuk oyuncunun ya\u015f\u0131 ve oynad\u0131\u011f\u0131 diziler merak edildi. \u0130\u015fte detaylar&#8230;<\/p>\n<h3>GASSAL D\u0130Z\u0130S\u0130N\u0130N AL\u0130\u2019S\u0130 YA\u011eIZ ATA D\u0130N\u00c7ER K\u0130MD\u0130R?<\/h3>\n<p>Gassal dizisinin Ali\u2019si Ya\u011f\u0131z Ata Din\u00e7er&#8217;in kim oldu\u011fu merak edildi. Sevimlili\u011fi ile kalpleri \u0131s\u0131tan \u00e7ocuk oyuncu, dizi ve sinema oyuncusu olarak bilinmektedir. Ya\u011f\u0131z Ata Din\u00e7er, 2017 y\u0131l\u0131nda \u0130stanbul&#8217;da do\u011fdu.. Anaokulu \u00f6\u011frencisidir. Layla \u015eirin Ajans&#8217;\u0131n \u00e7ocuk oyuncusu Ya\u011f\u0131z Ata Din\u00e7er, ilk defa 2022 y\u0131l\u0131nda bir dizide rol alarak, Yal\u0131 \u00c7apk\u0131n\u0131 adl\u0131 dizide F\u0131rat isimli bir \u00e7ocuk karakterini oynam\u0131\u015ft\u0131r.<\/p>\n<hr \/>\n<p>Rol Ald\u0131\u011f\u0131 Film ve Diziler:<\/p>\n<p>Yal\u0131 \u00c7apk\u0131n\u0131 (F\u0131rat, TV Dizisi 2022)<\/p>\n<p>Ya\u011f\u0131z Ata Din\u00e7er (laylasirin.com, 16.10.2022),<\/p>\n<p>Ya\u011f\u0131z Ata Din\u00e7er (imdb.com, 16.10.2022),<\/p>\n<p>Ya\u011f\u0131z Ata Din\u00e7er (sinematurk.com, 16.10.2022),<\/p>\n<p>Ya\u011f\u0131z Ata Din\u00e7er (dizioyuncu.com, diziseti.tv, diziler.com, 16.10.2022),<\/p>\n<p>Ya\u011f\u0131z Ata Din\u00e7er (beyazperde.com, sinemalar.com, 16.10.2022).<\/p>\n<p><img loading=\"lazy\" decoding=\"async\" class=\"alignnone size-full wp-image-115267\" src=\"https:\/\/www.tgrthaber.com\/mavikadin\/wp-content\/uploads\/hneee-2.jpg\" alt=\"\" width=\"1208\" height=\"680\" title=\"\" srcset=\"https:\/\/www.tgrthaber.com\/mavikadin\/wp-content\/uploads\/hneee-2.jpg 1208w, https:\/\/www.tgrthaber.com\/mavikadin\/wp-content\/uploads\/hneee-2-300x169.jpg 300w, https:\/\/www.tgrthaber.com\/mavikadin\/wp-content\/uploads\/hneee-2-1024x576.jpg 1024w, https:\/\/www.tgrthaber.com\/mavikadin\/wp-content\/uploads\/hneee-2-768x432.jpg 768w\" sizes=\"(max-width: 1208px) 100vw, 1208px\" \/><\/p>\n<h3>GASSAL D\u0130Z\u0130S\u0130 KONUSU NED\u0130R?<\/h3>\n<p>Gassal dizisi, ya\u015fam ile \u00f6l\u00fcm aras\u0131ndaki ince \u00e7izgiyi ve bir Gassal&#8217;\u0131n hikayesini derinlemesine ele al\u0131yor. Dizinin ana karakteri Baki, gen\u00e7 ya\u015fta bir gassal olarak hayat\u0131n\u0131 s\u00fcrd\u00fcr\u00fcyor. Cenaze i\u015flemleriyle ilgilenen ve her g\u00fcn \u00f6l\u00fcmle kar\u015f\u0131la\u015fan Baki&#8217;nin, \u201c\u00d6l\u00fcnce beni kim y\u0131kayacak?\u201d sorusunu sorarak ba\u015flad\u0131\u011f\u0131 i\u00e7sel ke\u015fif yolculu\u011fu, dizinin temel \u00f6yk\u00fcs\u00fcn\u00fc olu\u015fturuyor.<\/p>\n<hr \/>\n<p>Baki&#8217;nin kendini sorgulad\u0131\u011f\u0131 bu yolculukta, hem toplumsal yap\u0131yla hem de ge\u00e7mi\u015fiyle y\u00fczle\u015fmesini izliyoruz. Zaman zaman mizahi, zaman zaman dramatik bir tarzla ekrana ta\u015f\u0131nan bu anlat\u0131m, izleyiciyi hem d\u00fc\u015f\u00fcnd\u00fcr\u00fcyor hem de ya\u015fam\u0131n de\u011ferini sorgulat\u0131yor. Baki&#8217;nin bu s\u00fcre\u00e7te ya\u015fad\u0131\u011f\u0131 travmalar, sevda, dostluk ve toplumsal deneyimleri ise izleyiciyi derinden etkiliyor.<\/p>\n<p><img loading=\"lazy\" decoding=\"async\" class=\"alignnone size-full wp-image-115268\" src=\"https:\/\/www.tgrthaber.com\/mavikadin\/wp-content\/uploads\/hnWWW.jpg\" alt=\"\" width=\"1208\" height=\"680\" title=\"\" srcset=\"https:\/\/www.tgrthaber.com\/mavikadin\/wp-content\/uploads\/hnWWW.jpg 1208w, https:\/\/www.tgrthaber.com\/mavikadin\/wp-content\/uploads\/hnWWW-300x169.jpg 300w, https:\/\/www.tgrthaber.com\/mavikadin\/wp-content\/uploads\/hnWWW-1024x576.jpg 1024w, https:\/\/www.tgrthaber.com\/mavikadin\/wp-content\/uploads\/hnWWW-768x432.jpg 768w\" sizes=\"(max-width: 1208px) 100vw, 1208px\" \/><\/p>\n<hr \/>\n<h3>GASSAL D\u0130Z\u0130S\u0130N\u0130N Y\u00d6NETMEN\u0130 VE SENAR\u0130ST\u0130 K\u0130MD\u0130R?<\/h3>\n<p>Gassal dizisinin y\u00f6netmenli\u011fini, ba\u015far\u0131l\u0131 projelere imza atm\u0131\u015f deneyimli isim Sel\u00e7uk Aydemir \u00fcstleniyor. Mizah ile dramay\u0131 ustal\u0131kla harmanlayan Aydemir, dizinin anlat\u0131s\u0131n\u0131 izleyicilere etkileyici bir \u015fekilde sunuyor.<\/p>\n<p>Dizinin senaryosunu ise S\u00fcmeyye Karaaslan kaleme alm\u0131\u015f. Karaaslan, Gassal dizisinin \u00e7arp\u0131c\u0131 ve d\u00fc\u015f\u00fcnd\u00fcr\u00fcc\u00fc hikayesini yazarken, toplumsal meselelere ele\u015ftirel bir bak\u0131\u015f a\u00e7\u0131s\u0131 sunmay\u0131 ba\u015far\u0131yor. Senaryodaki detaylar, izleyiciyi hikayenin i\u00e7ine \u00e7ekiyor.<\/p>\n","protected":false},"excerpt":{"rendered":"<p>Ekranlara adeta damga vuran Gassal dizisinin oyuncular\u0131 izleyicinin ilgisini uyand\u0131rd\u0131. Dizinin birbirinden ba\u015far\u0131l\u0131 isimlerinin yan\u0131 s\u0131ra \u00e7ocuk oyuncular da merak uyand\u0131rd\u0131. \u0130\u015fte Gassal dizisinin Ali\u2019si Yi\u011fit Ata Dincer kimdir? \u00c7ocuk oyuncunun ya\u015f\u0131 ve oynad\u0131\u011f\u0131 diziler&#8230;<\/p>\n","protected":false},"author":2,"featured_media":115269,"comment_status":"closed","ping_status":"closed","sticky":false,"template":"","format":"standard","meta":{"rank_math_lock_modified_date":false,"footnotes":""},"categories":[491],"tags":[4542,4981,133,2218],"class_list":["post-115266","post","type-post","status-publish","format-standard","has-post-thumbnail","hentry","category-biyografi","tag-gassal","tag-gassal-dizi","tag-magazin","tag-magazin-haberleri"],"_links":{"self":[{"href":"https:\/\/www.tgrthaber.com\/mavikadin\/wp-json\/wp\/v2\/posts\/115266"}],"collection":[{"href":"https:\/\/www.tgrthaber.com\/mavikadin\/wp-json\/wp\/v2\/posts"}],"about":[{"href":"https:\/\/www.tgrthaber.com\/mavikadin\/wp-json\/wp\/v2\/types\/post"}],"author":[{"embeddable":true,"href":"https:\/\/www.tgrthaber.com\/mavikadin\/wp-json\/wp\/v2\/users\/2"}],"replies":[{"embeddable":true,"href":"https:\/\/www.tgrthaber.com\/mavikadin\/wp-json\/wp\/v2\/comments?post=115266"}],"version-history":[{"count":4,"href":"https:\/\/www.tgrthaber.com\/mavikadin\/wp-json\/wp\/v2\/posts\/115266\/revisions"}],"predecessor-version":[{"id":115842,"href":"https:\/\/www.tgrthaber.com\/mavikadin\/wp-json\/wp\/v2\/posts\/115266\/revisions\/115842"}],"wp:featuredmedia":[{"embeddable":true,"href":"https:\/\/www.tgrthaber.com\/mavikadin\/wp-json\/wp\/v2\/media\/115269"}],"wp:attachment":[{"href":"https:\/\/www.tgrthaber.com\/mavikadin\/wp-json\/wp\/v2\/media?parent=115266"}],"wp:term":[{"taxonomy":"category","embeddable":true,"href":"https:\/\/www.tgrthaber.com\/mavikadin\/wp-json\/wp\/v2\/categories?post=115266"},{"taxonomy":"post_tag","embeddable":true,"href":"https:\/\/www.tgrthaber.com\/mavikadin\/wp-json\/wp\/v2\/tags?post=115266"}],"curies":[{"name":"wp","href":"https:\/\/api.w.org\/{rel}","templated":true}]}}