{"id":115279,"date":"2025-01-01T00:55:04","date_gmt":"2024-12-31T21:55:04","guid":{"rendered":"https:\/\/www.tgrthaber.com\/mavikadin\/?p=115279"},"modified":"2025-01-01T00:55:55","modified_gmt":"2024-12-31T21:55:55","slug":"nisanlisi-enis-destanin-ailesinin-istemedigi-gelin-arzum-kurucalidan-beklenen-paylasim-geldi","status":"publish","type":"post","link":"https:\/\/www.tgrthaber.com\/mavikadin\/nisanlisi-enis-destanin-ailesinin-istemedigi-gelin-arzum-kurucalidan-beklenen-paylasim-geldi\/","title":{"rendered":"Ni\u015fanl\u0131s\u0131 Enis Destan&#8217;\u0131n ailesinin istemedi\u011fi gelin Arzum Kuru\u00e7al\u0131&#8217;dan beklenen payla\u015f\u0131m geldi!"},"content":{"rendered":"<p>Trabzonspor&#8217;un y\u0131ld\u0131z futbolcular\u0131ndan olan 22 ya\u015f\u0131ndaki gen\u00e7 futbolcu Enis Destan&#8217;\u0131n ge\u00e7ti\u011fimiz haftalarda bir s\u00fcredir beraber oldu\u011fu ve kendisinden 10 ya\u015f b\u00fcy\u00fck oldu\u011fu sevgilisi Arzum Kuru\u00e7al\u0131 ile ni\u015fanlanmas\u0131 sosyal medyada konu olmu\u015ftu. Annesi G\u00fcl Destan&#8217;\u0131n o\u011flu Enis Destan&#8217;a bir t\u00fcrl\u00fc yak\u0131\u015ft\u0131ramad\u0131\u011f\u0131 gelin aday\u0131 Arzum Kuru\u00e7al\u0131&#8217;y\u0131 sosyal medyada yerden yere vuran G\u00fcl Destan&#8217;\u0131n tepki \u00e7eken s\u00f6zleri g\u00fcndeme bomba gibi d\u00fc\u015fm\u00fc\u015ft\u00fc.<\/p>\n<p>Kay\u0131nvalide G\u00fcl Destan&#8217;\u0131n o s\u00f6zlerinden sonra Kuru\u00e7al\u0131&#8217;n\u0131n nas\u0131l bir kar\u015f\u0131l\u0131k verece\u011fi merak edilmi\u015fti. \u00dcnl\u00fc futbolcu Enis Destan&#8217;\u0131n ni\u015fanl\u0131s\u0131 Arzum Kuru\u00e7al\u0131&#8217;dan beklenen ilk payla\u015f\u0131m geldi&#8230;<\/p>\n<h3>FUTBOLCU EN\u0130S DESTAN&#8217;IN ANNES\u0130 G\u00dcL DESTAN GEL\u0130N ADAYI \u0130\u00c7\u0130N NE DEM\u0130\u015eT\u0130?<\/h3>\n<p>Kendi sosyal medya hesab\u0131 \u00fczerinden o\u011flu Enis Destan&#8217;\u0131n ni\u015fan merasimine kat\u0131lmad\u0131\u011f\u0131n\u0131 belirten G\u00fcl Destan, o\u011flunun ni\u015fanl\u0131s\u0131 Arzum Kuru\u00e7al\u0131 i\u00e7in sert s\u00f6zlerle payla\u015f\u0131m yapm\u0131\u015ft\u0131. Enis Destan&#8217;\u0131n annesi G\u00fcl Destan&#8217;\u0131n yapt\u0131\u011f\u0131 payla\u015f\u0131m ise \u015f\u00f6yleydi:<\/p>\n<p><img loading=\"lazy\" decoding=\"async\" class=\"wp-image-113566\" src=\"https:\/\/www.tgrthaber.com\/mavikadin\/wp-content\/uploads\/RTRTT.png\" alt=\"Enis Destan&#039;\u0131n ni\u015fanl\u0131s\u0131 Arzum Kuru\u00e7al\u0131 kimdir\" width=\"1208\" height=\"679\" title=\"\" srcset=\"https:\/\/www.tgrthaber.com\/mavikadin\/wp-content\/uploads\/RTRTT.png 833w, https:\/\/www.tgrthaber.com\/mavikadin\/wp-content\/uploads\/RTRTT-300x169.png 300w, https:\/\/www.tgrthaber.com\/mavikadin\/wp-content\/uploads\/RTRTT-768x431.png 768w\" sizes=\"(max-width: 1208px) 100vw, 1208px\" \/><\/p>\n<hr \/>\n<p>\u201cO\u011flumun tercih etti\u011fi gelin han\u0131m\u0131n k\u0131yafetine bak\u0131n. Hi\u00e7bir \u015fekilde yak\u0131\u015ft\u0131ram\u0131yorum. Ne fizik olarak, ne ya\u015fam tarz\u0131 olarak, ne de ya\u015f olarak. Bizim tercih etmedi\u011fimiz gelin aday\u0131. Defalarca bu i\u015fin olmayaca\u011f\u0131n\u0131 konu\u015ftu\u011fumuz halde gelin han\u0131m o\u011flumun yakas\u0131na yap\u0131\u015fm\u0131\u015f. Biz anne baba olarak ni\u015fanda bulunmad\u0131k. K\u0131z her \u015feyi kendi planlam\u0131\u015f. Acelesi var. Sonra elinden ka\u00e7ar.\u201d<\/p>\n<h3>KURU\u00c7ALI&#8217;NIN KAYINVAL\u0130DES\u0130N\u0130N SERT ELE\u015eT\u0130RE NE CEVAP VERECE\u011e\u0130 MERAK ED\u0130LM\u0130\u015eT\u0130&#8230;<\/h3>\n<p>Kay\u0131nvalidesi G\u00fcl Destan&#8217;\u0131n sosyal medyada kendisi i\u00e7in s\u00f6yledikleri kar\u015f\u0131s\u0131nda sessizli\u011fini koruyan Arzum Kuru\u00e7al\u0131,\u00a0 bu s\u00f6zlerden sonra ilk payla\u015f\u0131m\u0131n\u0131 yapt\u0131. Arzum Kuru\u00e7al\u0131, ni\u015fanl\u0131s\u0131 Enis Destan ile beraber \u00e7ekildi\u011fi kareyi kalp emojisiyle takip\u00e7ileriyle payla\u015farak hi\u00e7bir \u015fey olmam\u0131\u015f gibi davranmay\u0131 tercih etti.<\/p>\n<p><img loading=\"lazy\" decoding=\"async\" class=\"alignnone wp-image-115301\" src=\"https:\/\/www.tgrthaber.com\/mavikadin\/wp-content\/uploads\/et.png\" alt=\"\" width=\"1208\" height=\"672\" title=\"\" srcset=\"https:\/\/www.tgrthaber.com\/mavikadin\/wp-content\/uploads\/et.png 778w, https:\/\/www.tgrthaber.com\/mavikadin\/wp-content\/uploads\/et-300x167.png 300w, https:\/\/www.tgrthaber.com\/mavikadin\/wp-content\/uploads\/et-768x427.png 768w\" sizes=\"(max-width: 1208px) 100vw, 1208px\" \/><\/p>\n<hr \/>\n<p>Gelin aday\u0131 ve Enis Destan&#8217;\u0131n ni\u015fanl\u0131s\u0131 Arzum Kuru\u00e7al\u0131&#8217;n\u0131n hakk\u0131nda s\u00f6ylenenlere y\u00f6nelik tepkisizli\u011fi kar\u015f\u0131s\u0131nda Instagram&#8217;da kalp emojisi koyarak payla\u015ft\u0131\u011f\u0131 foto\u011frafa kay\u0131nvalide G\u00fcl Destan&#8217;\u0131n ne tepki verece\u011fi merak konusu oldu.<\/p>\n","protected":false},"excerpt":{"rendered":"<p>Futbolcu Enis Destan ile ge\u00e7ti\u011fimiz hafta ni\u015fanlanan ve kay\u0131nvalidesi G\u00fcl Destan taraf\u0131ndan yerden yere vurulan Arzum Kuru\u00e7al\u0131&#8217;n\u0131n bu s\u00f6zler kar\u015f\u0131s\u0131nda ne diyece\u011fi merak ediliyordu. Arzum Kuru\u00e7al\u0131&#8217;dan ilk payla\u015f\u0131m geldi&#8230;<\/p>\n","protected":false},"author":27,"featured_media":115304,"comment_status":"closed","ping_status":"closed","sticky":false,"template":"","format":"standard","meta":{"rank_math_lock_modified_date":false,"footnotes":""},"categories":[76],"tags":[6235,6228,6231],"class_list":["post-115279","post","type-post","status-publish","format-standard","has-post-thumbnail","hentry","category-magazin","tag-arzum-kurucali","tag-enis-destan","tag-gul-destan"],"_links":{"self":[{"href":"https:\/\/www.tgrthaber.com\/mavikadin\/wp-json\/wp\/v2\/posts\/115279"}],"collection":[{"href":"https:\/\/www.tgrthaber.com\/mavikadin\/wp-json\/wp\/v2\/posts"}],"about":[{"href":"https:\/\/www.tgrthaber.com\/mavikadin\/wp-json\/wp\/v2\/types\/post"}],"author":[{"embeddable":true,"href":"https:\/\/www.tgrthaber.com\/mavikadin\/wp-json\/wp\/v2\/users\/27"}],"replies":[{"embeddable":true,"href":"https:\/\/www.tgrthaber.com\/mavikadin\/wp-json\/wp\/v2\/comments?post=115279"}],"version-history":[{"count":3,"href":"https:\/\/www.tgrthaber.com\/mavikadin\/wp-json\/wp\/v2\/posts\/115279\/revisions"}],"predecessor-version":[{"id":115305,"href":"https:\/\/www.tgrthaber.com\/mavikadin\/wp-json\/wp\/v2\/posts\/115279\/revisions\/115305"}],"wp:featuredmedia":[{"embeddable":true,"href":"https:\/\/www.tgrthaber.com\/mavikadin\/wp-json\/wp\/v2\/media\/115304"}],"wp:attachment":[{"href":"https:\/\/www.tgrthaber.com\/mavikadin\/wp-json\/wp\/v2\/media?parent=115279"}],"wp:term":[{"taxonomy":"category","embeddable":true,"href":"https:\/\/www.tgrthaber.com\/mavikadin\/wp-json\/wp\/v2\/categories?post=115279"},{"taxonomy":"post_tag","embeddable":true,"href":"https:\/\/www.tgrthaber.com\/mavikadin\/wp-json\/wp\/v2\/tags?post=115279"}],"curies":[{"name":"wp","href":"https:\/\/api.w.org\/{rel}","templated":true}]}}