{"id":115340,"date":"2025-01-01T09:17:40","date_gmt":"2025-01-01T06:17:40","guid":{"rendered":"https:\/\/www.tgrthaber.com\/mavikadin\/?p=115340"},"modified":"2025-01-01T09:17:54","modified_gmt":"2025-01-01T06:17:54","slug":"beyazit-ozturk-surprizi-acikladi-beyaz-show-ne-zaman-hangi-kanalda-baslayacak","status":"publish","type":"post","link":"https:\/\/www.tgrthaber.com\/mavikadin\/beyazit-ozturk-surprizi-acikladi-beyaz-show-ne-zaman-hangi-kanalda-baslayacak\/","title":{"rendered":"Beyaz\u0131t \u00d6zt\u00fcrk s\u00fcrprizi a\u00e7\u0131klad\u0131! Beyaz Show ne zaman hangi kanalda ba\u015flayacak?"},"content":{"rendered":"<p>Televizyon d\u00fcnyas\u0131n\u0131n sevilen programlar\u0131ndan Beyaz Show, izleyicileri heyecanland\u0131ran bir geri d\u00f6n\u00fc\u015f yapmaya haz\u0131rlan\u0131yor. Uzun bir aradan sonra ekranlara geri d\u00f6necek olan program, \u00fcnl\u00fc sunucu Beyaz\u0131t \u00d6zt\u00fcrk&#8217;\u00fcn de kat\u0131l\u0131m\u0131yla tekrar seyircilerle bulu\u015facak. 2025 y\u0131lba\u015f\u0131 \u00f6zel program\u0131nda m\u00fcjdeli haberi veren Beyaz\u0131t \u00d6zt\u00fcrk, hayranlar\u0131n\u0131 mutlu etmeyi ba\u015fard\u0131. Yeniden ba\u015flayacak olan Beyaz Show&#8217;un detaylar\u0131 merakla beklenirken, izleyicilerin heyecan\u0131 \u015fimdiden dorukta. Bu geri d\u00f6n\u00fc\u015fte nelerin ya\u015fanaca\u011f\u0131 ise \u015fimdiden konu\u015fma konusu oldu.<\/p>\n<h3>EFSANE BEYAZ SHOW GER\u0130 D\u00d6N\u00dcYOR!<\/h3>\n<p>Uzun y\u0131llar boyunca izleyicileri kahkahalarla bulu\u015fturan ve reyting listelerinde zirveye yerle\u015fen Beyaz Show program\u0131, tekrar ekranlarda olacak olmas\u0131yla heyecan olu\u015fturuyor. \u00dcnl\u00fc sunucu Beyaz\u0131t \u00d6zt\u00fcrk&#8217;\u00fcn O Ses T\u00fcrkiye Y\u0131lba\u015f\u0131 \u00d6zel program\u0131nda yapm\u0131\u015f oldu\u011fu a\u00e7\u0131klama ile do\u011frulanmas\u0131yla, hayranlar\u0131n\u0131 mutlu edecek olan bu geli\u015fme TV8 ekranlar\u0131nda ger\u00e7ekle\u015fecek. Beyaz Show&#8217;un efsanevi anlar\u0131 ve unutulmaz konuklar\u0131yla tekrar izleyici kar\u015f\u0131s\u0131na \u00e7\u0131kacak olmas\u0131, \u015fimdiden merak uyand\u0131r\u0131yor.<\/p>\n<p><img loading=\"lazy\" decoding=\"async\" class=\"alignnone wp-image-115341\" src=\"https:\/\/www.tgrthaber.com\/mavikadin\/wp-content\/uploads\/beyaz-show-geri-donuyor-300x169.jpg\" alt=\"beyaz show geri d\u00f6n\u00fcyor\" width=\"1208\" height=\"680\" title=\"\" srcset=\"https:\/\/www.tgrthaber.com\/mavikadin\/wp-content\/uploads\/beyaz-show-geri-donuyor-300x169.jpg 300w, https:\/\/www.tgrthaber.com\/mavikadin\/wp-content\/uploads\/beyaz-show-geri-donuyor-1024x576.jpg 1024w, https:\/\/www.tgrthaber.com\/mavikadin\/wp-content\/uploads\/beyaz-show-geri-donuyor-768x432.jpg 768w, https:\/\/www.tgrthaber.com\/mavikadin\/wp-content\/uploads\/beyaz-show-geri-donuyor-1536x864.jpg 1536w, https:\/\/www.tgrthaber.com\/mavikadin\/wp-content\/uploads\/beyaz-show-geri-donuyor.jpg 1920w\" sizes=\"(max-width: 1208px) 100vw, 1208px\" \/><\/p>\n<hr \/>\n<h3>\u201c2025 YILINDA TV8 EKRANLARINDA\u201d<\/h3>\n<p>Y\u0131lba\u015f\u0131 ak\u015fam\u0131 g\u00fcn\u00fc O Ses T\u00fcrkiye program\u0131nda j\u00fcri \u00fcyeli\u011fi yapan Beyaz\u0131t \u00d6zt\u00fcrk, hayranlar\u0131n\u0131 sevindirecek bir haberinde m\u00fcjdesini verdi. Deniz Baysal\u2019\u0131n \u201cBeyaz Show ba\u015flas\u0131n\u201d demesi \u00fczerine \u00d6zt\u00fcrk, izleyicilere s\u00fcrpriz bir a\u00e7\u0131klamas\u0131n\u0131n oldu\u011funu dile getirdi. Beyaz\u0131t \u00d6zt\u00fcrk, \u201c\u201cEvet, Beyaz Show geri d\u00f6n\u00fcyor! 2025 y\u0131l\u0131nda TV8 ekranlar\u0131nda izleyicilerle bulu\u015faca\u011f\u0131z. Bu heyecan\u0131 payla\u015fmak i\u00e7in sab\u0131rs\u0131zlan\u0131yorum.\u201d \u00a0Diyerek herkesin merakla bekledi\u011fi haberi duyurdu.<\/p>\n<div style=\"width: 640px;\" class=\"wp-video\"><!--[if lt IE 9]><script>document.createElement('video');<\/script><![endif]-->\n<video class=\"wp-video-shortcode\" id=\"video-115340-1\" width=\"640\" height=\"360\" preload=\"metadata\" controls=\"controls\"><source type=\"video\/mp4\" src=\"https:\/\/www.tgrthaber.com\/mavikadin\/wp-content\/uploads\/beyazit-ozturk-beyaz-show-un-baslayacagini-acikladi-.mp4?_=1\" \/><a href=\"https:\/\/www.tgrthaber.com\/mavikadin\/wp-content\/uploads\/beyazit-ozturk-beyaz-show-un-baslayacagini-acikladi-.mp4\">https:\/\/www.tgrthaber.com\/mavikadin\/wp-content\/uploads\/beyazit-ozturk-beyaz-show-un-baslayacagini-acikladi-.mp4<\/a><\/video><\/div>\n<hr \/>\n<h3>BEYAZ SHOW HANG\u0130 KANALDA VE NE ZAMAN BA\u015eLAYACAK?<\/h3>\n<p>TV8 ekranlar\u0131n\u0131n sevilen program\u0131 Beyaz Show, 2025 y\u0131l\u0131nda tekrar izleyicilerle bulu\u015fmaya haz\u0131rlan\u0131yor. Sunuculu\u011funu Beyaz\u0131t \u00d6zt\u00fcrk&#8217;\u00fcn \u00fcstlendi\u011fi program i\u00e7in geri say\u0131m ba\u015flad\u0131. Hen\u00fcz net bir yay\u0131n tarihi verilmese de Acun Il\u0131cal\u0131, haz\u0131rl\u0131klar\u0131n h\u0131z kesmeden ba\u015flayaca\u011f\u0131n\u0131 a\u00e7\u0131klad\u0131. Beyaz Show&#8217;un sevenleri, bu efsanevi program\u0131n ekranlara d\u00f6n\u00fc\u015f\u00fcn\u00fc heyecanla bekliyor.<\/p>\n","protected":false},"excerpt":{"rendered":"<p>T\u00fcrk televizyonlar\u0131n\u0131n unutulmaz program\u0131 Beyaz Show, uzun zamand\u0131r, herkes taraf\u0131ndan ba\u015flamas\u0131 i\u00e7in teklif yap\u0131l\u0131yordu. Beyaz\u0131t \u00d6zt\u00fcrk ile efsanele\u015fen komedi program\u0131 yay\u0131n hayat\u0131na d\u00f6nmeye haz\u0131rlan\u0131yor. Beyaz Show yak\u0131nda TV8 kanal\u0131nda ba\u015flayacak. <\/p>\n","protected":false},"author":10,"featured_media":115343,"comment_status":"closed","ping_status":"closed","sticky":false,"template":"","format":"standard","meta":{"rank_math_lock_modified_date":false,"footnotes":""},"categories":[76],"tags":[928,2379,2377],"class_list":["post-115340","post","type-post","status-publish","format-standard","has-post-thumbnail","hentry","category-magazin","tag-beyaz","tag-beyaz-show","tag-beyazit-ozturk"],"_links":{"self":[{"href":"https:\/\/www.tgrthaber.com\/mavikadin\/wp-json\/wp\/v2\/posts\/115340"}],"collection":[{"href":"https:\/\/www.tgrthaber.com\/mavikadin\/wp-json\/wp\/v2\/posts"}],"about":[{"href":"https:\/\/www.tgrthaber.com\/mavikadin\/wp-json\/wp\/v2\/types\/post"}],"author":[{"embeddable":true,"href":"https:\/\/www.tgrthaber.com\/mavikadin\/wp-json\/wp\/v2\/users\/10"}],"replies":[{"embeddable":true,"href":"https:\/\/www.tgrthaber.com\/mavikadin\/wp-json\/wp\/v2\/comments?post=115340"}],"version-history":[{"count":1,"href":"https:\/\/www.tgrthaber.com\/mavikadin\/wp-json\/wp\/v2\/posts\/115340\/revisions"}],"predecessor-version":[{"id":115344,"href":"https:\/\/www.tgrthaber.com\/mavikadin\/wp-json\/wp\/v2\/posts\/115340\/revisions\/115344"}],"wp:featuredmedia":[{"embeddable":true,"href":"https:\/\/www.tgrthaber.com\/mavikadin\/wp-json\/wp\/v2\/media\/115343"}],"wp:attachment":[{"href":"https:\/\/www.tgrthaber.com\/mavikadin\/wp-json\/wp\/v2\/media?parent=115340"}],"wp:term":[{"taxonomy":"category","embeddable":true,"href":"https:\/\/www.tgrthaber.com\/mavikadin\/wp-json\/wp\/v2\/categories?post=115340"},{"taxonomy":"post_tag","embeddable":true,"href":"https:\/\/www.tgrthaber.com\/mavikadin\/wp-json\/wp\/v2\/tags?post=115340"}],"curies":[{"name":"wp","href":"https:\/\/api.w.org\/{rel}","templated":true}]}}