{"id":115428,"date":"2025-01-01T15:51:44","date_gmt":"2025-01-01T12:51:44","guid":{"rendered":"https:\/\/www.tgrthaber.com\/mavikadin\/?p=115428"},"modified":"2025-01-01T15:51:45","modified_gmt":"2025-01-01T12:51:45","slug":"fahriye-evcen-ve-burak-ozcivitten-ogullari-ile-yeni-yil-pozu","status":"publish","type":"post","link":"https:\/\/www.tgrthaber.com\/mavikadin\/fahriye-evcen-ve-burak-ozcivitten-ogullari-ile-yeni-yil-pozu\/","title":{"rendered":"Fahriye Evcen ve Burak \u00d6z\u00e7ivit&#8217;ten o\u011fullar\u0131 ile yeni y\u0131l pozu!"},"content":{"rendered":"<p class=\"p1\">Kurulu\u015f Osman dizisinde g\u00f6sterdi\u011fi performansla izleyicilerin haf\u0131zas\u0131nda yer edinen<span class=\"Apple-converted-space\">\u00a0 <\/span>Burak \u00d6z\u00e7ivit, e\u015fi Fahriye Evcen ve o\u011fullar\u0131 Karan ve Kerem ile birlikte yeni y\u0131l i\u00e7in poz verdi. Fahriye Evcen, bu mutlu anlar\u0131 sosyal medya hesab\u0131ndan takip\u00e7ileriyle payla\u015ft\u0131 ve foto\u011fraflar b\u00fcy\u00fck ilgi g\u00f6rd\u00fc. \u0130ki \u00e7ocuk annesi olmas\u0131na ra\u011fmen fit ve s\u0131k\u0131 v\u00fccuduyla dikkat \u00e7eken Evcen, sosyal medya kullan\u0131c\u0131lar\u0131 taraf\u0131ndan \u00f6vg\u00fc ya\u011fmuruna tutuldu. Ailesiyle ge\u00e7irdi\u011fi keyifli anlar ve g\u00fczelli\u011fiyle Fahriye Evcen, 2025&#8217;e adeta damgas\u0131n\u0131 vurdu.<\/p>\n<h3>FAHR\u0130YE EVCEN VE BURAK \u00d6Z\u00c7\u0130V\u0130T&#8217;TEN YEN\u0130 YIL POZU!<\/h3>\n<p class=\"p1\">&#8220;Kurulu\u015f Osman&#8221; dizisinde Osman Bey karakteriyle b\u00fcy\u00fck bir be\u011feni kazanan Burak \u00d6z\u00e7ivit, yeni y\u0131l\u0131 ailesiyle birlikte kutlad\u0131. \u00dcnl\u00fc oyuncu\u00a0 e\u015fi Fahriye Evcen ve \u00e7ocuklar\u0131 Karan ile Kerem\u2019le mutlu bir poz verdi. Fahriye Evcen, o \u00f6zel an\u0131 sosyal medya hesab\u0131ndan payla\u015ft\u0131 ve foto\u011fraf k\u0131sa s\u00fcrede be\u011feni ve yorum ya\u011fmuruna tutuldu. \u0130ki \u00e7ocuk annesi olan Evcen, formda ve s\u0131k\u0131 fizi\u011fiyle takip\u00e7ilerini \u015fa\u015fk\u0131na \u00e7evirdi.<\/p>\n<p><img loading=\"lazy\" decoding=\"async\" class=\"alignnone wp-image-115429 \" src=\"https:\/\/www.tgrthaber.com\/mavikadin\/wp-content\/uploads\/Ekran-Resmi-2025-01-01-15.42.38.png\" alt=\"\" width=\"986\" height=\"1043\" title=\"\" srcset=\"https:\/\/www.tgrthaber.com\/mavikadin\/wp-content\/uploads\/Ekran-Resmi-2025-01-01-15.42.38.png 834w, https:\/\/www.tgrthaber.com\/mavikadin\/wp-content\/uploads\/Ekran-Resmi-2025-01-01-15.42.38-284x300.png 284w, https:\/\/www.tgrthaber.com\/mavikadin\/wp-content\/uploads\/Ekran-Resmi-2025-01-01-15.42.38-768x812.png 768w\" sizes=\"(max-width: 986px) 100vw, 986px\" \/><\/p>\n<hr \/>\n<p class=\"p1\">G\u00fczelli\u011fi ve zarafetiyle dikkat \u00e7eken Fahriye Evcen, sosyal medya kullan\u0131c\u0131lar\u0131 taraf\u0131ndan \u00f6vg\u00fcyle kar\u015f\u0131land\u0131. Hem annelik hem de oyunculuk kariyerinde b\u00fcy\u00fck ba\u015far\u0131lar elde eden Evcen, ayn\u0131 zamanda sa\u011fl\u0131kl\u0131 ya\u015fam tarz\u0131n\u0131 da takip\u00e7ileriyle payla\u015fmay\u0131 ihmal etmiyor.\u00a0 \u00dcnl\u00fc \u00e7iftin ailesiyle birlikte keyifli anlar ge\u00e7irdi\u011fi bu poz, 2025 y\u0131l\u0131na damgas\u0131n\u0131 vurdu. Fahriye Evcen\u2019in hem ailevi hem de ki\u015fisel ya\u015fam\u0131ndaki pozitif enerjisi, takip\u00e7ilerine ilham verirken, Burak \u00d6z\u00e7ivit ile olan uyumu ise sosyal medyada yine g\u00fcndem oldu.<\/p>\n<p><img loading=\"lazy\" decoding=\"async\" class=\"alignnone wp-image-115430 size-full\" src=\"https:\/\/www.tgrthaber.com\/mavikadin\/wp-content\/uploads\/Ekran-Resmi-2025-01-01-15.48.03.png\" alt=\"\" width=\"986\" height=\"578\" title=\"\" srcset=\"https:\/\/www.tgrthaber.com\/mavikadin\/wp-content\/uploads\/Ekran-Resmi-2025-01-01-15.48.03.png 986w, https:\/\/www.tgrthaber.com\/mavikadin\/wp-content\/uploads\/Ekran-Resmi-2025-01-01-15.48.03-300x176.png 300w, https:\/\/www.tgrthaber.com\/mavikadin\/wp-content\/uploads\/Ekran-Resmi-2025-01-01-15.48.03-768x450.png 768w\" sizes=\"(max-width: 986px) 100vw, 986px\" \/><\/p>\n<hr \/>\n<h3 class=\"p1\">&#8220;EN YAKI\u015eAN \u00c7\u0130FTS\u0130N\u0130Z&#8221;<\/h3>\n<p class=\"p1\">Fahriye Evcen ve Burak \u00d6z\u00e7ivit, 2017 y\u0131l\u0131nda evlendiklerinden bu yana hem profesyonel ba\u015far\u0131lar\u0131yla hem de \u00f6zel ya\u015famlar\u0131yla dikkat \u00e7ekiyorlar.<span class=\"Apple-converted-space\">\u00a0 <\/span>\u00c7iftin uyumu, yaln\u0131zca kariyerlerinde de\u011fil, ayn\u0131 zamanda sosyal ya\u015famlar\u0131nda da g\u00f6zle g\u00f6r\u00fcl\u00fcr bir \u015fekilde yans\u0131yor.,<\/p>\n<p><img loading=\"lazy\" decoding=\"async\" class=\"alignnone wp-image-115431 \" src=\"https:\/\/www.tgrthaber.com\/mavikadin\/wp-content\/uploads\/Ekran-Resmi-2025-01-01-15.49.00.png\" alt=\"\" width=\"990\" height=\"546\" title=\"\" srcset=\"https:\/\/www.tgrthaber.com\/mavikadin\/wp-content\/uploads\/Ekran-Resmi-2025-01-01-15.49.00.png 950w, https:\/\/www.tgrthaber.com\/mavikadin\/wp-content\/uploads\/Ekran-Resmi-2025-01-01-15.49.00-300x165.png 300w, https:\/\/www.tgrthaber.com\/mavikadin\/wp-content\/uploads\/Ekran-Resmi-2025-01-01-15.49.00-768x424.png 768w\" sizes=\"(max-width: 990px) 100vw, 990px\" \/><\/p>\n<hr \/>\n<p class=\"p1\">Her ad\u0131mlar\u0131 merakla izlenen Fahriye Evcen ve Burak \u00d6z\u00e7ivit&#8217;e, s\u0131k\u00e7a &#8220;\u00dcnl\u00fcler d\u00fcnyas\u0131nda en yak\u0131\u015fan \u00e7ift olabilirsiniz&#8221; gibi yorumlar yap\u0131l\u0131yor. Her ikisi de hem oyunculukta g\u00f6sterdikleri performanslarla hem de birbirlerine duyduklar\u0131 sevgiyle, her ge\u00e7en g\u00fcn daha fazla takdir topluyorlar.<\/p>\n","protected":false},"excerpt":{"rendered":"<p>Kurulu\u015f Osman dizisinde g\u00f6sterdi\u011fi performansla izleyicilerin haf\u0131zas\u0131nda yer edinen\u00a0 Burak \u00d6z\u00e7ivit, e\u015fi Fahriye Evcen ve o\u011fullar\u0131 Karan ve Kerem ile birlikte yeni y\u0131l i\u00e7in poz verdi. Fahriye Evcen, bu mutlu anlar\u0131 sosyal medya hesab\u0131ndan takip\u00e7ileriyle payla\u015ft\u0131 ve foto\u011fraflar b\u00fcy\u00fck ilgi g\u00f6rd\u00fc. \u0130ki \u00e7ocuk annesi olmas\u0131na ra\u011fmen fit ve s\u0131k\u0131 v\u00fccuduyla dikkat \u00e7eken Evcen, sosyal medya [&hellip;]<\/p>\n","protected":false},"author":16,"featured_media":115432,"comment_status":"closed","ping_status":"closed","sticky":false,"template":"","format":"standard","meta":{"rank_math_lock_modified_date":false,"footnotes":""},"categories":[76],"tags":[6561,6560,6562],"class_list":["post-115428","post","type-post","status-publish","format-standard","has-post-thumbnail","hentry","category-magazin","tag-fahriye-evcen-burak-ozcivit","tag-fahriye-evcen-burak-ozcivit-yeni-yil-pozu","tag-fahriye-evcen-burak-ozcivit-yilbasi-pozu"],"_links":{"self":[{"href":"https:\/\/www.tgrthaber.com\/mavikadin\/wp-json\/wp\/v2\/posts\/115428"}],"collection":[{"href":"https:\/\/www.tgrthaber.com\/mavikadin\/wp-json\/wp\/v2\/posts"}],"about":[{"href":"https:\/\/www.tgrthaber.com\/mavikadin\/wp-json\/wp\/v2\/types\/post"}],"author":[{"embeddable":true,"href":"https:\/\/www.tgrthaber.com\/mavikadin\/wp-json\/wp\/v2\/users\/16"}],"replies":[{"embeddable":true,"href":"https:\/\/www.tgrthaber.com\/mavikadin\/wp-json\/wp\/v2\/comments?post=115428"}],"version-history":[{"count":1,"href":"https:\/\/www.tgrthaber.com\/mavikadin\/wp-json\/wp\/v2\/posts\/115428\/revisions"}],"predecessor-version":[{"id":115433,"href":"https:\/\/www.tgrthaber.com\/mavikadin\/wp-json\/wp\/v2\/posts\/115428\/revisions\/115433"}],"wp:featuredmedia":[{"embeddable":true,"href":"https:\/\/www.tgrthaber.com\/mavikadin\/wp-json\/wp\/v2\/media\/115432"}],"wp:attachment":[{"href":"https:\/\/www.tgrthaber.com\/mavikadin\/wp-json\/wp\/v2\/media?parent=115428"}],"wp:term":[{"taxonomy":"category","embeddable":true,"href":"https:\/\/www.tgrthaber.com\/mavikadin\/wp-json\/wp\/v2\/categories?post=115428"},{"taxonomy":"post_tag","embeddable":true,"href":"https:\/\/www.tgrthaber.com\/mavikadin\/wp-json\/wp\/v2\/tags?post=115428"}],"curies":[{"name":"wp","href":"https:\/\/api.w.org\/{rel}","templated":true}]}}