{"id":115507,"date":"2025-01-01T21:57:20","date_gmt":"2025-01-01T18:57:20","guid":{"rendered":"https:\/\/www.tgrthaber.com\/mavikadin\/?p=115507"},"modified":"2025-01-01T22:04:16","modified_gmt":"2025-01-01T19:04:16","slug":"yeni-bir-gun-dizisi-oyuncu-kadrosu-guclu-bir-kadin-hikayesi-olarak-dikkat-cekiyor","status":"publish","type":"post","link":"https:\/\/www.tgrthaber.com\/mavikadin\/yeni-bir-gun-dizisi-oyuncu-kadrosu-guclu-bir-kadin-hikayesi-olarak-dikkat-cekiyor\/","title":{"rendered":"Yeni Bir G\u00fcn dizisi oyuncu kadrosu! G\u00fc\u00e7l\u00fc bir kad\u0131n hikayesi olarak dikkat \u00e7ekiyor"},"content":{"rendered":"<p>\u0130ngiliz yap\u0131m\u0131 Keeping Faith&#8217;ten uyarlanana Yeni Bir G\u00fcn dizisi ekrana gelmek i\u00e7in g\u00fcn say\u0131yor. Rana Mamatl\u0131o\u011flu ve Bekir Baran S\u0131tk\u0131 taraf\u0131ndan kaleme al\u0131nan dizinin y\u00f6netmenli\u011fini \u00c7a\u011fr\u0131 Bayrak \u00fcstleniyor. Dizinin ba\u015frol\u00fcnde Ezgi Mola var, avukatl\u0131k kariyerine \u00fc\u00e7\u00fcnc\u00fc \u00e7ocu\u011funun do\u011fumu nedeniyle ara veren Nehir karakterini canland\u0131racak. E\u015fi Serdar karakteri ise Salih Bademci taraf\u0131ndan canland\u0131r\u0131lacak. Dizi, Nehir\u2019in kariyerine geri d\u00f6nme m\u00fccadelesi ve ailesini koruma \u00e7abas\u0131yla duygusal bir yolculuk sunacak. \u0130\u015fte Yeni Bir G\u00fcn dizisi karakterleri ve oyuncu kadrosu hakk\u0131nda detaylar!<\/p>\n<h3>YEN\u0130 B\u0130R G\u00dcN OYUNCULARI K\u0130MLER?<\/h3>\n<p><strong>Ezgi Mola (Nehir Alsoy)<\/strong><\/p>\n<p>Ezgi Mola, 29 Mart 1983 do\u011fumlu T\u00fcrk oyuncu, oyunculuk kariyerine BKM Mutfak\u2019ta ba\u015flad\u0131 ve 2007\u2019de Sadri Al\u0131\u015f\u0131k \u00d6d\u00fclleri\u2019nde En \u0130yi Yard\u0131mc\u0131 Kad\u0131n Oyuncu \u00f6d\u00fcl\u00fcn\u00fc kazand\u0131. Son olarak Masumlar Apartman\u0131 dizisinde Safiye rol\u00fcyle b\u00fcy\u00fck be\u011feni toplad\u0131.<\/p>\n<p><img loading=\"lazy\" decoding=\"async\" class=\"alignnone  wp-image-115512\" src=\"https:\/\/www.tgrthaber.com\/mavikadin\/wp-content\/uploads\/Ekran-goruntusu-2025-01-01-215255.png\" alt=\"\" width=\"1161\" height=\"645\" title=\"\" srcset=\"https:\/\/www.tgrthaber.com\/mavikadin\/wp-content\/uploads\/Ekran-goruntusu-2025-01-01-215255.png 1022w, https:\/\/www.tgrthaber.com\/mavikadin\/wp-content\/uploads\/Ekran-goruntusu-2025-01-01-215255-300x167.png 300w, https:\/\/www.tgrthaber.com\/mavikadin\/wp-content\/uploads\/Ekran-goruntusu-2025-01-01-215255-768x427.png 768w\" sizes=\"(max-width: 1161px) 100vw, 1161px\" \/><\/p>\n<hr \/>\n<p><strong>Salih Bademci (Serdar Alsoy)<\/strong><\/p>\n<p>Salih Bademci, 15 A\u011fustos 1984 do\u011fumlu T\u00fcrk oyuncu, Kiral\u0131k A\u015fk, \u0130stanbullu Gelin gibi projelerdeki performanslar\u0131yla tan\u0131nd\u0131. Son olarak Dilek Ta\u015f\u0131 ve Yalanc\u0131 dizilerinde rol ald\u0131.<\/p>\n<p><img loading=\"lazy\" decoding=\"async\" class=\"alignnone size-full wp-image-115513\" src=\"https:\/\/www.tgrthaber.com\/mavikadin\/wp-content\/uploads\/Yeni-Proje-13-3.jpg\" alt=\"\" width=\"1208\" height=\"720\" title=\"\" srcset=\"https:\/\/www.tgrthaber.com\/mavikadin\/wp-content\/uploads\/Yeni-Proje-13-3.jpg 1208w, https:\/\/www.tgrthaber.com\/mavikadin\/wp-content\/uploads\/Yeni-Proje-13-3-300x179.jpg 300w, https:\/\/www.tgrthaber.com\/mavikadin\/wp-content\/uploads\/Yeni-Proje-13-3-1024x610.jpg 1024w, https:\/\/www.tgrthaber.com\/mavikadin\/wp-content\/uploads\/Yeni-Proje-13-3-768x458.jpg 768w\" sizes=\"(max-width: 1208px) 100vw, 1208px\" \/><\/p>\n<hr \/>\n<p><strong>Melisa Do\u011fu (Suzan)<\/strong><\/p>\n<p>Melisa Do\u011fu, 14 \u015eubat 1981 do\u011fumlu T\u00fcrk oyuncu, Yasak Elma ve Ke\u015fke Hi\u00e7 B\u00fcy\u00fcmeseydik gibi projelerdeki performans\u0131yla dikkat \u00e7ekti. Ayr\u0131ca modellik kariyerine de ad\u0131m atm\u0131\u015ft\u0131r.<\/p>\n<p><img loading=\"lazy\" decoding=\"async\" class=\"alignnone size-full wp-image-115515\" src=\"https:\/\/www.tgrthaber.com\/mavikadin\/wp-content\/uploads\/Yeni-Proje-14-3.jpg\" alt=\"\" width=\"1208\" height=\"720\" title=\"\" srcset=\"https:\/\/www.tgrthaber.com\/mavikadin\/wp-content\/uploads\/Yeni-Proje-14-3.jpg 1208w, https:\/\/www.tgrthaber.com\/mavikadin\/wp-content\/uploads\/Yeni-Proje-14-3-300x179.jpg 300w, https:\/\/www.tgrthaber.com\/mavikadin\/wp-content\/uploads\/Yeni-Proje-14-3-1024x610.jpg 1024w, https:\/\/www.tgrthaber.com\/mavikadin\/wp-content\/uploads\/Yeni-Proje-14-3-768x458.jpg 768w\" sizes=\"(max-width: 1208px) 100vw, 1208px\" \/><\/p>\n<hr \/>\n<p><strong>Berkay Ate\u015f (Tuna)<\/strong><\/p>\n<p>Berkay Ate\u015f, 19 \u015eubat 1987 do\u011fumlu oyuncu, Alev Alev, Sadakatsiz ve \u00c7ukur gibi dizilerdeki rolleriyle tan\u0131nd\u0131. Sinema kariyerinde de \u00f6d\u00fcller kazand\u0131.<\/p>\n<p><img loading=\"lazy\" decoding=\"async\" class=\"alignnone size-full wp-image-115516\" src=\"https:\/\/www.tgrthaber.com\/mavikadin\/wp-content\/uploads\/Yeni-Proje-15-3.jpg\" alt=\"\" width=\"1208\" height=\"720\" title=\"\" srcset=\"https:\/\/www.tgrthaber.com\/mavikadin\/wp-content\/uploads\/Yeni-Proje-15-3.jpg 1208w, https:\/\/www.tgrthaber.com\/mavikadin\/wp-content\/uploads\/Yeni-Proje-15-3-300x179.jpg 300w, https:\/\/www.tgrthaber.com\/mavikadin\/wp-content\/uploads\/Yeni-Proje-15-3-1024x610.jpg 1024w, https:\/\/www.tgrthaber.com\/mavikadin\/wp-content\/uploads\/Yeni-Proje-15-3-768x458.jpg 768w\" sizes=\"(max-width: 1208px) 100vw, 1208px\" \/><\/p>\n<hr \/>\n<p><strong>Nur S\u00fcrer (G\u00fcng\u00f6r Alsoy)<\/strong><\/p>\n<p>Nur S\u00fcrer, 21 Haziran 1954 do\u011fumlu sinema, dizi ve tiyatro oyuncusudur. \u00c7ukur ve Camdaki K\u0131z gibi projelerde yer ald\u0131 ve uluslararas\u0131 alanda da ba\u015far\u0131lar elde etti.<\/p>\n<p><strong>Merve Ate\u015f (Deniz)<\/strong><\/p>\n<p>Merve Ate\u015f, 9 \u015eubat 2005 do\u011fumlu oyuncu, Yarg\u0131 ve Kuzgun gibi dizilerde \u00e7ocuk oyuncu olarak yer ald\u0131 ve oyunculuk kariyerine yeni projelerle devam ediyor.<\/p>\n<p><strong>Arda Ye\u015fillik\u00e7i (Can)<\/strong><\/p>\n<p>Arda Ye\u015fillik\u00e7i, 23 Haziran 1998 do\u011fumlu oyuncu, Ak\u0131nc\u0131 ve k\u0131sa filmlerde yer ald\u0131. Her \u015eey Yolunda adl\u0131 k\u0131sa filmle \u00f6d\u00fcller kazand\u0131.<\/p>\n<p><img loading=\"lazy\" decoding=\"async\" class=\"alignnone size-full wp-image-115517\" src=\"https:\/\/www.tgrthaber.com\/mavikadin\/wp-content\/uploads\/Yeni-Proje-16-3.jpg\" alt=\"\" width=\"1208\" height=\"720\" title=\"\" srcset=\"https:\/\/www.tgrthaber.com\/mavikadin\/wp-content\/uploads\/Yeni-Proje-16-3.jpg 1208w, https:\/\/www.tgrthaber.com\/mavikadin\/wp-content\/uploads\/Yeni-Proje-16-3-300x179.jpg 300w, https:\/\/www.tgrthaber.com\/mavikadin\/wp-content\/uploads\/Yeni-Proje-16-3-1024x610.jpg 1024w, https:\/\/www.tgrthaber.com\/mavikadin\/wp-content\/uploads\/Yeni-Proje-16-3-768x458.jpg 768w\" sizes=\"(max-width: 1208px) 100vw, 1208px\" \/><\/p>\n<hr \/>\n<p><strong>Avni Yal\u00e7\u0131n (Haluk)<\/strong><\/p>\n<p>Avni Yal\u00e7\u0131n, 1 Ocak 1947 do\u011fumlu sinema ve dizi oyuncusudur. Hababam S\u0131n\u0131f\u0131 Tatilde filminde geni\u015f bir izleyici kitlesine ula\u015fm\u0131\u015ft\u0131r. \u015eahsiyet ve \u00d6lene Kadar gibi projelerde de yer ald\u0131.<\/p>\n<p><strong>\u015e\u00fckran Oval\u0131 (\u00d6zlem)<\/strong><\/p>\n<p>\u015e\u00fckran Oval\u0131, 1 Nisan 1985 do\u011fumlu T\u00fcrk oyuncu, Bir Aile Hikayesi ve Hayat\u0131m\u0131n A\u015fk\u0131 gibi dizilerdeki rolleriyle dikkat \u00e7ekti.<\/p>\n<p><img loading=\"lazy\" decoding=\"async\" class=\"alignnone size-full wp-image-115518\" src=\"https:\/\/www.tgrthaber.com\/mavikadin\/wp-content\/uploads\/Yeni-Proje-17-2.jpg\" alt=\"\" width=\"1208\" height=\"720\" title=\"\" srcset=\"https:\/\/www.tgrthaber.com\/mavikadin\/wp-content\/uploads\/Yeni-Proje-17-2.jpg 1208w, https:\/\/www.tgrthaber.com\/mavikadin\/wp-content\/uploads\/Yeni-Proje-17-2-300x179.jpg 300w, https:\/\/www.tgrthaber.com\/mavikadin\/wp-content\/uploads\/Yeni-Proje-17-2-1024x610.jpg 1024w, https:\/\/www.tgrthaber.com\/mavikadin\/wp-content\/uploads\/Yeni-Proje-17-2-768x458.jpg 768w\" sizes=\"(max-width: 1208px) 100vw, 1208px\" \/><\/p>\n<hr \/>\n<h3>YEN\u0130 B\u0130R G\u00dcN D\u0130Z\u0130S\u0130 KONUSU<\/h3>\n<p>ATV ekranlar\u0131nda yay\u0131nlanmaya haz\u0131rlanan Yeni Bir G\u00fcn dizisi, izleyicileri etkileyici bir hikayeyle bulu\u015fturacak. Yeni Bir G\u00fcn dizisi ba\u015frol\u00fcnde Nehir karakterine hayat veren Ezgi Mola bulunuyor. Avukatl\u0131k mesle\u011fine sahip olan Nehir, \u00fc\u00e7\u00fcnc\u00fc kez anne olduktan sonra kariyerine ara vermek zorunda kal\u0131r. Dizinin ana temas\u0131, Nehir&#8217;in annelik ve kariyer hayat\u0131ndaki zorluklar\u0131 dengelerken, e\u015fi Serdar (Salih Bademci) ile ya\u015fad\u0131\u011f\u0131 b\u00fcy\u00fck bir olay sonras\u0131 hayat\u0131n\u0131n nas\u0131l alt\u00fcst oldu\u011funu ke\u015ffetmesiyle \u015fekilleniyor.<\/p>\n","protected":false},"excerpt":{"rendered":"<p>Ezgi Mola ve Salih Bademci&#8217;nin ba\u015frollerini payla\u015ft\u0131\u011f\u0131 Yeni Bir G\u00fcn dizisi, Nehir\u2019in kariyer ve aile hayat\u0131 aras\u0131ndaki dengeyi bulmaya \u00e7al\u0131\u015f\u0131rken ya\u015fad\u0131\u011f\u0131 zorluklar\u0131 anlat\u0131yor. ATV ekranlar\u0131nda izleyicilerle bulu\u015fmaya haz\u0131rlanan dizisi Yeni Bir G\u00fcn oyuncu kadrosunda kimler var?<\/p>\n","protected":false},"author":4,"featured_media":115511,"comment_status":"closed","ping_status":"closed","sticky":false,"template":"","format":"standard","meta":{"rank_math_lock_modified_date":false,"footnotes":""},"categories":[602],"tags":[6575,3184,5485],"class_list":["post-115507","post","type-post","status-publish","format-standard","has-post-thumbnail","hentry","category-diziler","tag-oyuncu-kadrosu","tag-yeni-bir-gun","tag-yeni-bir-gun-dizisi"],"_links":{"self":[{"href":"https:\/\/www.tgrthaber.com\/mavikadin\/wp-json\/wp\/v2\/posts\/115507"}],"collection":[{"href":"https:\/\/www.tgrthaber.com\/mavikadin\/wp-json\/wp\/v2\/posts"}],"about":[{"href":"https:\/\/www.tgrthaber.com\/mavikadin\/wp-json\/wp\/v2\/types\/post"}],"author":[{"embeddable":true,"href":"https:\/\/www.tgrthaber.com\/mavikadin\/wp-json\/wp\/v2\/users\/4"}],"replies":[{"embeddable":true,"href":"https:\/\/www.tgrthaber.com\/mavikadin\/wp-json\/wp\/v2\/comments?post=115507"}],"version-history":[{"count":4,"href":"https:\/\/www.tgrthaber.com\/mavikadin\/wp-json\/wp\/v2\/posts\/115507\/revisions"}],"predecessor-version":[{"id":115519,"href":"https:\/\/www.tgrthaber.com\/mavikadin\/wp-json\/wp\/v2\/posts\/115507\/revisions\/115519"}],"wp:featuredmedia":[{"embeddable":true,"href":"https:\/\/www.tgrthaber.com\/mavikadin\/wp-json\/wp\/v2\/media\/115511"}],"wp:attachment":[{"href":"https:\/\/www.tgrthaber.com\/mavikadin\/wp-json\/wp\/v2\/media?parent=115507"}],"wp:term":[{"taxonomy":"category","embeddable":true,"href":"https:\/\/www.tgrthaber.com\/mavikadin\/wp-json\/wp\/v2\/categories?post=115507"},{"taxonomy":"post_tag","embeddable":true,"href":"https:\/\/www.tgrthaber.com\/mavikadin\/wp-json\/wp\/v2\/tags?post=115507"}],"curies":[{"name":"wp","href":"https:\/\/api.w.org\/{rel}","templated":true}]}}