{"id":115514,"date":"2025-01-01T22:21:25","date_gmt":"2025-01-01T19:21:25","guid":{"rendered":"https:\/\/www.tgrthaber.com\/mavikadin\/?p=115514"},"modified":"2025-01-01T22:23:28","modified_gmt":"2025-01-01T19:23:28","slug":"survivor-2025-ruzgari-esmeye-basladi-adem-kilicci-yarismaya-devam-edecek-mi","status":"publish","type":"post","link":"https:\/\/www.tgrthaber.com\/mavikadin\/survivor-2025-ruzgari-esmeye-basladi-adem-kilicci-yarismaya-devam-edecek-mi\/","title":{"rendered":"Survivor 2025 r\u00fczgar\u0131 esmeye ba\u015flad\u0131! Adem K\u0131l\u0131\u00e7\u00e7\u0131 yar\u0131\u015fmaya devam edecek mi?"},"content":{"rendered":"<p>Herkesin merakla bekledi\u011fi Survivor 2025 yar\u0131\u015fmas\u0131 bu ak\u015fam itibariyle TV8 ekranlar\u0131nda izleyici ile bulu\u015fmaya ba\u015flad\u0131. TV8 ekranlar\u0131n\u0131n ilgiyle takip edilen yar\u0131\u015fmas\u0131 Survivor 2025, yepyeni yar\u0131\u015fmac\u0131 kadrosuyla ekranlar\u0131n tozunu almaya geliyor. \u0130lk b\u00f6l\u00fcm\u00fcyle seyirciyi ekranlara kilitleyen Survivor 2025 yar\u0131\u015fmas\u0131 t\u00fcm h\u0131z\u0131yla devam ediyor. TV8 ekranlar\u0131nda Survivor 2025 r\u00fczgar\u0131 esmeye ba\u015flad\u0131. Birbirinden ba\u015far\u0131l\u0131 isimlerin yer ald\u0131\u011f\u0131 yar\u0131\u015fmada Adem K\u0131l\u0131\u00e7\u00e7\u0131\u2019n\u0131n sakatl\u0131\u011f\u0131 seyirciyi \u00fczd\u00fc. Peki, Adem K\u0131l\u0131\u00e7\u00e7\u0131 yar\u0131\u015fmaya devam edecek mi? Adem K\u0131l\u0131\u00e7\u00e7\u0131 yar\u0131\u015fmaya veda m\u0131 edecek? \u0130\u015fte ayr\u0131nt\u0131lar\u2026<\/p>\n<hr \/>\n<h3>SURV\u0130VOR 2025 R\u00dcZGARI ESMEYE BA\u015eLADI!<\/h3>\n<p>Seyircinin merakla bekledi\u011fi Survivor 2025 yar\u0131\u015fmas\u0131 bu ak\u015fam itibariyle TV8 ekranlar\u0131nda yay\u0131mlanmaya ba\u015flad\u0131. TV8 ekranlar\u0131n\u0131n sevilen yar\u0131\u015fmas\u0131 Survivor 2025, birbirinden ba\u015far\u0131l\u0131 yar\u0131\u015fmac\u0131 kadrosuyla ve yepyeni isimlerle izleyiciyi ekran ba\u015f\u0131na kilitlemeye haz\u0131rlan\u0131yor. Her sezon farkl\u0131 bir heyecanla seyircinin ilgisini \u00e7eken ve ekranlar\u0131n tozunu atan Survivor yar\u0131\u015fmas\u0131, bu sezona da bomba gibi ba\u015flad\u0131.<\/p>\n<p><img loading=\"lazy\" decoding=\"async\" class=\"alignnone wp-image-115520\" src=\"https:\/\/www.tgrthaber.com\/mavikadin\/wp-content\/uploads\/Adsiz-tasarim-40-13-1-1024x576.jpg\" alt=\"a circular metal sign with text on it\" width=\"1208\" height=\"680\" title=\"\" srcset=\"https:\/\/www.tgrthaber.com\/mavikadin\/wp-content\/uploads\/Adsiz-tasarim-40-13-1-1024x576.jpg 1024w, https:\/\/www.tgrthaber.com\/mavikadin\/wp-content\/uploads\/Adsiz-tasarim-40-13-1-300x169.jpg 300w, https:\/\/www.tgrthaber.com\/mavikadin\/wp-content\/uploads\/Adsiz-tasarim-40-13-1-768x432.jpg 768w, https:\/\/www.tgrthaber.com\/mavikadin\/wp-content\/uploads\/Adsiz-tasarim-40-13-1-1536x864.jpg 1536w, https:\/\/www.tgrthaber.com\/mavikadin\/wp-content\/uploads\/Adsiz-tasarim-40-13-1.jpg 1600w\" sizes=\"(max-width: 1208px) 100vw, 1208px\" \/><\/p>\n<hr \/>\n<p>TV8 ekranlar\u0131nda Survivor 2025 r\u00fczgar\u0131 esmeye ba\u015flad\u0131. Murat Ceylan\u2019\u0131n sunuculu\u011funu yapt\u0131\u011f\u0131, TV8 ekranlar\u0131n\u0131n her sene yo\u011fun ilgi g\u00f6ren ve izleyiciyi ekrana kilitleyen yar\u0131\u015fmas\u0131 Survivor bu y\u0131l da t\u00fcm h\u0131z\u0131yla ba\u015flad\u0131. Survivor 2025 kadrosunun birbirinden ba\u015far\u0131l\u0131 yar\u0131\u015fmac\u0131lar\u0131 da sosyal medyaya damga vurmay\u0131 ba\u015fard\u0131. Daha \u00f6nceki y\u0131llarda yar\u0131\u015fmaya damga vuran isimler ve mavi tak\u0131mdan olu\u015fan yepyeni isimler Survivor 2025 kadrosuna dahil oldu.<\/p>\n<p><img loading=\"lazy\" decoding=\"async\" class=\"alignnone wp-image-115525\" src=\"https:\/\/www.tgrthaber.com\/mavikadin\/wp-content\/uploads\/Adsiz-tasarim-21-14-1024x576.jpg\" alt=\"Survivor 2025 r\u00fczgar\u0131 esmeye ba\u015flad\u0131! Adem K\u0131l\u0131\u00e7\u00e7\u0131 yar\u0131\u015fmaya devam edecek mi? \" width=\"1208\" height=\"680\" title=\"\" srcset=\"https:\/\/www.tgrthaber.com\/mavikadin\/wp-content\/uploads\/Adsiz-tasarim-21-14-1024x576.jpg 1024w, https:\/\/www.tgrthaber.com\/mavikadin\/wp-content\/uploads\/Adsiz-tasarim-21-14-300x169.jpg 300w, https:\/\/www.tgrthaber.com\/mavikadin\/wp-content\/uploads\/Adsiz-tasarim-21-14-768x432.jpg 768w, https:\/\/www.tgrthaber.com\/mavikadin\/wp-content\/uploads\/Adsiz-tasarim-21-14-1536x864.jpg 1536w, https:\/\/www.tgrthaber.com\/mavikadin\/wp-content\/uploads\/Adsiz-tasarim-21-14.jpg 1600w\" sizes=\"(max-width: 1208px) 100vw, 1208px\" \/><\/p>\n<hr \/>\n<p>Survivor 2025 yar\u0131\u015fmas\u0131 ilk b\u00f6l\u00fcm\u00fcyle seyircilerin be\u011fenisini toplad\u0131. Birbirinden ba\u015far\u0131l\u0131 isimlerin yer ald\u0131\u011f\u0131 yar\u0131\u015fma sosyal medyada k\u0131sa s\u00fcrede g\u00fcndem oldu. Sosyal medya kullan\u0131c\u0131lar\u0131 be\u011fendikleri ve destekledikleri yar\u0131\u015fmac\u0131lar\u0131 sosyal medya hesaplar\u0131ndan \u015fimdiden desteklemeye ba\u015flad\u0131.<\/p>\n<p><img loading=\"lazy\" decoding=\"async\" class=\"alignnone wp-image-115526\" src=\"https:\/\/www.tgrthaber.com\/mavikadin\/wp-content\/uploads\/Adsiz-tasarim-39-8-1536x864-1-1024x576.jpg\" alt=\"Survivor 2025 r\u00fczgar\u0131 esmeye ba\u015flad\u0131! Adem K\u0131l\u0131\u00e7\u00e7\u0131 yar\u0131\u015fmaya devam edecek mi? \" width=\"1208\" height=\"680\" title=\"\" srcset=\"https:\/\/www.tgrthaber.com\/mavikadin\/wp-content\/uploads\/Adsiz-tasarim-39-8-1536x864-1-1024x576.jpg 1024w, https:\/\/www.tgrthaber.com\/mavikadin\/wp-content\/uploads\/Adsiz-tasarim-39-8-1536x864-1-300x169.jpg 300w, https:\/\/www.tgrthaber.com\/mavikadin\/wp-content\/uploads\/Adsiz-tasarim-39-8-1536x864-1-768x432.jpg 768w, https:\/\/www.tgrthaber.com\/mavikadin\/wp-content\/uploads\/Adsiz-tasarim-39-8-1536x864-1.jpg 1536w\" sizes=\"(max-width: 1208px) 100vw, 1208px\" \/><\/p>\n<hr \/>\n<h3>SURV\u0130VOR 2025 KIRMIZI TAKIM KADROSU<\/h3>\n<p>Survivor 2025 yar\u0131\u015fmas\u0131n\u0131n k\u0131rm\u0131z\u0131 tak\u0131m\u0131nda yer alan isimler, daha \u00f6nce yar\u0131\u015fmaya kat\u0131lan birbirinden ba\u015far\u0131l\u0131 yar\u0131\u015fmac\u0131lardan olu\u015fuyor. Daha \u00f6nceki y\u0131llarda yar\u0131\u015fmaya damga vuran isimler, k\u0131rm\u0131z\u0131 tak\u0131mda doyas\u0131ya yar\u0131\u015fmaya haz\u0131rlan\u0131yor. \u0130\u015fte Survivor 2025 K\u0131rm\u0131z\u0131 Tak\u0131m kadrosunda yer alan isimler\u2026<\/p>\n<p>\u0130smail Balaban<\/p>\n<p>Bar\u0131\u015f Murat Ya\u011fc\u0131<\/p>\n<p>Serenay Akta\u015f<\/p>\n<p>Sema Aydemir<\/p>\n<p>Zeynep Alkan<\/p>\n<p>Batuhan Karacakaya<\/p>\n<p>Ya\u011fmur Banda<\/p>\n<p>Ay\u015fe Y\u00fcksel<\/p>\n<p>Adem K\u0131l\u0131\u00e7\u00e7\u0131<\/p>\n<p><img loading=\"lazy\" decoding=\"async\" class=\"alignnone wp-image-115523\" src=\"https:\/\/www.tgrthaber.com\/mavikadin\/wp-content\/uploads\/Adsiz-tasarim-22-15-1024x576.jpg\" alt=\"Survivor 2025 r\u00fczgar\u0131 esmeye ba\u015flad\u0131! Adem K\u0131l\u0131\u00e7\u00e7\u0131 yar\u0131\u015fmaya devam edecek mi? \" width=\"1208\" height=\"680\" title=\"\" srcset=\"https:\/\/www.tgrthaber.com\/mavikadin\/wp-content\/uploads\/Adsiz-tasarim-22-15-1024x576.jpg 1024w, https:\/\/www.tgrthaber.com\/mavikadin\/wp-content\/uploads\/Adsiz-tasarim-22-15-300x169.jpg 300w, https:\/\/www.tgrthaber.com\/mavikadin\/wp-content\/uploads\/Adsiz-tasarim-22-15-768x432.jpg 768w, https:\/\/www.tgrthaber.com\/mavikadin\/wp-content\/uploads\/Adsiz-tasarim-22-15-1536x864.jpg 1536w, https:\/\/www.tgrthaber.com\/mavikadin\/wp-content\/uploads\/Adsiz-tasarim-22-15.jpg 1600w\" sizes=\"(max-width: 1208px) 100vw, 1208px\" \/><\/p>\n<hr \/>\n<h3>SURV\u0130VOR 2025 MAV\u0130 TAKIM KADROSU<\/h3>\n<p>Survivor 2025 yar\u0131\u015fmas\u0131n\u0131n mavi tak\u0131m\u0131nda yer alan isimler, yepyeni yar\u0131\u015fmac\u0131lardan olu\u015fuyor. K\u0131rm\u0131z\u0131 Tak\u0131mdaki All Star kadrosuna kar\u015f\u0131 yar\u0131\u015facak isimlerin performanslar\u0131 \u015fimdiden merak ediliyor. \u00c7ok iddial\u0131 konu\u015fmalar yapan Mavi Tak\u0131m yar\u0131\u015fmac\u0131lar\u0131n\u0131n sergileyece\u011fi performans izleyiciler taraf\u0131ndan merakla bekleniyor. \u0130\u015fte Survivor 2025 Mavi Tak\u0131m kadrosunda yer alan isimler\u2026<\/p>\n<p>Kaan Kazgan<\/p>\n<p>G\u00f6ksu K\u00fc\u00e7\u00fckali<\/p>\n<p>K\u00fcbra Avc\u0131<\/p>\n<p>Tu\u011fba Yeni<\/p>\n<p>Dil\u015fah Kurt<\/p>\n<p>Batuhan G\u00f6kg\u00f6z<\/p>\n<p>Mevl\u00fct Ko\u00e7ak<\/p>\n<p>Adilhan Numan<\/p>\n<h3>ADEM KILI\u00c7\u00c7I YARI\u015eMAYA DEVAM EDECEK M\u0130?<\/h3>\n<p>Survivor 2025 yar\u0131\u015fmas\u0131 t\u00fcm heyecan\u0131yla bu ak\u015famdan itibaren TV8 ekranlar\u0131nda yay\u0131mlanmaya ba\u015flad\u0131. TV8 ekranlar\u0131n\u0131n ilgiyle takip edilen yar\u0131\u015fmas\u0131nda birbirinden ba\u015far\u0131l\u0131 isimler yar\u0131\u015fmaya ba\u015flad\u0131. K\u0131rm\u0131z\u0131 Tak\u0131m\u2019da yer alan ba\u015far\u0131l\u0131 yar\u0131\u015fmac\u0131 Adem K\u0131l\u0131\u00e7\u00e7\u0131\u2019n\u0131n sakatland\u0131\u011f\u0131 \u00f6\u011frenildi.<\/p>\n<p><img loading=\"lazy\" decoding=\"async\" class=\"alignnone wp-image-115529\" src=\"https:\/\/www.tgrthaber.com\/mavikadin\/wp-content\/uploads\/Adsiz-tasarim-20-18-1024x576.jpg\" alt=\"Survivor 2025 r\u00fczgar\u0131 esmeye ba\u015flad\u0131! Adem K\u0131l\u0131\u00e7\u00e7\u0131 yar\u0131\u015fmaya devam edecek mi? \" width=\"1208\" height=\"680\" title=\"\" srcset=\"https:\/\/www.tgrthaber.com\/mavikadin\/wp-content\/uploads\/Adsiz-tasarim-20-18-1024x576.jpg 1024w, https:\/\/www.tgrthaber.com\/mavikadin\/wp-content\/uploads\/Adsiz-tasarim-20-18-300x169.jpg 300w, https:\/\/www.tgrthaber.com\/mavikadin\/wp-content\/uploads\/Adsiz-tasarim-20-18-768x432.jpg 768w, https:\/\/www.tgrthaber.com\/mavikadin\/wp-content\/uploads\/Adsiz-tasarim-20-18-1536x864.jpg 1536w, https:\/\/www.tgrthaber.com\/mavikadin\/wp-content\/uploads\/Adsiz-tasarim-20-18.jpg 1600w\" sizes=\"(max-width: 1208px) 100vw, 1208px\" \/><\/p>\n<hr \/>\n<p>Yar\u0131\u015fman\u0131n sunucusu Murat Ceylan, Adem K\u0131l\u0131\u00e7\u00e7\u0131\u2019n\u0131n yar\u0131\u015fmadan \u00f6nce talihsiz bir kaza ge\u00e7irdi\u011fini ve bu sakatl\u0131k sonucunda birka\u00e7 oyun oynayamayaca\u011f\u0131n\u0131 dile getirdi. Adem K\u0131l\u0131\u00e7\u00e7\u0131 ise sakatl\u0131\u011f\u0131 hakk\u0131nda: \u201cBile\u011fimde bir y\u0131rt\u0131k ve kemik \u00f6demi var. Talihsiz \u00e7ok sa\u00e7ma bir \u015fekilde sakatland\u0131k. Burada Erman hocam\u0131z\u0131n deste\u011fiyle in\u015fallah 10 g\u00fcn i\u00e7inde z\u0131mba gibi oluruz. Yar\u0131\u015fmalara da ba\u015flar\u0131z.\u201d ifadelerini kulland\u0131. Adem K\u0131l\u0131\u00e7\u00e7\u0131\u2019n\u0131n sakatl\u0131\u011f\u0131n\u0131n \u00fczerine seyirciler K\u0131l\u0131\u00e7\u00e7\u0131\u2019n\u0131n yar\u0131\u015fmaya devam edip etmeyece\u011fini merak etti. Adem K\u0131l\u0131\u00e7\u00e7\u0131\u2019n\u0131n yar\u0131\u015fmaya devam edip etmeyece\u011fi ise ilerleyen g\u00fcnlerde belli olacak.<\/p>\n<div style=\"width: 640px;\" class=\"wp-video\"><!--[if lt IE 9]><script>document.createElement('video');<\/script><![endif]-->\n<video class=\"wp-video-shortcode\" id=\"video-115514-1\" width=\"640\" height=\"360\" preload=\"metadata\" controls=\"controls\"><source type=\"video\/mp4\" src=\"https:\/\/www.tgrthaber.com\/mavikadin\/wp-content\/uploads\/Adsiz-580-x-485-piksel-1600-x-900-piksel-9.mp4?_=1\" \/><a href=\"https:\/\/www.tgrthaber.com\/mavikadin\/wp-content\/uploads\/Adsiz-580-x-485-piksel-1600-x-900-piksel-9.mp4\">https:\/\/www.tgrthaber.com\/mavikadin\/wp-content\/uploads\/Adsiz-580-x-485-piksel-1600-x-900-piksel-9.mp4<\/a><\/video><\/div>\n<hr \/>\n<p>&nbsp;<\/p>\n","protected":false},"excerpt":{"rendered":"<p>Survivor 2025 TV8 ekranlar\u0131nda bu ak\u015fam itibariyle yay\u0131mlanmaya ba\u015flad\u0131. Herkesin merakla bekledi\u011fi yar\u0131\u015fma yepyeni oyuncu kadrosuyla TV8 ekranlar\u0131nda izleyici ile bulu\u015fuyor. Birbirinden ba\u015far\u0131l\u0131 isimlerin yer ald\u0131\u011f\u0131 yar\u0131\u015fmada Adem K\u0131l\u0131\u00e7\u00e7\u0131\u2019n\u0131n sakatl\u0131\u011f\u0131 herkesi \u00fczd\u00fc. Peki, Adem K\u0131l\u0131\u00e7\u00e7\u0131 yar\u0131\u015fmaya devam edecek mi? \u0130\u015fte ayr\u0131nt\u0131lar\u2026 <\/p>\n","protected":false},"author":26,"featured_media":115531,"comment_status":"closed","ping_status":"closed","sticky":false,"template":"","format":"standard","meta":{"rank_math_lock_modified_date":false,"footnotes":""},"categories":[101],"tags":[2728,4950,2448,3248],"class_list":["post-115514","post","type-post","status-publish","format-standard","has-post-thumbnail","hentry","category-kesfet","tag-survivor-2025","tag-survivor-2025-all-star","tag-survivor-2025-kadrosu","tag-survivor-2025-yarismacilari"],"_links":{"self":[{"href":"https:\/\/www.tgrthaber.com\/mavikadin\/wp-json\/wp\/v2\/posts\/115514"}],"collection":[{"href":"https:\/\/www.tgrthaber.com\/mavikadin\/wp-json\/wp\/v2\/posts"}],"about":[{"href":"https:\/\/www.tgrthaber.com\/mavikadin\/wp-json\/wp\/v2\/types\/post"}],"author":[{"embeddable":true,"href":"https:\/\/www.tgrthaber.com\/mavikadin\/wp-json\/wp\/v2\/users\/26"}],"replies":[{"embeddable":true,"href":"https:\/\/www.tgrthaber.com\/mavikadin\/wp-json\/wp\/v2\/comments?post=115514"}],"version-history":[{"count":1,"href":"https:\/\/www.tgrthaber.com\/mavikadin\/wp-json\/wp\/v2\/posts\/115514\/revisions"}],"predecessor-version":[{"id":115532,"href":"https:\/\/www.tgrthaber.com\/mavikadin\/wp-json\/wp\/v2\/posts\/115514\/revisions\/115532"}],"wp:featuredmedia":[{"embeddable":true,"href":"https:\/\/www.tgrthaber.com\/mavikadin\/wp-json\/wp\/v2\/media\/115531"}],"wp:attachment":[{"href":"https:\/\/www.tgrthaber.com\/mavikadin\/wp-json\/wp\/v2\/media?parent=115514"}],"wp:term":[{"taxonomy":"category","embeddable":true,"href":"https:\/\/www.tgrthaber.com\/mavikadin\/wp-json\/wp\/v2\/categories?post=115514"},{"taxonomy":"post_tag","embeddable":true,"href":"https:\/\/www.tgrthaber.com\/mavikadin\/wp-json\/wp\/v2\/tags?post=115514"}],"curies":[{"name":"wp","href":"https:\/\/api.w.org\/{rel}","templated":true}]}}