{"id":115566,"date":"2025-01-02T00:45:22","date_gmt":"2025-01-01T21:45:22","guid":{"rendered":"https:\/\/www.tgrthaber.com\/mavikadin\/?p=115566"},"modified":"2025-01-02T00:49:22","modified_gmt":"2025-01-01T21:49:22","slug":"unlu-oyuncu-hande-ercelde-uzum-yeme-akimina-katildi-masa-altinda-12-tane-uzum-yedi","status":"publish","type":"post","link":"https:\/\/www.tgrthaber.com\/mavikadin\/unlu-oyuncu-hande-ercelde-uzum-yeme-akimina-katildi-masa-altinda-12-tane-uzum-yedi\/","title":{"rendered":"\u00dcnl\u00fc oyuncu Hande Er\u00e7el\u2019de \u00fcz\u00fcm yeme ak\u0131m\u0131na kat\u0131ld\u0131! Masa alt\u0131nda 12 tane \u00fcz\u00fcm yedi"},"content":{"rendered":"<p>Sosyal medyada son zamanlarda s\u0131k\u00e7a g\u00fcndem olan \u00fcz\u00fcm yeme ak\u0131m\u0131 \u00fcnl\u00fclere de bula\u015ft\u0131. \u00dcnl\u00fc oyuncu Hande Er\u00e7el\u2019de \u00fcz\u00fcm yeme ak\u0131m\u0131na dahil oldu. Er\u00e7el, masan\u0131n alt\u0131nda 12 \u00fcz\u00fcm yedi\u011fi anlar\u0131 sosyal medya hesab\u0131ndan payla\u015ft\u0131. Er\u00e7el\u2019in payla\u015f\u0131m\u0131 k\u0131sa s\u00fcrede y\u00fcz binlerce be\u011feni ald\u0131. \u0130\u015fte Hande Er\u00e7el\u2019in masan\u0131n alt\u0131nda \u00fcz\u00fcm yedi\u011fi anlar\u2026<\/p>\n<h3>\u00a0\u00dcNL\u00dc OYUNCU HANDE ER\u00c7EL\u2019DE \u00dcZ\u00dcM YEME AKIMINA KATILDI!<\/h3>\n<p>Son g\u00fcnlerde sosyal medya kullan\u0131c\u0131lar\u0131 taraf\u0131ndan g\u00fcndeme gelen \u201c12 \u00fcz\u00fcm ak\u0131m\u0131\u201d herkesin odak noktas\u0131ndayd\u0131. Y\u0131lba\u015f\u0131 gecesi saatler 00.00\u2019\u0131 g\u00f6stermeden hemen \u00f6nce masan\u0131n alt\u0131na 12 \u00fcz\u00fcm yeme ak\u0131m\u0131 yap\u0131lmas\u0131 ki\u015filerin dileklerinin kabul olaca\u011f\u0131 anlam\u0131n\u0131 ta\u015f\u0131yor. Bu pop\u00fcler ak\u0131ma kat\u0131lanlar aras\u0131nda Hande Er\u00e7el\u2019de yer ald\u0131.<\/p>\n<p><img loading=\"lazy\" decoding=\"async\" class=\"alignnone wp-image-115567\" src=\"https:\/\/www.tgrthaber.com\/mavikadin\/wp-content\/uploads\/Adsiz-tasarim-31-13-1024x576.jpg\" alt=\"\u00dcnl\u00fc oyuncu Hande Er\u00e7el\u2019de \u00fcz\u00fcm yeme ak\u0131m\u0131na kat\u0131ld\u0131! \" width=\"1208\" height=\"680\" title=\"\" srcset=\"https:\/\/www.tgrthaber.com\/mavikadin\/wp-content\/uploads\/Adsiz-tasarim-31-13-1024x576.jpg 1024w, https:\/\/www.tgrthaber.com\/mavikadin\/wp-content\/uploads\/Adsiz-tasarim-31-13-300x169.jpg 300w, https:\/\/www.tgrthaber.com\/mavikadin\/wp-content\/uploads\/Adsiz-tasarim-31-13-768x432.jpg 768w, https:\/\/www.tgrthaber.com\/mavikadin\/wp-content\/uploads\/Adsiz-tasarim-31-13-1536x864.jpg 1536w, https:\/\/www.tgrthaber.com\/mavikadin\/wp-content\/uploads\/Adsiz-tasarim-31-13.jpg 1600w\" sizes=\"(max-width: 1208px) 100vw, 1208px\" \/><\/p>\n<hr \/>\n<p>Bir\u00e7ok sosyal medya kullan\u0131c\u0131s\u0131n\u0131n dahil oldu\u011fu 12 \u00fcz\u00fcm yeme ak\u0131m\u0131, \u00fcnl\u00fc isimlerinde ilgi oda\u011f\u0131ndayd\u0131. Te\u015fkilat dizisinin ba\u015far\u0131l\u0131 oyuncusu Ayb\u00fcke Pusat\u2019ta sosyal medya hesab\u0131ndan yapt\u0131\u011f\u0131 komik payla\u015f\u0131mla, masan\u0131n alt\u0131nda 12 \u00fcz\u00fcm yeme ak\u0131m\u0131na dahil oldu\u011funu dile getirdi. \u201c12 \u00fcz\u00fcm yeme ak\u0131m\u0131na\u201d dahil olan oyuncular aras\u0131nda Hande Er\u00e7el\u2019de yer ald\u0131. Er\u00e7el, sosyal medya hesab\u0131ndan yapt\u0131\u011f\u0131 payla\u015f\u0131mla 12 \u00fcz\u00fcm yeme ak\u0131m\u0131na dahil oldu\u011funu takip\u00e7ileriyle payla\u015ft\u0131.<\/p>\n<p><img loading=\"lazy\" decoding=\"async\" class=\"alignnone wp-image-115570\" src=\"https:\/\/www.tgrthaber.com\/mavikadin\/wp-content\/uploads\/Adsiz-tasarim-32-14-1024x576.jpg\" alt=\"\u00dcnl\u00fc oyuncu Hande Er\u00e7el\u2019de \u00fcz\u00fcm yeme ak\u0131m\u0131na kat\u0131ld\u0131! \" width=\"1208\" height=\"680\" title=\"\" srcset=\"https:\/\/www.tgrthaber.com\/mavikadin\/wp-content\/uploads\/Adsiz-tasarim-32-14-1024x576.jpg 1024w, https:\/\/www.tgrthaber.com\/mavikadin\/wp-content\/uploads\/Adsiz-tasarim-32-14-300x169.jpg 300w, https:\/\/www.tgrthaber.com\/mavikadin\/wp-content\/uploads\/Adsiz-tasarim-32-14-768x432.jpg 768w, https:\/\/www.tgrthaber.com\/mavikadin\/wp-content\/uploads\/Adsiz-tasarim-32-14-1536x864.jpg 1536w, https:\/\/www.tgrthaber.com\/mavikadin\/wp-content\/uploads\/Adsiz-tasarim-32-14.jpg 1600w\" sizes=\"(max-width: 1208px) 100vw, 1208px\" \/><\/p>\n<hr \/>\n<h3>HANDE ER\u00c7EL MASANIN ALTINDA 12 \u00dcZ\u00dcM YED\u0130!<\/h3>\n<p>Y\u0131lba\u015f\u0131n\u0131 evde sevgilisi Hakan Sabanc\u0131 ve arkada\u015flar\u0131yla ge\u00e7iren Hande Er\u00e7el, son zamanlarda sosyal medyada g\u00fcndem olan \u00fcz\u00fcm yeme ak\u0131m\u0131na dahil oldu. Y\u0131lba\u015f\u0131na masan\u0131n alt\u0131nda \u00fcz\u00fcm yiyerek giren \u00fcnl\u00fc oyuncu Er\u00e7el, e\u011flenceli anlar\u0131n\u0131 sosyal medya hesab\u0131ndan payla\u015ft\u0131.<\/p>\n<p><img loading=\"lazy\" decoding=\"async\" class=\"alignnone wp-image-115568\" src=\"https:\/\/www.tgrthaber.com\/mavikadin\/wp-content\/uploads\/Adsiz-tasarim-30-13-1024x576.jpg\" alt=\"\u00dcnl\u00fc oyuncu Hande Er\u00e7el\u2019de \u00fcz\u00fcm yeme ak\u0131m\u0131na kat\u0131ld\u0131! \" width=\"1208\" height=\"680\" title=\"\" srcset=\"https:\/\/www.tgrthaber.com\/mavikadin\/wp-content\/uploads\/Adsiz-tasarim-30-13-1024x576.jpg 1024w, https:\/\/www.tgrthaber.com\/mavikadin\/wp-content\/uploads\/Adsiz-tasarim-30-13-300x169.jpg 300w, https:\/\/www.tgrthaber.com\/mavikadin\/wp-content\/uploads\/Adsiz-tasarim-30-13-768x432.jpg 768w, https:\/\/www.tgrthaber.com\/mavikadin\/wp-content\/uploads\/Adsiz-tasarim-30-13-1536x864.jpg 1536w, https:\/\/www.tgrthaber.com\/mavikadin\/wp-content\/uploads\/Adsiz-tasarim-30-13.jpg 1600w\" sizes=\"(max-width: 1208px) 100vw, 1208px\" \/><\/p>\n<hr \/>\n<p>Sosyal medyada son zamanlarda s\u0131k\u00e7a g\u00fcndem olan ve bir\u00e7ok kullan\u0131c\u0131n\u0131n ger\u00e7ekle\u015ftirdi\u011fi \u00fcz\u00fcm yeme ak\u0131m\u0131 \u00fcnl\u00fc isimlere de bula\u015ft\u0131. Bu \u00fcnl\u00fc isimler aras\u0131nda Hande Er\u00e7el\u2019de vard\u0131. Er\u00e7el\u2019in masa alt\u0131nda \u00fcz\u00fcm yedi\u011fi anlar sosyal medyada k\u0131sa s\u00fcrede yo\u011fun ilgi g\u00f6rd\u00fc. Bir\u00e7ok sosyal medya kullan\u0131c\u0131s\u0131 Er\u00e7el\u2019in \u00fcz\u00fcm yemesine gerek olmad\u0131\u011f\u0131n\u0131 dile getirirken, bir\u00e7ok sosyal medya kullan\u0131c\u0131s\u0131 ise Er\u00e7el\u2019in ak\u0131ma kat\u0131lmas\u0131n\u0131 destekledi.<\/p>\n<p>Hande Er\u00e7el \u00fcz\u00fcm yedi\u011fi anlar\u0131 sosyal medya hesab\u0131ndan payla\u015farak, videonun alt\u0131na \u201cBol kahkahal\u0131,12 \u00fcz\u00fcml\u00fc bol dilekli yeni y\u0131l\u201d notunu d\u00fc\u015ft\u00fc. \u0130\u015fte Er\u00e7el\u2019in y\u0131lba\u015f\u0131 gecesi masan\u0131n alt\u0131nda 12 \u00fcz\u00fcm yeme ak\u0131m\u0131na kat\u0131ld\u0131\u011f\u0131 anlar\u2026<\/p>\n<div style=\"width: 640px;\" class=\"wp-video\"><!--[if lt IE 9]><script>document.createElement('video');<\/script><![endif]-->\n<video class=\"wp-video-shortcode\" id=\"video-115566-1\" width=\"640\" height=\"640\" preload=\"metadata\" controls=\"controls\"><source type=\"video\/mp4\" src=\"https:\/\/www.tgrthaber.com\/mavikadin\/wp-content\/uploads\/Kahverengi-Sade-Zarif-Kucuk-Isletme-Kuafor-Instagram-Video-1-7.mp4?_=1\" \/><a href=\"https:\/\/www.tgrthaber.com\/mavikadin\/wp-content\/uploads\/Kahverengi-Sade-Zarif-Kucuk-Isletme-Kuafor-Instagram-Video-1-7.mp4\">https:\/\/www.tgrthaber.com\/mavikadin\/wp-content\/uploads\/Kahverengi-Sade-Zarif-Kucuk-Isletme-Kuafor-Instagram-Video-1-7.mp4<\/a><\/video><\/div>\n<hr \/>\n<h3>HANDE ER\u00c7EL 2024\u2019E BU V\u0130DEOYLA VEDA ETM\u0130\u015eT\u0130!<\/h3>\n<p>Hakan Sabanc\u0131 ile ya\u015fad\u0131\u011f\u0131 a\u015fkla s\u0131k s\u0131k g\u00fcndeme gelen Hande Er\u00e7el, 2024 y\u0131l\u0131na yay\u0131nlad\u0131\u011f\u0131 bir video ile veda etmi\u015fti. Son zamanlarda yer ald\u0131\u011f\u0131 film ve dizi projeleriyle ad\u0131ndan s\u00f6z ettiren Er\u00e7el, a\u015fk hayat\u0131yla da s\u0131k s\u0131k g\u00fcndeme geliyor. Hakan Sabanc\u0131 ile ya\u015fad\u0131\u011f\u0131 a\u015fkla g\u00fcndemden d\u00fc\u015fmek bilmeyen Er\u00e7el, i\u00e7inde sevgilisinin de yer ald\u0131\u011f\u0131 2024\u2019e veda videosunu takip\u00e7ileriyle payla\u015ft\u0131. \u0130\u015fte Er\u00e7el\u2019in 2024 y\u0131l\u0131na veda etti\u011fi o video\u2026<\/p>\n<div style=\"width: 640px;\" class=\"wp-video\"><video class=\"wp-video-shortcode\" id=\"video-115566-2\" width=\"640\" height=\"640\" preload=\"metadata\" controls=\"controls\"><source type=\"video\/mp4\" src=\"https:\/\/www.tgrthaber.com\/mavikadin\/wp-content\/uploads\/Kahverengi-Sade-Zarif-Kucuk-Isletme-Kuafor-Instagram-Video-2-4.mp4?_=2\" \/><a href=\"https:\/\/www.tgrthaber.com\/mavikadin\/wp-content\/uploads\/Kahverengi-Sade-Zarif-Kucuk-Isletme-Kuafor-Instagram-Video-2-4.mp4\">https:\/\/www.tgrthaber.com\/mavikadin\/wp-content\/uploads\/Kahverengi-Sade-Zarif-Kucuk-Isletme-Kuafor-Instagram-Video-2-4.mp4<\/a><\/video><\/div>\n<hr \/>\n<p>Hakan Sabanc\u0131 ile \u00e7\u0131kt\u0131klar\u0131 bir\u00e7ok yurt d\u0131\u015f\u0131 tatilinden karelerini sosyal medya hesab\u0131nda payla\u015fan Hande Er\u00e7el, dolu dolu ge\u00e7irdi\u011fi 2024 y\u0131l\u0131 i\u00e7in bir video haz\u0131rlad\u0131. Haz\u0131rlad\u0131\u011f\u0131 videoda e\u011flenceli ve mutlu anlar\u0131n\u0131 payla\u015fan Er\u00e7el, 2024 y\u0131l\u0131n\u0131 bir videoya s\u0131\u011fd\u0131rd\u0131. Er\u00e7el\u2019in payla\u015f\u0131m\u0131 k\u0131sa s\u00fcrede milyonlarca kez izlendi.<\/p>\n","protected":false},"excerpt":{"rendered":"<p>Son g\u00fcnlerde olduk\u00e7a pop\u00fcler olan \u00fcz\u00fcm yeme ak\u0131m\u0131na Hande Er\u00e7el\u2019de dahil oldu. \u00dcnl\u00fc oyuncu, masan\u0131n alt\u0131nda 12 \u00fcz\u00fcm yedi\u011fi anlar\u0131 sosyal medya hesab\u0131ndan payla\u015ft\u0131. \u0130\u015fte Hande Er\u00e7el\u2019in masan\u0131n alt\u0131nda \u00fcz\u00fcm yedi\u011fi anlar\u2026 <\/p>\n","protected":false},"author":26,"featured_media":115572,"comment_status":"closed","ping_status":"closed","sticky":false,"template":"","format":"standard","meta":{"rank_math_lock_modified_date":false,"footnotes":""},"categories":[76],"tags":[6583,2738,2391],"class_list":["post-115566","post","type-post","status-publish","format-standard","has-post-thumbnail","hentry","category-magazin","tag-12-uzum-akimi","tag-hakan-sabanci","tag-hande-ercel"],"_links":{"self":[{"href":"https:\/\/www.tgrthaber.com\/mavikadin\/wp-json\/wp\/v2\/posts\/115566"}],"collection":[{"href":"https:\/\/www.tgrthaber.com\/mavikadin\/wp-json\/wp\/v2\/posts"}],"about":[{"href":"https:\/\/www.tgrthaber.com\/mavikadin\/wp-json\/wp\/v2\/types\/post"}],"author":[{"embeddable":true,"href":"https:\/\/www.tgrthaber.com\/mavikadin\/wp-json\/wp\/v2\/users\/26"}],"replies":[{"embeddable":true,"href":"https:\/\/www.tgrthaber.com\/mavikadin\/wp-json\/wp\/v2\/comments?post=115566"}],"version-history":[{"count":3,"href":"https:\/\/www.tgrthaber.com\/mavikadin\/wp-json\/wp\/v2\/posts\/115566\/revisions"}],"predecessor-version":[{"id":115577,"href":"https:\/\/www.tgrthaber.com\/mavikadin\/wp-json\/wp\/v2\/posts\/115566\/revisions\/115577"}],"wp:featuredmedia":[{"embeddable":true,"href":"https:\/\/www.tgrthaber.com\/mavikadin\/wp-json\/wp\/v2\/media\/115572"}],"wp:attachment":[{"href":"https:\/\/www.tgrthaber.com\/mavikadin\/wp-json\/wp\/v2\/media?parent=115566"}],"wp:term":[{"taxonomy":"category","embeddable":true,"href":"https:\/\/www.tgrthaber.com\/mavikadin\/wp-json\/wp\/v2\/categories?post=115566"},{"taxonomy":"post_tag","embeddable":true,"href":"https:\/\/www.tgrthaber.com\/mavikadin\/wp-json\/wp\/v2\/tags?post=115566"}],"curies":[{"name":"wp","href":"https:\/\/api.w.org\/{rel}","templated":true}]}}