{"id":115612,"date":"2025-01-02T09:11:51","date_gmt":"2025-01-02T06:11:51","guid":{"rendered":"https:\/\/www.tgrthaber.com\/mavikadin\/?p=115612"},"modified":"2025-01-02T09:19:51","modified_gmt":"2025-01-02T06:19:51","slug":"kizil-goncalar-dizisinde-oynayan-mina-demirtasin-12-yasindaki-videosu-gundem-oldu","status":"publish","type":"post","link":"https:\/\/www.tgrthaber.com\/mavikadin\/kizil-goncalar-dizisinde-oynayan-mina-demirtasin-12-yasindaki-videosu-gundem-oldu\/","title":{"rendered":"K\u0131z\u0131l Goncalar dizisinde oynayan Mina Demirta\u015f&#8217;\u0131n 12 ya\u015f\u0131ndaki videosu g\u00fcndem oldu"},"content":{"rendered":"<p>K\u0131z\u0131l Goncalar dizisinde oynayan Mina Demirta\u015f\u2019\u0131n 12 ya\u015f\u0131ndaki videosu yeniden g\u00fcndem oldu. Yer ald\u0131\u011f\u0131 projeleri s\u00f6yleyen ve kendini tan\u0131tan Mina Demirta\u015f videoda 12 ya\u015f\u0131nda oldu\u011funu belirtiyor. \u00c7ekilen videoda kendini 12 ya\u015f\u0131nda olarak tan\u0131tan Mina Demirta\u015f en son kat\u0131ld\u0131\u011f\u0131 O Ses T\u00fcrkiye Y\u0131lba\u015f\u0131 program\u0131nda ise 16 ya\u015f\u0131nda olarak tan\u0131tt\u0131. Herkesin ya\u015f\u0131na \u015fa\u015f\u0131rd\u0131\u011f\u0131 Mina Demirta\u015f olgun tav\u0131rlar\u0131 ve konu\u015fmas\u0131yla herkesi \u015fa\u015f\u0131rtt\u0131.<\/p>\n<h3>M\u0130NA DEM\u0130RTA\u015e&#8217;IN 12 YA\u015eINDAK\u0130 V\u0130DEOSU ORTAYA \u00c7IKTI<\/h3>\n<p>K\u0131z\u0131l Goncalar dizisindeki oyunculu\u011fu ile herkesin ilgisini \u00e7eken Mina Demirta\u015f en son kat\u0131ld\u0131\u011f\u0131 O Ses T\u00fcrkiye Y\u0131lba\u015f\u0131 program\u0131nda da herkesi \u00e7ok \u015fa\u015f\u0131rtt\u0131. Ya\u015f\u0131n\u0131 16 olarak a\u00e7\u0131klayan g\u00fczel oyuncu herkesi a\u011fz\u0131n\u0131 a\u00e7\u0131k b\u0131rakm\u0131\u015ft\u0131. \u015eimdilerde ise Mina Demirta\u015f&#8217;\u0131n 12 ya\u015f\u0131nda oldu\u011funu s\u00f6yledi\u011fi ve kendini tan\u0131tt\u0131\u011f\u0131 bir video ortaya \u00e7\u0131kt\u0131. Videonun 2017 y\u0131l\u0131na ait oldu\u011fu s\u00f6ylense de Mina Demirta\u015f O Ses T\u00fcrkiye&#8217;de 16 ya\u015f\u0131nda oldu\u011funu s\u00f6yledi\u011fi i\u00e7in bu iddia \u00e7\u00fcr\u00fcyor.<\/p>\n<div style=\"width: 640px;\" class=\"wp-video\"><!--[if lt IE 9]><script>document.createElement('video');<\/script><![endif]-->\n<video class=\"wp-video-shortcode\" id=\"video-115612-1\" width=\"640\" height=\"640\" preload=\"metadata\" controls=\"controls\"><source type=\"video\/mp4\" src=\"https:\/\/www.tgrthaber.com\/mavikadin\/wp-content\/uploads\/Brown-Photo-Collage-Thrift-Shop-Instagram-Post-2.mp4?_=1\" \/><a href=\"https:\/\/www.tgrthaber.com\/mavikadin\/wp-content\/uploads\/Brown-Photo-Collage-Thrift-Shop-Instagram-Post-2.mp4\">https:\/\/www.tgrthaber.com\/mavikadin\/wp-content\/uploads\/Brown-Photo-Collage-Thrift-Shop-Instagram-Post-2.mp4<\/a><\/video><\/div>\n<hr \/>\n<p>Mina Demirta\u015f ka\u00e7 ya\u015f\u0131nda sorular\u0131 da artmaya ba\u015flad\u0131. 2017 y\u0131l\u0131nda oldu\u011fu s\u00f6ylenen videoda 12 ya\u015f\u0131nda oldu\u011funu s\u00f6yleyen Mina Demirta\u015f \u015fu anda 19 ya\u015f\u0131nda olarak d\u00fc\u015f\u00fcn\u00fcl\u00fcyor. Ancak O Ses T\u00fcrkiye Y\u0131lba\u015f\u0131 program\u0131nda 16 ya\u015f\u0131nda oldu\u011funu s\u00f6ylemesi kafalar\u0131 kar\u0131\u015ft\u0131rd\u0131. Herkes Mina Demirta\u015f&#8217;\u0131n ya\u015f\u0131n\u0131 merak ediyor. Ancak 12 ya\u015f\u0131nda oldu\u011funu s\u00f6yledi\u011fi videosunun net olarak hangi tarihte \u00e7ekildi\u011fi bilinmiyor. Bu y\u00fczden Mina Demirta\u015f&#8217;\u0131n ya\u015f\u0131 herkesin \u00f6n\u00fcnde O Ses T\u00fcrkiye Y\u0131lba\u015f\u0131 program\u0131nda s\u00f6yledi\u011fi gibi 16 olarak kabul edilebilir.<\/p>\n<p><img loading=\"lazy\" decoding=\"async\" class=\"alignnone size-full wp-image-115616\" src=\"https:\/\/www.tgrthaber.com\/mavikadin\/wp-content\/uploads\/Ekran-goruntusu-2025-01-02-090745.png\" alt=\"\" width=\"1219\" height=\"702\" title=\"\" srcset=\"https:\/\/www.tgrthaber.com\/mavikadin\/wp-content\/uploads\/Ekran-goruntusu-2025-01-02-090745.png 1219w, https:\/\/www.tgrthaber.com\/mavikadin\/wp-content\/uploads\/Ekran-goruntusu-2025-01-02-090745-300x173.png 300w, https:\/\/www.tgrthaber.com\/mavikadin\/wp-content\/uploads\/Ekran-goruntusu-2025-01-02-090745-1024x590.png 1024w, https:\/\/www.tgrthaber.com\/mavikadin\/wp-content\/uploads\/Ekran-goruntusu-2025-01-02-090745-768x442.png 768w\" sizes=\"(max-width: 1219px) 100vw, 1219px\" \/><\/p>\n<hr \/>\n<p>Mina Demirta\u015f kendini tan\u0131tt\u0131\u011f\u0131 ve hen\u00fcz \u00fcnl\u00fc olmad\u0131\u011f\u0131 videoda yer ald\u0131\u011f\u0131 projeleri de anlat\u0131yor. &#8216;Merhaba Mina Demirta\u015f ben, 12 ya\u015f\u0131nday\u0131m, kilom 38 boyum 155. 2 y\u0131ld\u0131r LCW\u2019da modellik yap\u0131yorum ve Tropikana reklam\u0131nda oynad\u0131m.&#8217; diyen Mina Demirta\u015f kendini tan\u0131t\u0131yor. \u015eimdilerde K\u0131z\u0131l Goncalar dizisinde oynayan Mina Demirta\u015f oyunculu\u011fu ile herkesin ilgisini \u00e7ekiyor.<\/p>\n<p><img loading=\"lazy\" decoding=\"async\" class=\"alignnone size-full wp-image-115623\" src=\"https:\/\/www.tgrthaber.com\/mavikadin\/wp-content\/uploads\/Ekran-goruntusu-2025-01-02-091923.png\" alt=\"\" width=\"1119\" height=\"689\" title=\"\" srcset=\"https:\/\/www.tgrthaber.com\/mavikadin\/wp-content\/uploads\/Ekran-goruntusu-2025-01-02-091923.png 1119w, https:\/\/www.tgrthaber.com\/mavikadin\/wp-content\/uploads\/Ekran-goruntusu-2025-01-02-091923-300x185.png 300w, https:\/\/www.tgrthaber.com\/mavikadin\/wp-content\/uploads\/Ekran-goruntusu-2025-01-02-091923-1024x631.png 1024w, https:\/\/www.tgrthaber.com\/mavikadin\/wp-content\/uploads\/Ekran-goruntusu-2025-01-02-091923-768x473.png 768w\" sizes=\"(max-width: 1119px) 100vw, 1119px\" \/><\/p>\n<hr \/>\n<p>Ger\u00e7ek ya\u015fant\u0131s\u0131nda da merak edilen Mina Demirta\u015f&#8217;\u0131n ya\u015f\u0131 da en \u00e7ok merak edilen konular aras\u0131nda yer al\u0131yor. Her yerde ya\u015f\u0131 19 olarak yer alan g\u00fczel oyuncu ya\u015f\u0131n\u0131 O Ses T\u00fcrkiye program\u0131nda ya\u015f\u0131n\u0131 16 olarak s\u00f6ylemesi de ilgi \u00e7ekti. Olgun davran\u0131\u015flar\u0131 ve konu\u015fmas\u0131yla ilgi \u00e7eken Mina Demirta\u015f K\u0131z\u0131l Goncalar dizisinde de g\u00f6sterdi\u011fi performans\u0131yla ilgi \u00e7ekiyor.<\/p>\n<p><img loading=\"lazy\" decoding=\"async\" class=\"alignnone size-full wp-image-115617\" src=\"https:\/\/www.tgrthaber.com\/mavikadin\/wp-content\/uploads\/Ekran-goruntusu-2025-01-02-090827.png\" alt=\"\" width=\"1093\" height=\"738\" title=\"\" srcset=\"https:\/\/www.tgrthaber.com\/mavikadin\/wp-content\/uploads\/Ekran-goruntusu-2025-01-02-090827.png 1093w, https:\/\/www.tgrthaber.com\/mavikadin\/wp-content\/uploads\/Ekran-goruntusu-2025-01-02-090827-300x203.png 300w, https:\/\/www.tgrthaber.com\/mavikadin\/wp-content\/uploads\/Ekran-goruntusu-2025-01-02-090827-1024x691.png 1024w, https:\/\/www.tgrthaber.com\/mavikadin\/wp-content\/uploads\/Ekran-goruntusu-2025-01-02-090827-768x519.png 768w\" sizes=\"(max-width: 1093px) 100vw, 1093px\" \/><\/p>\n<hr \/>\n<p>2021 y\u0131l\u0131nda Akif filmiyle kariyerine ad\u0131m atan Mina Demirta\u015f 2022 y\u0131l\u0131nda da Kabahat filminde yer alm\u0131\u015ft\u0131r. 2023 y\u0131l\u0131nda ise K\u0131z\u0131l Goncalar dizisiyle herkesin ilgisini \u00e7eken Mina Demirta\u015f burada da Zeynep karakterini oynuyor. Son zamanlar\u0131n y\u00fckselen isimlerinden olan Mina Demirta\u015f O Ses T\u00fcrkiye Y\u0131lba\u015f\u0131 program\u0131yla da herkesin ilgisini daha \u00e7ok \u00e7ekmeyi ba\u015fard\u0131.<\/p>\n","protected":false},"excerpt":{"rendered":"<p>Mina Demirta\u015f K\u0131z\u0131l Goncalar dizisinin Zeynep karakteriyle herkesin hayat\u0131na giren isim oldu. Gen\u00e7 isimler aras\u0131nda h\u0131zla kariyeri y\u00fckselen oyuncunun 12 ya\u015f\u0131nda kendini tan\u0131tarak \u00e7ekti\u011fi bir video ise g\u00fcndem oldu. <\/p>\n","protected":false},"author":25,"featured_media":115618,"comment_status":"closed","ping_status":"closed","sticky":false,"template":"","format":"standard","meta":{"rank_math_lock_modified_date":false,"footnotes":""},"categories":[76],"tags":[2306,2863,6590],"class_list":["post-115612","post","type-post","status-publish","format-standard","has-post-thumbnail","hentry","category-magazin","tag-kizil-goncalar","tag-mina-demirtas","tag-mina-demirtas-yasi"],"_links":{"self":[{"href":"https:\/\/www.tgrthaber.com\/mavikadin\/wp-json\/wp\/v2\/posts\/115612"}],"collection":[{"href":"https:\/\/www.tgrthaber.com\/mavikadin\/wp-json\/wp\/v2\/posts"}],"about":[{"href":"https:\/\/www.tgrthaber.com\/mavikadin\/wp-json\/wp\/v2\/types\/post"}],"author":[{"embeddable":true,"href":"https:\/\/www.tgrthaber.com\/mavikadin\/wp-json\/wp\/v2\/users\/25"}],"replies":[{"embeddable":true,"href":"https:\/\/www.tgrthaber.com\/mavikadin\/wp-json\/wp\/v2\/comments?post=115612"}],"version-history":[{"count":4,"href":"https:\/\/www.tgrthaber.com\/mavikadin\/wp-json\/wp\/v2\/posts\/115612\/revisions"}],"predecessor-version":[{"id":115625,"href":"https:\/\/www.tgrthaber.com\/mavikadin\/wp-json\/wp\/v2\/posts\/115612\/revisions\/115625"}],"wp:featuredmedia":[{"embeddable":true,"href":"https:\/\/www.tgrthaber.com\/mavikadin\/wp-json\/wp\/v2\/media\/115618"}],"wp:attachment":[{"href":"https:\/\/www.tgrthaber.com\/mavikadin\/wp-json\/wp\/v2\/media?parent=115612"}],"wp:term":[{"taxonomy":"category","embeddable":true,"href":"https:\/\/www.tgrthaber.com\/mavikadin\/wp-json\/wp\/v2\/categories?post=115612"},{"taxonomy":"post_tag","embeddable":true,"href":"https:\/\/www.tgrthaber.com\/mavikadin\/wp-json\/wp\/v2\/tags?post=115612"}],"curies":[{"name":"wp","href":"https:\/\/api.w.org\/{rel}","templated":true}]}}