{"id":115626,"date":"2025-01-02T09:57:52","date_gmt":"2025-01-02T06:57:52","guid":{"rendered":"https:\/\/www.tgrthaber.com\/mavikadin\/?p=115626"},"modified":"2025-01-02T09:57:53","modified_gmt":"2025-01-02T06:57:53","slug":"bir-doneme-damga-vuran-isim-cankanin-son-hali-herkesi-sasirtti","status":"publish","type":"post","link":"https:\/\/www.tgrthaber.com\/mavikadin\/bir-doneme-damga-vuran-isim-cankanin-son-hali-herkesi-sasirtti\/","title":{"rendered":"Bir d\u00f6neme damga vuran isim Cankan&#8217;\u0131n son hali herkesi \u015fa\u015f\u0131rtt\u0131"},"content":{"rendered":"<p>Bir d\u00f6nemin en \u00e7ok dinlenen isimlerinden olan Cankan&#8217;\u0131n son hali herkesi \u015fok etti. Cankan olarak \u015fark\u0131lar s\u00f6yleyen ve farkl\u0131 tarz\u0131yla ilgi \u00e7eken isim son videosunda sevgilisiyle a\u015fk dolu bir payla\u015f\u0131m yapt\u0131. Cankan&#8217;\u0131n son halini g\u00f6renler ise \u015fa\u015f\u0131rd\u0131.<\/p>\n<h3>CANKAN&#8217;IN SON HAL\u0130 HERKES\u0130 \u015eA\u015eIRTTI<\/h3>\n<p>Bir d\u00f6neme damga vuran isimlerden olan Cankan&#8217;\u0131n son hali herkesi \u015fa\u015f\u0131rtt\u0131. Sosyal medya hesab\u0131ndan videolar\u0131n\u0131 payla\u015fan isim marjinal tarz\u0131n\u0131 hi\u00e7 bozmadan devam ettiriyor. 2000&#8217;li y\u0131llara damga vuran isim Cankan \u015fark\u0131lar\u0131yla oldu\u011fu kadar tarzlar\u0131yla ve danslar\u0131yla da g\u00fcndem oluyordu. \u015eimdilerde ise yine \u015fark\u0131lar\u0131yla g\u00fcndem olan Cankan son g\u00f6r\u00fcnt\u00fcs\u00fcyle de \u00e7ok konu\u015fuluyor. Sevgilisiyle \u00e7ekti\u011fi videoyu payla\u015fan Cankan&#8217;\u0131n beyazlam\u0131\u015f sa\u00e7lar\u0131 da ilgi \u00e7ekti. Herkesin k\u0131sa s\u00fcrede yorum ya\u011fd\u0131rd\u0131\u011f\u0131 ve be\u011fendi\u011fi video sosyal medyada g\u00fcndem oldu.<\/p>\n<div style=\"width: 480px;\" class=\"wp-video\"><!--[if lt IE 9]><script>document.createElement('video');<\/script><![endif]-->\n<video class=\"wp-video-shortcode\" id=\"video-115626-1\" width=\"480\" height=\"854\" preload=\"metadata\" controls=\"controls\"><source type=\"video\/mp4\" src=\"https:\/\/www.tgrthaber.com\/mavikadin\/wp-content\/uploads\/Ask-Adamina-Ask-Yakisir-Oda-Yalniz-Senssin-ask-yeniyil-cankan.mp4?_=1\" \/><a href=\"https:\/\/www.tgrthaber.com\/mavikadin\/wp-content\/uploads\/Ask-Adamina-Ask-Yakisir-Oda-Yalniz-Senssin-ask-yeniyil-cankan.mp4\">https:\/\/www.tgrthaber.com\/mavikadin\/wp-content\/uploads\/Ask-Adamina-Ask-Yakisir-Oda-Yalniz-Senssin-ask-yeniyil-cankan.mp4<\/a><\/video><\/div>\n<hr \/>\n<p>Bir d\u00f6nem \u00e7\u0131kard\u0131klar\u0131 Yar Yar, Yaranamad\u0131m, K\u0131v\u0131ra K\u0131v\u0131ra \u015fark\u0131lar\u0131yla efsane haline gelen Cankan \u00e7ok uzun ir aradan sonra yeniden sevenleriyle bulu\u015ftu. Hala tarzlar\u0131n\u0131 de\u011fi\u015ftirmeden ilk g\u00fcnk\u00fc gibi g\u00f6r\u00fcnen ikili herkesin ilgisini \u00e7ekti. Cankan grubu \u00fcyeleri iki ki\u015fi ve arkada\u015flar\u0131n farkl\u0131 tarz\u0131n\u0131n bir araya gelerek olu\u015fturdu\u011fu enerji de seviliyor.<\/p>\n<p><img loading=\"lazy\" decoding=\"async\" class=\"alignnone size-full wp-image-115639\" src=\"https:\/\/www.tgrthaber.com\/mavikadin\/wp-content\/uploads\/Ekran-goruntusu-2025-01-02-095445.png\" alt=\"\" width=\"872\" height=\"554\" title=\"\" srcset=\"https:\/\/www.tgrthaber.com\/mavikadin\/wp-content\/uploads\/Ekran-goruntusu-2025-01-02-095445.png 872w, https:\/\/www.tgrthaber.com\/mavikadin\/wp-content\/uploads\/Ekran-goruntusu-2025-01-02-095445-300x191.png 300w, https:\/\/www.tgrthaber.com\/mavikadin\/wp-content\/uploads\/Ekran-goruntusu-2025-01-02-095445-768x488.png 768w\" sizes=\"(max-width: 872px) 100vw, 872px\" \/><\/p>\n<hr \/>\n<p>2008 y\u0131l\u0131nda \u00e7\u0131kan anla\u015fmazl\u0131ktan dolay\u0131 grup da\u011f\u0131lm\u0131\u015ft\u0131. Malik Ayhan m\u00fczik kariyerine tek ba\u015f\u0131na devam edece\u011fini a\u00e7\u0131klam\u0131\u015ft\u0131. Uzun s\u00fcren ayr\u0131l\u0131ktan sonra 2022 y\u0131l\u0131nda ikil tekrar bir araya gelerek Yan Yana adl\u0131 \u015fark\u0131lar\u0131n\u0131 sevenleriyle bulu\u015fturdular. Cankan \u015fimdilerde ise sosyal medyadan yapt\u0131klar\u0131 payla\u015f\u0131mlar ile herkesin g\u00fcndemine girmeyi ba\u015far\u0131yor.<\/p>\n<p><img loading=\"lazy\" decoding=\"async\" class=\"alignnone size-full wp-image-115640\" src=\"https:\/\/www.tgrthaber.com\/mavikadin\/wp-content\/uploads\/Ekran-goruntusu-2025-01-02-095453.png\" alt=\"\" width=\"895\" height=\"545\" title=\"\" srcset=\"https:\/\/www.tgrthaber.com\/mavikadin\/wp-content\/uploads\/Ekran-goruntusu-2025-01-02-095453.png 895w, https:\/\/www.tgrthaber.com\/mavikadin\/wp-content\/uploads\/Ekran-goruntusu-2025-01-02-095453-300x183.png 300w, https:\/\/www.tgrthaber.com\/mavikadin\/wp-content\/uploads\/Ekran-goruntusu-2025-01-02-095453-768x468.png 768w\" sizes=\"(max-width: 895px) 100vw, 895px\" \/><\/p>\n<hr \/>\n<p>Malik Ayhan \u015fu anda 46 ya\u015f\u0131nda ve m\u00fczik hayat\u0131na devam ediyor. Fatih Alt\u0131nta\u015f ise Cankan sosyal medyas\u0131n\u0131 kullanmaya devam ediyor. Sevgilisiyle payla\u015ft\u0131\u011f\u0131 video ile g\u00fcndem olan Fatih Alt\u0131nta\u015f son haliyle herkesi \u015fa\u015f\u0131rtt\u0131.<\/p>\n<p><img loading=\"lazy\" decoding=\"async\" class=\"alignnone size-full wp-image-115641\" src=\"https:\/\/www.tgrthaber.com\/mavikadin\/wp-content\/uploads\/Ekran-goruntusu-2025-01-02-095501.png\" alt=\"\" width=\"776\" height=\"552\" title=\"\" srcset=\"https:\/\/www.tgrthaber.com\/mavikadin\/wp-content\/uploads\/Ekran-goruntusu-2025-01-02-095501.png 776w, https:\/\/www.tgrthaber.com\/mavikadin\/wp-content\/uploads\/Ekran-goruntusu-2025-01-02-095501-300x213.png 300w, https:\/\/www.tgrthaber.com\/mavikadin\/wp-content\/uploads\/Ekran-goruntusu-2025-01-02-095501-768x546.png 768w\" sizes=\"(max-width: 776px) 100vw, 776px\" \/><\/p>\n<hr \/>\n<p>Son d\u00f6nemde de \u00e7\u0131kard\u0131klar\u0131 \u015fark\u0131larla \u00fclke g\u00fcndemine oturan ikili y\u0131llara meydan okuyor adeta. Y\u0131llar ge\u00e7se de marjinal g\u00f6r\u00fcn\u00fcmlerinden hi\u00e7bir \u015fey eksilmeyen Cankan hala ayn\u0131 enerjiyle devam ediyor. \u00c7\u0131kard\u0131klar\u0131 yeni \u015fark\u0131lar\u0131yla da sosyal medyada viral olan ikili daha \u00e7ok kendilerine has m\u00fczik yapmaya devam edecek gibi g\u00f6r\u00fcn\u00fcyor.<\/p>\n","protected":false},"excerpt":{"rendered":"<p>Bir d\u00f6neme danga vuran isimlerden Cankan son payla\u015ft\u0131\u011f\u0131 videosu ile herkesi \u015fa\u015f\u0131rtt\u0131. Herkesin ilgisini \u00e7eken Fatih Alt\u0131nta\u015f hi\u00e7 de\u011fi\u015fmeyen tarz\u0131yla sosyal medyada g\u00fcndem oldu. <\/p>\n","protected":false},"author":25,"featured_media":115642,"comment_status":"closed","ping_status":"closed","sticky":false,"template":"","format":"standard","meta":{"rank_math_lock_modified_date":false,"footnotes":""},"categories":[76],"tags":[6591,6592],"class_list":["post-115626","post","type-post","status-publish","format-standard","has-post-thumbnail","hentry","category-magazin","tag-cankan","tag-cankan-son-hali"],"_links":{"self":[{"href":"https:\/\/www.tgrthaber.com\/mavikadin\/wp-json\/wp\/v2\/posts\/115626"}],"collection":[{"href":"https:\/\/www.tgrthaber.com\/mavikadin\/wp-json\/wp\/v2\/posts"}],"about":[{"href":"https:\/\/www.tgrthaber.com\/mavikadin\/wp-json\/wp\/v2\/types\/post"}],"author":[{"embeddable":true,"href":"https:\/\/www.tgrthaber.com\/mavikadin\/wp-json\/wp\/v2\/users\/25"}],"replies":[{"embeddable":true,"href":"https:\/\/www.tgrthaber.com\/mavikadin\/wp-json\/wp\/v2\/comments?post=115626"}],"version-history":[{"count":2,"href":"https:\/\/www.tgrthaber.com\/mavikadin\/wp-json\/wp\/v2\/posts\/115626\/revisions"}],"predecessor-version":[{"id":115644,"href":"https:\/\/www.tgrthaber.com\/mavikadin\/wp-json\/wp\/v2\/posts\/115626\/revisions\/115644"}],"wp:featuredmedia":[{"embeddable":true,"href":"https:\/\/www.tgrthaber.com\/mavikadin\/wp-json\/wp\/v2\/media\/115642"}],"wp:attachment":[{"href":"https:\/\/www.tgrthaber.com\/mavikadin\/wp-json\/wp\/v2\/media?parent=115626"}],"wp:term":[{"taxonomy":"category","embeddable":true,"href":"https:\/\/www.tgrthaber.com\/mavikadin\/wp-json\/wp\/v2\/categories?post=115626"},{"taxonomy":"post_tag","embeddable":true,"href":"https:\/\/www.tgrthaber.com\/mavikadin\/wp-json\/wp\/v2\/tags?post=115626"}],"curies":[{"name":"wp","href":"https:\/\/api.w.org\/{rel}","templated":true}]}}