{"id":115636,"date":"2025-01-02T10:09:49","date_gmt":"2025-01-02T07:09:49","guid":{"rendered":"https:\/\/www.tgrthaber.com\/mavikadin\/?p=115636"},"modified":"2025-01-02T10:09:49","modified_gmt":"2025-01-02T07:09:49","slug":"burak-kut-kac-yasinda-kiminle-evli-cocugu-var-mi-hayati-arastiriliyor","status":"publish","type":"post","link":"https:\/\/www.tgrthaber.com\/mavikadin\/burak-kut-kac-yasinda-kiminle-evli-cocugu-var-mi-hayati-arastiriliyor\/","title":{"rendered":"Burak Kut ka\u00e7 ya\u015f\u0131nda, kiminle evli? \u00c7ocu\u011fu var m\u0131? Hayat\u0131 ara\u015ft\u0131r\u0131l\u0131yor!"},"content":{"rendered":"<p class=\"p1\">&#8220;Benimle Oynama&#8221;, &#8220;Komple?&#8221; ve &#8220;Ver Allah&#8221; gibi unutulmaz \u015fark\u0131lar\u0131yla 90\u2019l\u0131 y\u0131llarda m\u00fczik d\u00fcnyas\u0131nda f\u0131rt\u0131nalar estiren Burak Kut, hem sesi hem de sahne performans\u0131yla b\u00fcy\u00fck bir hayran kitlesi kazand\u0131. Uzun y\u0131llar m\u00fczik kariyerinde \u00f6nemli ba\u015far\u0131lara imza atan sanat\u00e7\u0131, ayn\u0131 zamanda \u00f6zel hayat\u0131yla da s\u0131k\u00e7a g\u00fcndeme geliyor. Y\u0131lba\u015f\u0131 gecesi ekranda her zaman oldu\u011fu gibi yine f\u0131rt\u0131nalar estiren Burak Kut, yeniden merak konusu oldu. Peki, Burak Kut kimdir, ka\u00e7 ya\u015f\u0131nda ve nereli? \u00c7ocu\u011fu var m\u0131? \u0130\u015fte Burak Kut\u2019un biyografisine dair merak edilenler\u2026<\/p>\n<h3>BURAK KUT K\u0130MD\u0130R, KA\u00c7 YA\u015eINDA?<\/h3>\n<p class=\"p1\">90\u2019l\u0131 y\u0131llar\u0131n pop m\u00fczik d\u00fcnyas\u0131na damga vuran ve &#8220;Bebeto&#8221; lakab\u0131yla an\u0131lan Burak Kut, y\u0131lba\u015f\u0131 ak\u015fam\u0131 TV8 ekranlar\u0131nda yay\u0131nlanan &#8216;O Ses T\u00fcrkiye Y\u0131lba\u015f\u0131 \u00d6zel&#8217; program\u0131na konuk oldu. Programda ne\u015feli anlar\u0131yla izleyicileri g\u00fcld\u00fcren ba\u015far\u0131l\u0131 sanat\u00e7\u0131, bir kez daha g\u00fcndeme oturdu. \u015eimdi izleyiciler, Burak Kut hakk\u0131nda &#8220;Burak Kut kimdir, nereli, ka\u00e7 ya\u015f\u0131nda, evli mi?&#8221; gibi sorular\u0131n yan\u0131tlar\u0131n\u0131 ar\u0131yor.<\/p>\n<p><img loading=\"lazy\" decoding=\"async\" class=\"alignnone wp-image-115650 size-full\" src=\"https:\/\/www.tgrthaber.com\/mavikadin\/wp-content\/uploads\/Burak-Kut-kac-yasinda-kiminle-evli-Cocugu-var-mi-Hayati-arastiriliyor-.png\" alt=\"burak kut \" width=\"1208\" height=\"720\" title=\"\" srcset=\"https:\/\/www.tgrthaber.com\/mavikadin\/wp-content\/uploads\/Burak-Kut-kac-yasinda-kiminle-evli-Cocugu-var-mi-Hayati-arastiriliyor-.png 1208w, https:\/\/www.tgrthaber.com\/mavikadin\/wp-content\/uploads\/Burak-Kut-kac-yasinda-kiminle-evli-Cocugu-var-mi-Hayati-arastiriliyor--300x179.png 300w, https:\/\/www.tgrthaber.com\/mavikadin\/wp-content\/uploads\/Burak-Kut-kac-yasinda-kiminle-evli-Cocugu-var-mi-Hayati-arastiriliyor--1024x610.png 1024w, https:\/\/www.tgrthaber.com\/mavikadin\/wp-content\/uploads\/Burak-Kut-kac-yasinda-kiminle-evli-Cocugu-var-mi-Hayati-arastiriliyor--768x458.png 768w\" sizes=\"(max-width: 1208px) 100vw, 1208px\" \/><\/p>\n<hr \/>\n<p class=\"p1\">27 A\u011fustos 1973&#8217;te \u0130stanbul&#8217;da d\u00fcnyaya gelen Burak Kut, m\u00fczikle tan\u0131\u015fmas\u0131n\u0131 \u00c7apa Ortaokulu&#8217;nda okul orkestras\u0131yla yapt\u0131\u011f\u0131 \u00e7al\u0131\u015fmalar sayesinde ger\u00e7ekle\u015ftirdi. Hen\u00fcz gen\u00e7 ya\u015flarda m\u00fczi\u011fe olan yetene\u011fini ve tutkusunu ortaya koyan Kut, lise e\u011fitimi i\u00e7in \u015eehremini Lisesi&#8217;ne ba\u015flad\u0131. Ancak, bu okulda m\u00fczik derslerinin olmamas\u0131 onu tatmin etmedi. \u0130kinci y\u0131l\u0131nda farkl\u0131 bir yol \u00e7izmeye karar veren Kut, \u0130stanbul Anadolu G\u00fczel Sanatlar Lisesi\u2019ne ba\u015fvurdu. S\u0131navlardaki \u00fcst\u00fcn performans\u0131yla birincilikle okula kabul edildi ve m\u00fczik alan\u0131ndaki e\u011fitimini bu prestijli okulda s\u00fcrd\u00fcrmeye hak kazand\u0131. Bu ad\u0131m, onun m\u00fczik kariyerinin temellerini atan \u00f6nemli bir d\u00f6n\u00fcm noktas\u0131 oldu.<\/p>\n<p class=\"p1\">Lise y\u0131llar\u0131nda okul korosunun solistli\u011fini \u00fcstlenen Burak Kut, yaln\u0131zca kendi okulu i\u00e7in de\u011fil, Kabata\u015f Erkek Lisesi ad\u0131na kat\u0131ld\u0131\u011f\u0131 yar\u0131\u015fmalarda da b\u00fcy\u00fck ba\u015far\u0131lara imza att\u0131. \u00dc\u00e7 y\u0131l \u00fcst \u00fcste birinci olarak dikkatleri \u00fczerine \u00e7eken Kut, mezuniyetinin ard\u0131ndan profesyonel m\u00fczik kariyerine ad\u0131m att\u0131. Hakan Peker\u2019in sahibi oldu\u011fu Peker M\u00fczik ile anla\u015farak 1994 y\u0131l\u0131nda \u00e7\u0131kard\u0131\u011f\u0131 &#8220;Benimle Oynama \/ \u00c7\u0131lg\u0131n\u0131m&#8221; alb\u00fcm\u00fcyle m\u00fczik d\u00fcnyas\u0131na h\u0131zl\u0131 bir giri\u015f yapt\u0131. Bu alb\u00fcm, yaln\u0131zca m\u00fczikseverler aras\u0131nda de\u011fil, medya d\u00fcnyas\u0131nda da b\u00fcy\u00fck ilgi uyand\u0131rd\u0131.<\/p>\n<p><img loading=\"lazy\" decoding=\"async\" class=\"alignnone wp-image-115651 \" src=\"https:\/\/www.tgrthaber.com\/mavikadin\/wp-content\/uploads\/Ekran-Resmi-2025-01-02-10.01.01.png\" alt=\"\" width=\"992\" height=\"540\" title=\"\" srcset=\"https:\/\/www.tgrthaber.com\/mavikadin\/wp-content\/uploads\/Ekran-Resmi-2025-01-02-10.01.01.png 944w, https:\/\/www.tgrthaber.com\/mavikadin\/wp-content\/uploads\/Ekran-Resmi-2025-01-02-10.01.01-300x163.png 300w, https:\/\/www.tgrthaber.com\/mavikadin\/wp-content\/uploads\/Ekran-Resmi-2025-01-02-10.01.01-768x418.png 768w\" sizes=\"(max-width: 992px) 100vw, 992px\" \/><\/p>\n<hr \/>\n<p class=\"p1\">Sahne enerjisi ve sempatik ki\u015fili\u011fiyle k\u0131sa s\u00fcrede T\u00fcrkiye\u2019nin &#8220;Bebetosu&#8221; olarak an\u0131lmaya ba\u015flanan Kut, alb\u00fcm\u00fcn\u00fcn milyon baraj\u0131na yakla\u015fan sat\u0131\u015f rakamlar\u0131yla dev bir ba\u015far\u0131ya ula\u015ft\u0131. Alb\u00fcm\u00fcn ard\u0131ndan iki y\u0131l i\u00e7inde yakla\u015f\u0131k 300 konser veren sanat\u00e7\u0131, sahne performanslar\u0131yla hayran kitlesini geni\u015fleterek T\u00fcrk pop m\u00fczi\u011finde kal\u0131c\u0131 bir yer edindi.<\/p>\n<p><img loading=\"lazy\" decoding=\"async\" class=\"alignnone wp-image-115652 \" src=\"https:\/\/www.tgrthaber.com\/mavikadin\/wp-content\/uploads\/Ekran-Resmi-2025-01-02-10.01.10.png\" alt=\"\" width=\"989\" height=\"630\" title=\"\" srcset=\"https:\/\/www.tgrthaber.com\/mavikadin\/wp-content\/uploads\/Ekran-Resmi-2025-01-02-10.01.10.png 882w, https:\/\/www.tgrthaber.com\/mavikadin\/wp-content\/uploads\/Ekran-Resmi-2025-01-02-10.01.10-300x191.png 300w, https:\/\/www.tgrthaber.com\/mavikadin\/wp-content\/uploads\/Ekran-Resmi-2025-01-02-10.01.10-768x489.png 768w\" sizes=\"(max-width: 989px) 100vw, 989px\" \/><\/p>\n<hr \/>\n<h3>BURAK KUT EVL\u0130 M\u0130, \u00c7OCU\u011eU VAR MI?<\/h3>\n<p class=\"p1\">Burak Kut, 2011 y\u0131l\u0131nda Dr. Cansel Yeni ile hayat\u0131n\u0131 birle\u015ftirerek mutlu bir evlilik ad\u0131m\u0131 att\u0131. Ayn\u0131 y\u0131l \u00e7iftin k\u0131zlar\u0131 Aden Bucan d\u00fcnyaya geldi. Sanat kariyerinin yan\u0131 s\u0131ra \u00f6rnek bir aile babas\u0131 olarak da tan\u0131nan Kut, k\u0131z\u0131 Aden ile ge\u00e7irdi\u011fi keyifli anlar\u0131 zaman zaman hayranlar\u0131yla payla\u015fmay\u0131 ihmal etmiyor.<\/p>\n<p><img loading=\"lazy\" decoding=\"async\" class=\"alignnone wp-image-115654 size-full\" src=\"https:\/\/www.tgrthaber.com\/mavikadin\/wp-content\/uploads\/Burak-Kut-kac-yasinda-kiminle-evli-Cocugu-var-mi-Hayati-arastiriliyor-1-1.png\" alt=\"\" width=\"1208\" height=\"720\" title=\"\" srcset=\"https:\/\/www.tgrthaber.com\/mavikadin\/wp-content\/uploads\/Burak-Kut-kac-yasinda-kiminle-evli-Cocugu-var-mi-Hayati-arastiriliyor-1-1.png 1208w, https:\/\/www.tgrthaber.com\/mavikadin\/wp-content\/uploads\/Burak-Kut-kac-yasinda-kiminle-evli-Cocugu-var-mi-Hayati-arastiriliyor-1-1-300x179.png 300w, https:\/\/www.tgrthaber.com\/mavikadin\/wp-content\/uploads\/Burak-Kut-kac-yasinda-kiminle-evli-Cocugu-var-mi-Hayati-arastiriliyor-1-1-1024x610.png 1024w, https:\/\/www.tgrthaber.com\/mavikadin\/wp-content\/uploads\/Burak-Kut-kac-yasinda-kiminle-evli-Cocugu-var-mi-Hayati-arastiriliyor-1-1-768x458.png 768w\" sizes=\"(max-width: 1208px) 100vw, 1208px\" \/><\/p>\n<hr \/>\n<p class=\"p1\"><b>BURAK KUT ALB\u00dcMLER\u0130<\/b><b><\/b><\/p>\n<p class=\"p1\">Nereden Geldim Nerelere Gidece\u011fim<\/p>\n<p class=\"p1\">Benimle Oynama &#8211; \u00c7\u0131lg\u0131n\u0131m<\/p>\n<p class=\"p1\">K\u00fc\u00e7\u00fck Prens<\/p>\n<p class=\"p1\">Derdim Var<\/p>\n<p class=\"p1\">\u0130la\u00e7<\/p>\n<p class=\"p1\">Komple<\/p>\n<p class=\"p1\">Sevginin Her Hali<\/p>\n<p class=\"p1\">Kalbine Sor<\/p>\n","protected":false},"excerpt":{"rendered":"<p>90&#8217;l\u0131 y\u0131llarda \u201cBenimle Oynama\u201d ve \u201cKomple?\u201d gibi hitlerle m\u00fczik d\u00fcnyas\u0131nda zirveye \u00e7\u0131kan Burak Kut, sesi ve sahne performans\u0131yla geni\u015f bir hayran kitlesi edindi. Y\u0131lba\u015f\u0131 gecesi ekrana gelen sanat\u00e7\u0131, yeniden g\u00fcndem oldu. Peki, Burak Kut kimdir, ka\u00e7 ya\u015f\u0131nda? \u00c7ocu\u011fu var m\u0131? \u0130\u015fte merak edilenler\u2026 <\/p>\n","protected":false},"author":16,"featured_media":115655,"comment_status":"closed","ping_status":"closed","sticky":false,"template":"","format":"standard","meta":{"rank_math_lock_modified_date":false,"footnotes":""},"categories":[491],"tags":[6595,6594,6593],"class_list":["post-115636","post","type-post","status-publish","format-standard","has-post-thumbnail","hentry","category-biyografi","tag-burak-kut-cocugu-var-mi","tag-burak-kut-kac-yasinda","tag-burak-kut-kimdir"],"_links":{"self":[{"href":"https:\/\/www.tgrthaber.com\/mavikadin\/wp-json\/wp\/v2\/posts\/115636"}],"collection":[{"href":"https:\/\/www.tgrthaber.com\/mavikadin\/wp-json\/wp\/v2\/posts"}],"about":[{"href":"https:\/\/www.tgrthaber.com\/mavikadin\/wp-json\/wp\/v2\/types\/post"}],"author":[{"embeddable":true,"href":"https:\/\/www.tgrthaber.com\/mavikadin\/wp-json\/wp\/v2\/users\/16"}],"replies":[{"embeddable":true,"href":"https:\/\/www.tgrthaber.com\/mavikadin\/wp-json\/wp\/v2\/comments?post=115636"}],"version-history":[{"count":2,"href":"https:\/\/www.tgrthaber.com\/mavikadin\/wp-json\/wp\/v2\/posts\/115636\/revisions"}],"predecessor-version":[{"id":115657,"href":"https:\/\/www.tgrthaber.com\/mavikadin\/wp-json\/wp\/v2\/posts\/115636\/revisions\/115657"}],"wp:featuredmedia":[{"embeddable":true,"href":"https:\/\/www.tgrthaber.com\/mavikadin\/wp-json\/wp\/v2\/media\/115655"}],"wp:attachment":[{"href":"https:\/\/www.tgrthaber.com\/mavikadin\/wp-json\/wp\/v2\/media?parent=115636"}],"wp:term":[{"taxonomy":"category","embeddable":true,"href":"https:\/\/www.tgrthaber.com\/mavikadin\/wp-json\/wp\/v2\/categories?post=115636"},{"taxonomy":"post_tag","embeddable":true,"href":"https:\/\/www.tgrthaber.com\/mavikadin\/wp-json\/wp\/v2\/tags?post=115636"}],"curies":[{"name":"wp","href":"https:\/\/api.w.org\/{rel}","templated":true}]}}