{"id":115696,"date":"2025-01-02T11:13:01","date_gmt":"2025-01-02T08:13:01","guid":{"rendered":"https:\/\/www.tgrthaber.com\/mavikadin\/?p=115696"},"modified":"2025-01-02T11:51:54","modified_gmt":"2025-01-02T08:51:54","slug":"kandil-simidi-tarifi-yemek-fenomeni-nermin-yazilitasdan-agizda-dagilan-kiyir-kiyir-lezzet","status":"publish","type":"post","link":"https:\/\/www.tgrthaber.com\/mavikadin\/kandil-simidi-tarifi-yemek-fenomeni-nermin-yazilitasdan-agizda-dagilan-kiyir-kiyir-lezzet\/","title":{"rendered":"Kandil simidi tarifi, Yemek fenomeni Nermin Yaz\u0131l\u0131ta\u015f\u2019tan a\u011f\u0131zda da\u011f\u0131lan, k\u0131y\u0131r k\u0131y\u0131r lezzet"},"content":{"rendered":"<p>Kandil simidi, kandillerin vazge\u00e7ilmezi e\u015fsiz bir lezzet. A\u011f\u0131zda da\u011f\u0131lan k\u0131y\u0131r k\u0131y\u0131r tad\u0131, mis kokusu ile kandil g\u00fcnlerinin en g\u00fczel ikram\u0131.<\/p>\n<p>Y\u00fczy\u0131llard\u0131r yap\u0131lmaya devam ediliyor, \u00e7ay\u0131n yan\u0131na \u00e7ok yak\u0131\u015f\u0131yor\u2026<\/p>\n<p>Kandil simidini haz\u0131r sat\u0131n almak yerine evde de yapabilirsiniz. \u00c7\u0131t\u0131r \u00e7\u0131t\u0131r, taptaze yeni f\u0131r\u0131ndan \u00e7\u0131km\u0131\u015f kandil simidini sevdiklerinize, kom\u015fular\u0131n\u0131za ikram edebilirsiniz.<\/p>\n<p>\u0130\u015fte Instagram yemek fenomeni Nermin Yaz\u0131l\u0131ta\u015f\u2019tan kandil simidi tarifi:<\/p>\n<h3>KAND\u0130L S\u0130M\u0130D\u0130 NASIL YAPILIR?<\/h3>\n<p><strong>Kandil simidi malzemeleri nelerdir?<\/strong><\/p>\n<ul>\n<li>100 gram tereya\u011f\u0131<\/li>\n<li>Yar\u0131m \u00e7ay barda\u011f\u0131 s\u0131v\u0131 ya\u011f<\/li>\n<li>2 yumurta sar\u0131s\u0131( Hamuru i\u00e7in)<\/li>\n<li>2 yumurta ak\u0131 (simitlerin d\u0131\u015f\u0131 i\u00e7in)<\/li>\n<li>1 yemek ka\u015f\u0131\u011f\u0131 \u015feker<\/li>\n<li>1,5 tatl\u0131 ka\u015f\u0131\u011f\u0131 mahlep<\/li>\n<li>3 yemek ka\u015f\u0131\u011f\u0131 yo\u011furt<\/li>\n<li>2 yemek ka\u015f\u0131\u011f\u0131 \u00fcz\u00fcm sirkesi (Elma sirkesi kullanmay\u0131n)<\/li>\n<li>Bir \u00e7ay ka\u015f\u0131\u011f\u0131 tuz<\/li>\n<li>Yar\u0131m paket kabartma tozu<\/li>\n<li>2,5 su barda\u011f\u0131 un<\/li>\n<li>1 \u00e7ay barda\u011f\u0131 susam<\/li>\n<\/ul>\n<p><strong>Yap\u0131l\u0131\u015f\u0131<\/strong><\/p>\n<p><img loading=\"lazy\" decoding=\"async\" class=\"wp-image-115701\" src=\"https:\/\/www.tgrthaber.com\/mavikadin\/wp-content\/uploads\/kandil-simidi-tarifi-3.jpg\" alt=\"kandil simidi tarifi\" width=\"1208\" height=\"680\" title=\"\" srcset=\"https:\/\/www.tgrthaber.com\/mavikadin\/wp-content\/uploads\/kandil-simidi-tarifi-3.jpg 1920w, https:\/\/www.tgrthaber.com\/mavikadin\/wp-content\/uploads\/kandil-simidi-tarifi-3-300x169.jpg 300w, https:\/\/www.tgrthaber.com\/mavikadin\/wp-content\/uploads\/kandil-simidi-tarifi-3-1024x576.jpg 1024w, https:\/\/www.tgrthaber.com\/mavikadin\/wp-content\/uploads\/kandil-simidi-tarifi-3-768x432.jpg 768w, https:\/\/www.tgrthaber.com\/mavikadin\/wp-content\/uploads\/kandil-simidi-tarifi-3-1536x864.jpg 1536w\" sizes=\"(max-width: 1208px) 100vw, 1208px\" \/><\/p>\n<hr \/>\n<p><strong>1.ADIM<\/strong><\/p>\n<p>Bir \u00e7ay barda\u011f\u0131 susam\u0131 d\u00fcz bir taba\u011fa, 2 adet yumurta ak\u0131n\u0131 da ayr\u0131 bir d\u00fcz bir taba\u011fa koyun.<\/p>\n<p>F\u0131r\u0131n tepsisine f\u0131r\u0131n ka\u011f\u0131d\u0131n\u0131 serin.<\/p>\n<p><strong>2.ADIM<\/strong><\/p>\n<p>Kar\u0131\u015ft\u0131rma kab\u0131na tereya\u011f\u0131, yumurta sar\u0131lar\u0131, s\u0131v\u0131ya\u011f, tuz, \u015feker, \u00fcz\u00fcm sirkesi, yo\u011furt, mahlepi al\u0131p p\u00fcr\u00fczs\u00fcz bir k\u0131vam alana kadar yo\u011fural\u0131m. (Yo\u011furma makinesi varsa orda yo\u011frulursa daha iyi olur)<\/p>\n<p>Yar\u0131m paket kabartma tozu ve 2,5 su barda\u011f\u0131 unu da bu kar\u0131\u015f\u0131m\u0131n \u00fczerine yava\u015f yava\u015f kontroll\u00fc bir \u015fekilde ekleyip yo\u011furmaya devam edelim.<\/p>\n<p><strong>3.ADIM<\/strong><\/p>\n<p>Hamur istenilen k\u0131vama geldi\u011finde hamurdan ceviz b\u00fcy\u00fckl\u00fc\u011f\u00fcnde bezeler kopartarak elimizle yuvarlayal\u0131m, avu\u00e7 i\u00e7imizde uzun \u015feritler haline getirelim, iki ucunu birle\u015ftirip kandil simidi \u015feklini verelim.<\/p>\n<p><strong>4.ADIM<\/strong><\/p>\n<p>Kandil simidi \u015feklini verdi\u011fimiz hamuru \u00f6nce yumurta ak\u0131na daha sonra kavrulmu\u015f susama bat\u0131ral\u0131m.<\/p>\n<p><img loading=\"lazy\" decoding=\"async\" class=\"wp-image-115702\" src=\"https:\/\/www.tgrthaber.com\/mavikadin\/wp-content\/uploads\/kandil-simidi-tarifi-2.jpg\" alt=\"kandil simidi tarifi\" width=\"1208\" height=\"680\" title=\"\" srcset=\"https:\/\/www.tgrthaber.com\/mavikadin\/wp-content\/uploads\/kandil-simidi-tarifi-2.jpg 1920w, https:\/\/www.tgrthaber.com\/mavikadin\/wp-content\/uploads\/kandil-simidi-tarifi-2-300x169.jpg 300w, https:\/\/www.tgrthaber.com\/mavikadin\/wp-content\/uploads\/kandil-simidi-tarifi-2-1024x576.jpg 1024w, https:\/\/www.tgrthaber.com\/mavikadin\/wp-content\/uploads\/kandil-simidi-tarifi-2-768x432.jpg 768w, https:\/\/www.tgrthaber.com\/mavikadin\/wp-content\/uploads\/kandil-simidi-tarifi-2-1536x864.jpg 1536w\" sizes=\"(max-width: 1208px) 100vw, 1208px\" \/><\/p>\n<hr \/>\n<p><strong>5.ADIM<\/strong><\/p>\n<p>Kandil simitlerini aralar\u0131nda biraz bo\u015fluk olacak \u015fekilde f\u0131r\u0131n tepsisine dizelim.<\/p>\n<p>\u00d6nceden \u0131s\u0131t\u0131lm\u0131\u015f 170-180 derece f\u0131r\u0131nda k\u0131zarana kadar pi\u015firelim.<\/p>\n<p>S\u0131cak s\u0131cak ikram edelim afiyet olsun.<\/p>\n<h3>KAND\u0130L S\u0130M\u0130D\u0130 MAHLEPS\u0130Z OLUR MU?<\/h3>\n<p>Kandil simidine koyulan mahlep kandil simidine tatl\u0131ms\u0131 bir aroma veriyor hem de k\u0131vam\u0131n\u0131 art\u0131r\u0131yor. Mahlep, kiraz t\u00fcr\u00fcnden elde edilen aromatik bir baharatt\u0131r. Mahlep sayesinde kandil simidi a\u011f\u0131zda da\u011f\u0131lan k\u0131vama sahip olur. Ancak kandil simidi mahlepsiz de yap\u0131labilir.<\/p>\n<p><img loading=\"lazy\" decoding=\"async\" class=\"wp-image-115711\" src=\"https:\/\/www.tgrthaber.com\/mavikadin\/wp-content\/uploads\/kandil-simidi-tarifi-4.jpg\" alt=\"kandil simidi tarifi\" width=\"1208\" height=\"680\" title=\"\" srcset=\"https:\/\/www.tgrthaber.com\/mavikadin\/wp-content\/uploads\/kandil-simidi-tarifi-4.jpg 1920w, https:\/\/www.tgrthaber.com\/mavikadin\/wp-content\/uploads\/kandil-simidi-tarifi-4-300x169.jpg 300w, https:\/\/www.tgrthaber.com\/mavikadin\/wp-content\/uploads\/kandil-simidi-tarifi-4-1024x576.jpg 1024w, https:\/\/www.tgrthaber.com\/mavikadin\/wp-content\/uploads\/kandil-simidi-tarifi-4-768x432.jpg 768w, https:\/\/www.tgrthaber.com\/mavikadin\/wp-content\/uploads\/kandil-simidi-tarifi-4-1536x864.jpg 1536w\" sizes=\"(max-width: 1208px) 100vw, 1208px\" \/><\/p>\n<hr \/>\n<h3>KAND\u0130L S\u0130M\u0130D\u0130NE YO\u011eURT YER\u0130NE S\u00dcT KONUR MU?<\/h3>\n<p>Kandil simidi yaparken yo\u011furt yerine s\u00fct de tercih edilebilir. Fakat s\u00fctle haz\u0131rlanan kandil simidi yo\u011furtla yap\u0131lan kadar gevrek ve \u00e7\u0131t\u0131r olmayabiliyor bu nedenle s\u00fct de\u011fil de yo\u011furtla yap\u0131lmas\u0131 \u00f6nerilir.<\/p>\n<h3>KAND\u0130L S\u0130M\u0130D\u0130 \u00d6MR\u00dc NE KADARDIR?<\/h3>\n<p>Kandil simidi hava ge\u00e7irmez bir kapta veya kavanozda, oda s\u0131cakl\u0131\u011f\u0131nda 3-4 g\u00fcn boyunca bayatlamadan muhafaza edilebiliyor.<\/p>\n","protected":false},"excerpt":{"rendered":"<p>Kandil simidi, kandil gecelerinin manevi havas\u0131na uygun harika bir ikraml\u0131kt\u0131r. \u00c7ocuk, gen\u00e7, ya\u015fl\u0131 her ya\u015ftan insan\u0131n severek t\u00fcketti\u011fi kandil simidini evde kendiniz de yapabilirsiniz. \u0130\u015fte Instagram\u2019da verdi\u011fi yemek tarifleriyle milyonlarca takip\u00e7isi olan Nermin Yaz\u0131l\u0131ta\u015f\u2019dan kandil simidi tarifi:<\/p>\n","protected":false},"author":30,"featured_media":115699,"comment_status":"closed","ping_status":"closed","sticky":false,"template":"","format":"standard","meta":{"rank_math_lock_modified_date":false,"footnotes":""},"categories":[191],"tags":[6607,6608],"class_list":["post-115696","post","type-post","status-publish","format-standard","has-post-thumbnail","hentry","category-yemek-tarifleri","tag-kandil-simidi","tag-nermin-yazilitas"],"_links":{"self":[{"href":"https:\/\/www.tgrthaber.com\/mavikadin\/wp-json\/wp\/v2\/posts\/115696"}],"collection":[{"href":"https:\/\/www.tgrthaber.com\/mavikadin\/wp-json\/wp\/v2\/posts"}],"about":[{"href":"https:\/\/www.tgrthaber.com\/mavikadin\/wp-json\/wp\/v2\/types\/post"}],"author":[{"embeddable":true,"href":"https:\/\/www.tgrthaber.com\/mavikadin\/wp-json\/wp\/v2\/users\/30"}],"replies":[{"embeddable":true,"href":"https:\/\/www.tgrthaber.com\/mavikadin\/wp-json\/wp\/v2\/comments?post=115696"}],"version-history":[{"count":5,"href":"https:\/\/www.tgrthaber.com\/mavikadin\/wp-json\/wp\/v2\/posts\/115696\/revisions"}],"predecessor-version":[{"id":115722,"href":"https:\/\/www.tgrthaber.com\/mavikadin\/wp-json\/wp\/v2\/posts\/115696\/revisions\/115722"}],"wp:featuredmedia":[{"embeddable":true,"href":"https:\/\/www.tgrthaber.com\/mavikadin\/wp-json\/wp\/v2\/media\/115699"}],"wp:attachment":[{"href":"https:\/\/www.tgrthaber.com\/mavikadin\/wp-json\/wp\/v2\/media?parent=115696"}],"wp:term":[{"taxonomy":"category","embeddable":true,"href":"https:\/\/www.tgrthaber.com\/mavikadin\/wp-json\/wp\/v2\/categories?post=115696"},{"taxonomy":"post_tag","embeddable":true,"href":"https:\/\/www.tgrthaber.com\/mavikadin\/wp-json\/wp\/v2\/tags?post=115696"}],"curies":[{"name":"wp","href":"https:\/\/api.w.org\/{rel}","templated":true}]}}