{"id":115721,"date":"2025-01-02T12:24:09","date_gmt":"2025-01-02T09:24:09","guid":{"rendered":"https:\/\/www.tgrthaber.com\/mavikadin\/?p=115721"},"modified":"2025-01-02T12:24:20","modified_gmt":"2025-01-02T09:24:20","slug":"volkan-demirel-ve-emre-belozoglu-mihriban-turkusuyle-duet-yapti","status":"publish","type":"post","link":"https:\/\/www.tgrthaber.com\/mavikadin\/volkan-demirel-ve-emre-belozoglu-mihriban-turkusuyle-duet-yapti\/","title":{"rendered":"Volkan Demirel ve Emre Bel\u00f6zo\u011flu &#8216;Mihriban&#8217; t\u00fcrk\u00fcs\u00fcyle d\u00fcet yapt\u0131"},"content":{"rendered":"<p>Volkan Demirel ve Emre Bel\u00f6zo\u011flu Mihriban t\u00fcrk\u00fcs\u00fcyle d\u00fcet yapt\u0131. Bir d\u00f6nemin efsane futbol oyuncular\u0131 olan ikili Mihriban t\u00fcrk\u00fcs\u00fcn\u00fc sosyal medyada payla\u015ft\u0131. K\u0131sa s\u00fcrede viral olan videoda Volkan Demirel&#8217;in performans\u0131 da dikkat \u00e7ekti.<\/p>\n<h3>VOLKAN DEM\u0130REL VE EMRE BEL\u00d6ZO\u011eLU D\u00dcET YAPTI<\/h3>\n<p>Bir d\u00f6nemin efsane oyuncular\u0131 olan Volkan Demirel ve Emre Bel\u00f6zo\u011flu \u015fimdilerde kul\u00fcplerde antren\u00f6rl\u00fck yap\u0131yor. \u0130kili Fenerbah\u00e7e&#8217;de beraber oynayan iyi iki arkada\u015ft\u0131. Antren\u00f6rl\u00fc\u011fe devam eden ikili ge\u00e7ti\u011fimiz g\u00fcnlerde Mihriban t\u00fcrk\u00fcs\u00fcn\u00fc beraber s\u00f6yledi. Herkesin be\u011fenisini toplayan d\u00fcet sosyal medyada b\u00fcy\u00fck etki yapt\u0131. Herkesin b\u00fcy\u00fck \u00f6l\u00e7\u00fcde sevdi\u011fi ve be\u011fendi\u011fi d\u00fcet ilgi g\u00f6rd\u00fc.<\/p>\n<div style=\"width: 640px;\" class=\"wp-video\"><!--[if lt IE 9]><script>document.createElement('video');<\/script><![endif]-->\n<video class=\"wp-video-shortcode\" id=\"video-115721-1\" width=\"640\" height=\"640\" preload=\"metadata\" controls=\"controls\"><source type=\"video\/mp4\" src=\"https:\/\/www.tgrthaber.com\/mavikadin\/wp-content\/uploads\/Brown-Photo-Collage-Thrift-Shop-Instagram-Post-4.mp4?_=1\" \/><a href=\"https:\/\/www.tgrthaber.com\/mavikadin\/wp-content\/uploads\/Brown-Photo-Collage-Thrift-Shop-Instagram-Post-4.mp4\">https:\/\/www.tgrthaber.com\/mavikadin\/wp-content\/uploads\/Brown-Photo-Collage-Thrift-Shop-Instagram-Post-4.mp4<\/a><\/video><\/div>\n<hr \/>\n<p>O Ses T\u00fcrkiye Y\u0131lba\u015f\u0131 \u00f6zel program\u0131na konuk olan ikili izleyenlere Mihriban t\u00fcrk\u00fcs\u00fcn\u00fc s\u00f6yledi. \u0130kiliyi izleyen herkes performans\u0131 be\u011fendi. Sosyal medyada ikilinin t\u00fcrk\u00fcs\u00fc \u00e7ok be\u011fenildi. Bodrum FK Teknik Direkt\u00f6r\u00fc Volkan Demirel ve teknik direkt\u00f6r Emre Bel\u00f6zo\u011flu konuk oldu\u011fu O ses T\u00fcrkiye Y\u0131lba\u015f\u0131 \u00f6zel programda sahneye \u00e7\u0131kt\u0131.<\/p>\n<p><img loading=\"lazy\" decoding=\"async\" class=\"alignnone size-full wp-image-115737\" src=\"https:\/\/www.tgrthaber.com\/mavikadin\/wp-content\/uploads\/Ekran-goruntusu-2025-01-02-121804.png\" alt=\"\" width=\"793\" height=\"447\" title=\"\" srcset=\"https:\/\/www.tgrthaber.com\/mavikadin\/wp-content\/uploads\/Ekran-goruntusu-2025-01-02-121804.png 793w, https:\/\/www.tgrthaber.com\/mavikadin\/wp-content\/uploads\/Ekran-goruntusu-2025-01-02-121804-300x169.png 300w, https:\/\/www.tgrthaber.com\/mavikadin\/wp-content\/uploads\/Ekran-goruntusu-2025-01-02-121804-768x433.png 768w\" sizes=\"(max-width: 793px) 100vw, 793px\" \/><\/p>\n<hr \/>\n<p>Bir\u00e7ok \u00fcnl\u00fc ismin sahne ald\u0131\u011f\u0131 gecede herkes \u015fark\u0131 s\u00f6yledi. Birbirinden \u00fcnl\u00fc isimlerin \u015fark\u0131 s\u00f6yledi\u011fi gecede G\u00f6khan \u00d6zo\u011fuz, Beyaz\u0131t \u00d6zt\u00fcrk, Hadise ve Ezgi Mola j\u00fcrilik yapt\u0131. E\u011flenceli gecede yer alan \u00fcnl\u00fc isimler de bir hayli fazla konu\u015fuldu. S\u00f6yledikleri \u015fark\u0131larla g\u00fcndeme gelen \u00fcnl\u00fcler gecenin en \u00e7ok konu\u015fulan isimlerinden oldu. Her \u00fcnl\u00fcn\u00fcn performans\u0131 ve s\u00f6yledi\u011fi \u015fark\u0131 \u00e7ok konu\u015fulurken bu isimlerden biri de Volkan Demirel ve Emre Bel\u00f6zo\u011flu oldu. Eski futbolcular ve \u015fimdinin teknik direkt\u00f6r\u00fc olan isimler herkesin ilgisini \u00e7ekti.<\/p>\n","protected":false},"excerpt":{"rendered":"<p>Fenerbah\u00e7e&#8217;nin efsane isimlerinden Volkan Demirel ve Emre Bel\u00f6zo\u011flu beraber Mihriban t\u00fcrk\u00fcs\u00fcn\u00fc s\u00f6yledi. Beraber sahneye \u00e7\u0131kan iki isim herkesin be\u011fenisini toplad\u0131. <\/p>\n","protected":false},"author":25,"featured_media":115744,"comment_status":"closed","ping_status":"closed","sticky":false,"template":"","format":"standard","meta":{"rank_math_lock_modified_date":false,"footnotes":""},"categories":[76],"tags":[6619,2587],"class_list":["post-115721","post","type-post","status-publish","format-standard","has-post-thumbnail","hentry","category-magazin","tag-emre-belozoglu","tag-volkan-demirel"],"_links":{"self":[{"href":"https:\/\/www.tgrthaber.com\/mavikadin\/wp-json\/wp\/v2\/posts\/115721"}],"collection":[{"href":"https:\/\/www.tgrthaber.com\/mavikadin\/wp-json\/wp\/v2\/posts"}],"about":[{"href":"https:\/\/www.tgrthaber.com\/mavikadin\/wp-json\/wp\/v2\/types\/post"}],"author":[{"embeddable":true,"href":"https:\/\/www.tgrthaber.com\/mavikadin\/wp-json\/wp\/v2\/users\/25"}],"replies":[{"embeddable":true,"href":"https:\/\/www.tgrthaber.com\/mavikadin\/wp-json\/wp\/v2\/comments?post=115721"}],"version-history":[{"count":1,"href":"https:\/\/www.tgrthaber.com\/mavikadin\/wp-json\/wp\/v2\/posts\/115721\/revisions"}],"predecessor-version":[{"id":115747,"href":"https:\/\/www.tgrthaber.com\/mavikadin\/wp-json\/wp\/v2\/posts\/115721\/revisions\/115747"}],"wp:featuredmedia":[{"embeddable":true,"href":"https:\/\/www.tgrthaber.com\/mavikadin\/wp-json\/wp\/v2\/media\/115744"}],"wp:attachment":[{"href":"https:\/\/www.tgrthaber.com\/mavikadin\/wp-json\/wp\/v2\/media?parent=115721"}],"wp:term":[{"taxonomy":"category","embeddable":true,"href":"https:\/\/www.tgrthaber.com\/mavikadin\/wp-json\/wp\/v2\/categories?post=115721"},{"taxonomy":"post_tag","embeddable":true,"href":"https:\/\/www.tgrthaber.com\/mavikadin\/wp-json\/wp\/v2\/tags?post=115721"}],"curies":[{"name":"wp","href":"https:\/\/api.w.org\/{rel}","templated":true}]}}