{"id":115735,"date":"2025-01-02T12:28:56","date_gmt":"2025-01-02T09:28:56","guid":{"rendered":"https:\/\/www.tgrthaber.com\/mavikadin\/?p=115735"},"modified":"2025-01-02T12:29:37","modified_gmt":"2025-01-02T09:29:37","slug":"rtuk-cezasi-alan-sahipsizlerin-yeni-bolum-yayin-tarihi-aciklandi","status":"publish","type":"post","link":"https:\/\/www.tgrthaber.com\/mavikadin\/rtuk-cezasi-alan-sahipsizlerin-yeni-bolum-yayin-tarihi-aciklandi\/","title":{"rendered":"RT\u00dcK cezas\u0131 alan Sahipsizler&#8217;in yeni b\u00f6l\u00fcm yay\u0131n tarihi a\u00e7\u0131kland\u0131!"},"content":{"rendered":"<p class=\"p1\">Sahipsizler dizisi, ba\u015far\u0131l\u0131 oyuncu kadrosu ve etkileyici hik\u00e2yesiyle b\u00fcy\u00fck ilgi g\u00f6rmeye devam ediyor. Her \u00c7ar\u015famba ak\u015fam\u0131 Star TV ekranlar\u0131nda izleyicilerle bulu\u015fan dizi, son olarak RT\u00dcK taraf\u0131ndan ald\u0131\u011f\u0131 ceza ile g\u00fcndeme gelmi\u015fti. Bu geli\u015fmenin ard\u0131ndan, dizinin yeni b\u00f6l\u00fcm\u00fcn\u00fcn ne zaman yay\u0131nlanaca\u011f\u0131 sorusu izleyiciler taraf\u0131ndan merakla bekleniyor. \u00d6zellikle dizinin takip\u00e7ileri, her hafta sab\u0131rs\u0131zl\u0131kla yeni b\u00f6l\u00fcm\u00fc bekliyor. Ancak RT\u00dcK cezas\u0131n\u0131n ard\u0131ndan dizinin yay\u0131n tarihi konusunda bir de\u011fi\u015fiklik olup olmayaca\u011f\u0131 merak ediliyordu. Peki, Sahipsizler dizisinin yeni b\u00f6l\u00fcm\u00fc ne zaman yay\u0131nlanacak? \u0130\u015fte merak edilen sorunun cevab\u0131\u2026<\/p>\n<h3>RT\u00dcK CEZASI ALAN SAH\u0130PS\u0130ZLER&#8217;\u0130N YEN\u0130 B\u00d6L\u00dcM\u00dc NE ZAMAN?<\/h3>\n<p class=\"p1\">Star TV\u2019nin yeni dizisi <i>Sahipsizler<\/i>, 13 Kas\u0131m&#8217;da izleyiciyle bulu\u015farak b\u00fcy\u00fck bir ilgi toplad\u0131. Ancak sonras\u0131nda RT\u00dcK cezas\u0131 ald\u0131 ve bu durum dizinin yay\u0131n takvimini etkiledi. Merakla beklenen yeni b\u00f6l\u00fcm\u00fcn yay\u0131n tarihi ise 15 Ocak \u00c7ar\u015famba g\u00fcn\u00fc olarak belirlendi. <i>Sahipsizler<\/i> dizisi, anne ve babalar\u0131n\u0131 kaybeden alt\u0131 karde\u015fin hayata kar\u015f\u0131 verdikleri zorlu m\u00fccadelenin izleyiciye aktar\u0131lmas\u0131n\u0131 konu al\u0131yor. Dizinin g\u00fc\u00e7l\u00fc oyuncu kadrosunda Hazal Suba\u015f\u0131, Kaan Mirac Sezen, Reha \u00d6zcan, Sacide Ta\u015faner gibi ba\u015far\u0131l\u0131 isimler yer al\u0131yor.<\/p>\n<p><img loading=\"lazy\" decoding=\"async\" class=\"alignnone wp-image-115738 \" src=\"https:\/\/www.tgrthaber.com\/mavikadin\/wp-content\/uploads\/Ekran-Resmi-2025-01-02-12.18.07.png\" alt=\"\" width=\"989\" height=\"601\" title=\"\" srcset=\"https:\/\/www.tgrthaber.com\/mavikadin\/wp-content\/uploads\/Ekran-Resmi-2025-01-02-12.18.07.png 928w, https:\/\/www.tgrthaber.com\/mavikadin\/wp-content\/uploads\/Ekran-Resmi-2025-01-02-12.18.07-300x182.png 300w, https:\/\/www.tgrthaber.com\/mavikadin\/wp-content\/uploads\/Ekran-Resmi-2025-01-02-12.18.07-768x467.png 768w\" sizes=\"(max-width: 989px) 100vw, 989px\" \/><\/p>\n<hr \/>\n<h3>&#8216;SAH\u0130PS\u0130ZLER&#8217; D\u0130Z\u0130S\u0130 NEDEN RT\u00dcK CEZASI ALDI?<\/h3>\n<p class=\"p1\">Dizi, kad\u0131na y\u00f6nelik \u015fiddet sahneleriyle dikkat \u00e7ekti ve bu durum RT\u00dcK&#8217;\u00fcn tepkisini toplad\u0131. Baz\u0131 sahnelerde yer alan \u015fiddet i\u00e7eriklerinin, kad\u0131na y\u00f6nelik olumsuz tutumlar\u0131 me\u015frula\u015ft\u0131rma potansiyeline sahip oldu\u011fu belirtildi. Bu t\u00fcr tasvirlerin, toplumsal alg\u0131y\u0131 olumsuz etkileyebilece\u011fi ve \u015fiddet davran\u0131\u015flar\u0131n\u0131 te\u015fvik edebilece\u011fi ifade edildi.<\/p>\n<p><img loading=\"lazy\" decoding=\"async\" class=\"alignnone wp-image-115739 size-full\" src=\"https:\/\/www.tgrthaber.com\/mavikadin\/wp-content\/uploads\/Ekran-Resmi-2025-01-02-12.18.16.png\" alt=\"\" width=\"1066\" height=\"492\" title=\"\" srcset=\"https:\/\/www.tgrthaber.com\/mavikadin\/wp-content\/uploads\/Ekran-Resmi-2025-01-02-12.18.16.png 1066w, https:\/\/www.tgrthaber.com\/mavikadin\/wp-content\/uploads\/Ekran-Resmi-2025-01-02-12.18.16-300x138.png 300w, https:\/\/www.tgrthaber.com\/mavikadin\/wp-content\/uploads\/Ekran-Resmi-2025-01-02-12.18.16-1024x473.png 1024w, https:\/\/www.tgrthaber.com\/mavikadin\/wp-content\/uploads\/Ekran-Resmi-2025-01-02-12.18.16-768x354.png 768w\" sizes=\"(max-width: 1066px) 100vw, 1066px\" \/><\/p>\n<hr \/>\n<p class=\"p1\">Ayr\u0131ca, dizinin milli ve manevi de\u011ferlere ayk\u0131r\u0131 i\u00e7erikler bar\u0131nd\u0131rmas\u0131 da ele\u015ftirildi. Toplumun ortak de\u011ferlerine zarar verebilece\u011fi d\u00fc\u015f\u00fcn\u00fclen bu unsurlar, \u00f6zellikle izleyiciler aras\u0131nda tart\u0131\u015fmalara yol a\u00e7t\u0131. Bu ba\u011flamda, RT\u00dcK dizinin yay\u0131n\u0131n\u0131 durdurma ve para cezas\u0131 verme karar\u0131 alarak, medya i\u00e7eriklerinin toplumsal de\u011ferler ve normlar \u00fczerindeki etkisini vurgulad\u0131. Medyan\u0131n sorumlu i\u00e7erik \u00fcretme sorumlulu\u011fu bir kez daha g\u00fcndeme geldi.<\/p>\n<p><img loading=\"lazy\" decoding=\"async\" class=\"alignnone wp-image-115751 \" src=\"https:\/\/www.tgrthaber.com\/mavikadin\/wp-content\/uploads\/Ekran-Resmi-2025-01-02-12.26.36.png\" alt=\"\" width=\"991\" height=\"623\" title=\"\" srcset=\"https:\/\/www.tgrthaber.com\/mavikadin\/wp-content\/uploads\/Ekran-Resmi-2025-01-02-12.26.36.png 948w, https:\/\/www.tgrthaber.com\/mavikadin\/wp-content\/uploads\/Ekran-Resmi-2025-01-02-12.26.36-300x189.png 300w, https:\/\/www.tgrthaber.com\/mavikadin\/wp-content\/uploads\/Ekran-Resmi-2025-01-02-12.26.36-768x483.png 768w\" sizes=\"(max-width: 991px) 100vw, 991px\" \/><\/p>\n<hr \/>\n<h3 class=\"p1\">RT\u00dcK CEZASI GELEN D\u0130\u011eER D\u0130Z\u0130LER HANG\u0130LER\u0130?<\/h3>\n<p class=\"p1\">RT\u00dcK, d\u00f6rt pop\u00fcler diziye milli ve manevi de\u011ferlere sayg\u0131s\u0131zl\u0131k ile \u015fiddet i\u00e7erikleri nedeniyle iki kez yay\u0131n durdurma cezas\u0131 verdi ve y\u00fczde 3 idari para cezas\u0131 uygulad\u0131. Bu diziler aras\u0131nda Arka Sokaklar, Deha, Yabani ve Sahipsizler dizileri yer al\u0131yor.<\/p>\n<p>&nbsp;<\/p>\n","protected":false},"excerpt":{"rendered":"<p>Sahipsizler dizisi, g\u00fc\u00e7l\u00fc oyuncu kadrosu ve etkileyici hik\u00e2yesiyle dikkatleri \u00fczerine \u00e7ekmeye devam ediyor. Ancak RT\u00dcK taraf\u0131ndan ald\u0131\u011f\u0131 ceza sonras\u0131, dizinin yeni b\u00f6l\u00fcm\u00fcn\u00fcn ne zaman yay\u0131nlanaca\u011f\u0131 merak konusu oldu. Her \u00c7ar\u015famba Star TV ekranlar\u0131nda izleyicilerle bulu\u015fan dizi, RT\u00dcK cezas\u0131n\u0131n ard\u0131ndan 15 Ocak&#8217;ta yay\u0131nlanacak yeni b\u00f6l\u00fcm\u00fcyle ekranlara gelecek.<\/p>\n","protected":false},"author":16,"featured_media":115740,"comment_status":"closed","ping_status":"closed","sticky":false,"template":"","format":"standard","meta":{"rank_math_lock_modified_date":false,"footnotes":""},"categories":[602],"tags":[6618,6617],"class_list":["post-115735","post","type-post","status-publish","format-standard","has-post-thumbnail","hentry","category-diziler","tag-rtuk-cezasi-sahipsizler-dizisi","tag-sahipsizler-dizisi-yeni-bolum"],"_links":{"self":[{"href":"https:\/\/www.tgrthaber.com\/mavikadin\/wp-json\/wp\/v2\/posts\/115735"}],"collection":[{"href":"https:\/\/www.tgrthaber.com\/mavikadin\/wp-json\/wp\/v2\/posts"}],"about":[{"href":"https:\/\/www.tgrthaber.com\/mavikadin\/wp-json\/wp\/v2\/types\/post"}],"author":[{"embeddable":true,"href":"https:\/\/www.tgrthaber.com\/mavikadin\/wp-json\/wp\/v2\/users\/16"}],"replies":[{"embeddable":true,"href":"https:\/\/www.tgrthaber.com\/mavikadin\/wp-json\/wp\/v2\/comments?post=115735"}],"version-history":[{"count":2,"href":"https:\/\/www.tgrthaber.com\/mavikadin\/wp-json\/wp\/v2\/posts\/115735\/revisions"}],"predecessor-version":[{"id":115753,"href":"https:\/\/www.tgrthaber.com\/mavikadin\/wp-json\/wp\/v2\/posts\/115735\/revisions\/115753"}],"wp:featuredmedia":[{"embeddable":true,"href":"https:\/\/www.tgrthaber.com\/mavikadin\/wp-json\/wp\/v2\/media\/115740"}],"wp:attachment":[{"href":"https:\/\/www.tgrthaber.com\/mavikadin\/wp-json\/wp\/v2\/media?parent=115735"}],"wp:term":[{"taxonomy":"category","embeddable":true,"href":"https:\/\/www.tgrthaber.com\/mavikadin\/wp-json\/wp\/v2\/categories?post=115735"},{"taxonomy":"post_tag","embeddable":true,"href":"https:\/\/www.tgrthaber.com\/mavikadin\/wp-json\/wp\/v2\/tags?post=115735"}],"curies":[{"name":"wp","href":"https:\/\/api.w.org\/{rel}","templated":true}]}}