{"id":115769,"date":"2025-01-02T13:38:25","date_gmt":"2025-01-02T10:38:25","guid":{"rendered":"https:\/\/www.tgrthaber.com\/mavikadin\/?p=115769"},"modified":"2025-01-02T13:48:56","modified_gmt":"2025-01-02T10:48:56","slug":"ismail-hacioglu-eski-esi-duygu-kumarki-ile-yeniden-baristi-ayriliga-daha-fazla-dayanamadilar","status":"publish","type":"post","link":"https:\/\/www.tgrthaber.com\/mavikadin\/ismail-hacioglu-eski-esi-duygu-kumarki-ile-yeniden-baristi-ayriliga-daha-fazla-dayanamadilar\/","title":{"rendered":"\u0130smail Hac\u0131o\u011flu eski e\u015fi Duygu Kumarki ile yeniden bar\u0131\u015ft\u0131! Ayr\u0131l\u0131\u011fa daha fazla dayanamad\u0131lar"},"content":{"rendered":"<p class=\"p1\">\u00dcnl\u00fc oyuncu \u0130smail Hac\u0131o\u011flu, 2015 y\u0131l\u0131nda anla\u015fmal\u0131 olarak bo\u015fand\u0131\u011f\u0131 e\u015fi Duygu Kumarki ile birka\u00e7 ay \u00f6nce yeniden bar\u0131\u015fm\u0131\u015ft\u0131. Ancak ikilinin bar\u0131\u015f\u0131 uzun s\u00fcrmedi ve k\u0131sa s\u00fcre i\u00e7inde ili\u015fkilerinde tekrar bir kopukluk ya\u015fand\u0131. Ayr\u0131l\u0131klar\u0131n\u0131n ard\u0131ndan, \u00e7ift yeniden bir araya gelerek ili\u015fkilerine ikinci bir \u015fans verdi.<\/p>\n<h3>\u0130SMA\u0130L HACIO\u011eLU ESK\u0130 E\u015e\u0130 DUYGU KUMARK\u0130 \u0130LE BARI\u015eTI<\/h3>\n<p class=\"p1\">\u0130smail Hac\u0131o\u011flu, hem oyunculuk kariyerindeki ba\u015far\u0131l\u0131 performanslar\u0131yla hem de \u00f6zel hayat\u0131yla s\u0131k\u00e7a g\u00fcndeme gelen bir isim. 2020 y\u0131l\u0131nda anla\u015fmal\u0131 olarak bo\u015fand\u0131\u011f\u0131 eski e\u015fi Duygu Kumarki ile bir s\u00fcre sonra yeniden bir araya gelmi\u015fti. Bo\u015fanman\u0131n ard\u0131ndan Hac\u0131o\u011flu, Merve \u00c7a\u011f\u0131ran ve Asl\u0131han G\u00fcrb\u00fcz ile ya\u015fad\u0131\u011f\u0131 ili\u015fkilerle dikkat \u00e7ekmi\u015f, ancak arad\u0131\u011f\u0131 ger\u00e7ek mutlulu\u011fu eski e\u015fi Kumarki&#8217;de bulmaya karar vermi\u015fti. Ancak, bu yeniden bir araya geli\u015f de uzun s\u00fcrmedi ve \u00e7ift, 2024 y\u0131l\u0131n\u0131n A\u011fustos ay\u0131nda ili\u015fkilerini sonland\u0131rma karar\u0131 ald\u0131.<\/p>\n<p><img loading=\"lazy\" decoding=\"async\" class=\"alignnone wp-image-115770 size-full\" src=\"https:\/\/www.tgrthaber.com\/mavikadin\/wp-content\/uploads\/Ekran-Resmi-2025-01-02-13.29.03.png\" alt=\"\" width=\"1258\" height=\"1108\" title=\"\" srcset=\"https:\/\/www.tgrthaber.com\/mavikadin\/wp-content\/uploads\/Ekran-Resmi-2025-01-02-13.29.03.png 1258w, https:\/\/www.tgrthaber.com\/mavikadin\/wp-content\/uploads\/Ekran-Resmi-2025-01-02-13.29.03-300x264.png 300w, https:\/\/www.tgrthaber.com\/mavikadin\/wp-content\/uploads\/Ekran-Resmi-2025-01-02-13.29.03-1024x902.png 1024w, https:\/\/www.tgrthaber.com\/mavikadin\/wp-content\/uploads\/Ekran-Resmi-2025-01-02-13.29.03-768x676.png 768w\" sizes=\"(max-width: 1258px) 100vw, 1258px\" \/><\/p>\n<hr \/>\n<p class=\"p1\">Hac\u0131o\u011flu ile Kumarki, birbirlerine duyduklar\u0131 sevgiye ra\u011fmen, aralar\u0131ndaki uyumsuzluk ve farkl\u0131l\u0131klar nedeniyle bir kez daha ayr\u0131lmay\u0131 tercih etmi\u015fti. \u0130kili, tekrar bar\u0131\u015fma karar\u0131 alm\u0131\u015f olsa da, sonunda ili\u015fkilerini noktalamak zorunda kald\u0131. Hac\u0131o\u011flu&#8217;nun bu s\u00fcre\u00e7teki a\u015fk hayat\u0131, magazin d\u00fcnyas\u0131nda geni\u015f yank\u0131 uyand\u0131rd\u0131. Hem kariyerinde hem de \u00f6zel hayat\u0131nda ini\u015fli \u00e7\u0131k\u0131\u015fl\u0131 bir d\u00f6nemin ortas\u0131nda olan \u00fcnl\u00fc oyuncu e\u015fi Duygu Kumarki ile olan a\u015fk\u0131na yeniden \u015fans verdi.<\/p>\n<p><img loading=\"lazy\" decoding=\"async\" class=\"alignnone wp-image-115771 size-full\" src=\"https:\/\/www.tgrthaber.com\/mavikadin\/wp-content\/uploads\/Ekran-Resmi-2025-01-02-13.29.10.png\" alt=\"\" width=\"1282\" height=\"1214\" title=\"\" srcset=\"https:\/\/www.tgrthaber.com\/mavikadin\/wp-content\/uploads\/Ekran-Resmi-2025-01-02-13.29.10.png 1282w, https:\/\/www.tgrthaber.com\/mavikadin\/wp-content\/uploads\/Ekran-Resmi-2025-01-02-13.29.10-300x284.png 300w, https:\/\/www.tgrthaber.com\/mavikadin\/wp-content\/uploads\/Ekran-Resmi-2025-01-02-13.29.10-1024x970.png 1024w, https:\/\/www.tgrthaber.com\/mavikadin\/wp-content\/uploads\/Ekran-Resmi-2025-01-02-13.29.10-768x727.png 768w\" sizes=\"(max-width: 1282px) 100vw, 1282px\" \/><\/p>\n<hr \/>\n<h3 class=\"p1\">YEN\u0130 YILI B\u0130RL\u0130KTE KAR\u015eILADILAR<\/h3>\n<p class=\"p1\">Habert\u00fcrk muhabiri Onur Ayd\u0131n&#8217;\u0131n bildirdi\u011fine g\u00f6re, \u0130smail Hac\u0131o\u011flu ve Duygu Kaya Kumarki, 2025 y\u0131l\u0131na birlikte ad\u0131m att\u0131. \u00dcnl\u00fc \u00e7ift, yeni y\u0131l\u0131 K\u0131br\u0131s&#8217;ta, \u00fcnl\u00fc \u015fark\u0131c\u0131 Emre Altu\u011f&#8217;un sahne ald\u0131\u011f\u0131 bir programda kar\u015f\u0131lad\u0131. Birlikte ge\u00e7irdikleri bu \u00f6zel an, ikilinin bar\u0131\u015ft\u0131\u011f\u0131na dair dedikodular\u0131 da g\u00fc\u00e7lendirmi\u015f oldu. Hac\u0131o\u011flu ve Kumarki&#8217;nin yeni y\u0131l\u0131 birlikte kutlamas\u0131, aralar\u0131ndaki ili\u015fkinin yeniden \u015fekillenmeye ba\u015flad\u0131\u011f\u0131na i\u015faret ederken, \u00e7iftin mutlu anlar\u0131 sosyal medyada da dikkat \u00e7ekti.<\/p>\n<p><img loading=\"lazy\" decoding=\"async\" class=\"alignnone wp-image-115772 \" src=\"https:\/\/www.tgrthaber.com\/mavikadin\/wp-content\/uploads\/Ekran-Resmi-2025-01-02-13.31.10.png\" alt=\"\" width=\"989\" height=\"533\" title=\"\" srcset=\"https:\/\/www.tgrthaber.com\/mavikadin\/wp-content\/uploads\/Ekran-Resmi-2025-01-02-13.31.10.png 898w, https:\/\/www.tgrthaber.com\/mavikadin\/wp-content\/uploads\/Ekran-Resmi-2025-01-02-13.31.10-300x162.png 300w, https:\/\/www.tgrthaber.com\/mavikadin\/wp-content\/uploads\/Ekran-Resmi-2025-01-02-13.31.10-768x414.png 768w\" sizes=\"(max-width: 989px) 100vw, 989px\" \/><\/p>\n<hr \/>\n<h3>\u0130SMA\u0130L HACIO\u011eLU K\u0130MD\u0130R?<\/h3>\n<p class=\"p1\">\u0130smail Hac\u0131o\u011flu, 30 Kas\u0131m 1985 tarihinde \u0130stanbul&#8217;da d\u00fcnyaya geldi. Spor camias\u0131n\u0131n tan\u0131nan isimlerinden eski futbolcu ve teknik direkt\u00f6r Mehmet Hac\u0131o\u011flu&#8217;nun o\u011flu olan \u0130smail, sanatla tan\u0131\u015fmaya erken ya\u015flarda ad\u0131m att\u0131. \u0130lk olarak ilkokul 5. s\u0131n\u0131fta bir piyeste rol alarak oyunculu\u011fa ilgi duymaya ba\u015flad\u0131 ve bu ilgisini profesyonel sahnelere ta\u015f\u0131mak i\u00e7in M\u00fcjdat Gezen Sanat Merkezi Tiyatro B\u00f6l\u00fcm\u00fc&#8217;nde e\u011fitim ald\u0131. Tiyatro sahnesindeki ilk deneyimlerini iki sezon boyunca tiyatro oyunlar\u0131nda rol alarak peki\u015ftirdi.<\/p>\n<p><img loading=\"lazy\" decoding=\"async\" class=\"alignnone wp-image-115773 \" src=\"https:\/\/www.tgrthaber.com\/mavikadin\/wp-content\/uploads\/Ekran-Resmi-2025-01-02-13.34.30.png\" alt=\"\" width=\"991\" height=\"601\" title=\"\" srcset=\"https:\/\/www.tgrthaber.com\/mavikadin\/wp-content\/uploads\/Ekran-Resmi-2025-01-02-13.34.30.png 932w, https:\/\/www.tgrthaber.com\/mavikadin\/wp-content\/uploads\/Ekran-Resmi-2025-01-02-13.34.30-300x182.png 300w, https:\/\/www.tgrthaber.com\/mavikadin\/wp-content\/uploads\/Ekran-Resmi-2025-01-02-13.34.30-768x465.png 768w\" sizes=\"(max-width: 991px) 100vw, 991px\" \/><\/p>\n<hr \/>\n<p class=\"p1\">Ard\u0131ndan, Mimar Sinan \u00dcniversitesi Devlet Konservatuvar\u0131 Tiyatro B\u00f6l\u00fcm\u00fc&#8217;ne kabul edilse de, oyunculu\u011fa olan yo\u011fun ilgisi nedeniyle ilk s\u0131n\u0131ftan ayr\u0131larak sahneye odaklanmaya karar verdi. Sanat yolculu\u011funa &#8220;Dokuz Ay Son G\u00fcn&#8221; adl\u0131 tiyatro oyununda rol alarak devam etti. Hac\u0131o\u011flu, oyunculuk kariyerine tiyatro sahnelerinde ba\u015flayan, ancak zamanla televizyon ve sinema d\u00fcnyas\u0131nda da b\u00fcy\u00fck ba\u015far\u0131lar elde eden bir isim olarak ad\u0131n\u0131 duyurdu.<\/p>\n","protected":false},"excerpt":{"rendered":"<p>\u00dcnl\u00fc oyuncu \u0130smail Hac\u0131o\u011flu, 2015 y\u0131l\u0131nda anla\u015fmal\u0131 olarak bo\u015fand\u0131\u011f\u0131 e\u015fi Duygu Kumarki ile ge\u00e7ti\u011fimiz aylarda yeniden bir araya gelerek bar\u0131\u015fm\u0131\u015ft\u0131. Ancak, \u00e7iftin yeniden ba\u015flayan ili\u015fkisi beklenildi\u011fi gibi uzun s\u00fcrmedi ve k\u0131sa s\u00fcre i\u00e7inde aralar\u0131ndaki ba\u011fda tekrar bir kopukluk meydana geldi. Ayr\u0131l\u0131klar\u0131n\u0131n ard\u0131ndan, iki eski e\u015f, ili\u015fkilerine yeniden bir \u015fans verme karar\u0131 ald\u0131 ve bir kez daha birlikte olmaya karar verdiler. <\/p>\n","protected":false},"author":16,"featured_media":115774,"comment_status":"closed","ping_status":"closed","sticky":false,"template":"","format":"standard","meta":{"rank_math_lock_modified_date":false,"footnotes":""},"categories":[76],"tags":[6625,6624],"class_list":["post-115769","post","type-post","status-publish","format-standard","has-post-thumbnail","hentry","category-magazin","tag-ismail-hacioglu-duygu-kumarki","tag-ismail-hacioglu-duygu-kumarki-baristi"],"_links":{"self":[{"href":"https:\/\/www.tgrthaber.com\/mavikadin\/wp-json\/wp\/v2\/posts\/115769"}],"collection":[{"href":"https:\/\/www.tgrthaber.com\/mavikadin\/wp-json\/wp\/v2\/posts"}],"about":[{"href":"https:\/\/www.tgrthaber.com\/mavikadin\/wp-json\/wp\/v2\/types\/post"}],"author":[{"embeddable":true,"href":"https:\/\/www.tgrthaber.com\/mavikadin\/wp-json\/wp\/v2\/users\/16"}],"replies":[{"embeddable":true,"href":"https:\/\/www.tgrthaber.com\/mavikadin\/wp-json\/wp\/v2\/comments?post=115769"}],"version-history":[{"count":1,"href":"https:\/\/www.tgrthaber.com\/mavikadin\/wp-json\/wp\/v2\/posts\/115769\/revisions"}],"predecessor-version":[{"id":115775,"href":"https:\/\/www.tgrthaber.com\/mavikadin\/wp-json\/wp\/v2\/posts\/115769\/revisions\/115775"}],"wp:featuredmedia":[{"embeddable":true,"href":"https:\/\/www.tgrthaber.com\/mavikadin\/wp-json\/wp\/v2\/media\/115774"}],"wp:attachment":[{"href":"https:\/\/www.tgrthaber.com\/mavikadin\/wp-json\/wp\/v2\/media?parent=115769"}],"wp:term":[{"taxonomy":"category","embeddable":true,"href":"https:\/\/www.tgrthaber.com\/mavikadin\/wp-json\/wp\/v2\/categories?post=115769"},{"taxonomy":"post_tag","embeddable":true,"href":"https:\/\/www.tgrthaber.com\/mavikadin\/wp-json\/wp\/v2\/tags?post=115769"}],"curies":[{"name":"wp","href":"https:\/\/api.w.org\/{rel}","templated":true}]}}