{"id":115802,"date":"2025-01-02T15:04:46","date_gmt":"2025-01-02T12:04:46","guid":{"rendered":"https:\/\/www.tgrthaber.com\/mavikadin\/?p=115802"},"modified":"2025-01-02T15:52:23","modified_gmt":"2025-01-02T12:52:23","slug":"mauro-icardiden-simge-sagina-yesil-isik","status":"publish","type":"post","link":"https:\/\/www.tgrthaber.com\/mavikadin\/mauro-icardiden-simge-sagina-yesil-isik\/","title":{"rendered":"Mauro \u0130cardi&#8217;den Simge Sa\u011f\u0131n&#8217;a ye\u015fil \u0131\u015f\u0131k!"},"content":{"rendered":"<p class=\"p1\">Son d\u00f6nemde magazin d\u00fcnyas\u0131nda s\u0131k\u00e7a konu\u015fulan Simge ve Icardi&#8217;nin sosyal medya etkile\u015fimleri, a\u015fk dedikodular\u0131n\u0131 giderek daha da g\u00fc\u00e7lendirdi. \u00d6zellikle Simge&#8217;nin y\u0131lba\u015f\u0131 payla\u015f\u0131m\u0131n\u0131 Icardi&#8217;nin h\u0131zla be\u011fenmesi, bu s\u00f6ylentilerin yeniden alevlenmesine neden oldu. Her ne kadar her iki taraf da bu iddialar\u0131 yalanlam\u0131\u015f olsa da, hayranlar\u0131 ve takip\u00e7ileri aras\u0131nda ikili s\u0131k s\u0131k birbirlerine yak\u0131\u015ft\u0131r\u0131lmaya devam ediyor. Sosyal medyada birbirlerini hala takip eden Simge ve Icardi, payla\u015f\u0131mlar\u0131 ve verdikleri tepkilerle merak konusu oluyor. Bu durum, magazin g\u00fcndeminde ikiliye y\u00f6nelik spek\u00fclasyonlar\u0131n daha uzun s\u00fcre konu\u015fulaca\u011f\u0131n\u0131n sinyallerini vermeye devam edecek gibi g\u00f6r\u00fcn\u00fcyor.<\/p>\n<h3>MAURO \u0130CARD\u0130&#8217;DEN S\u0130MGE SA\u011eIN&#8217;A YE\u015e\u0130L I\u015eIK<\/h3>\n<p class=\"p1\">Son d\u00f6nemde s\u0131k s\u0131k adlar\u0131 yan yana an\u0131lan Simge ve Icardi, sosyal medyada g\u00fcndem olmaya devam ediyor. Simge\u2019nin \u201cIcardi benim k\u0131smetimi kapat\u0131yor\u201d s\u00f6zleriyle dikkat \u00e7eken a\u00e7\u0131klamas\u0131n\u0131n ard\u0131ndan, bu ikili aras\u0131ndaki yak\u0131nl\u0131k iddialar\u0131 daha da konu\u015fulmaya ba\u015fland\u0131. \u00d6zellikle Simge\u2019nin y\u0131lba\u015f\u0131 payla\u015f\u0131m\u0131n\u0131 Icardi\u2019nin h\u0131zla be\u011fenmesi, sosyal medyada b\u00fcy\u00fck yank\u0131 uyand\u0131rd\u0131. Hayranlar\u0131 bu durumu farkl\u0131 yorumlarken, ikilinin a\u00e7\u0131klamalar\u0131na ra\u011fmen dedikodular dinmek bilmiyor. Sosyal medya etkile\u015fimleriyle g\u00fcndemde kalan Simge ve Icardi, bu payla\u015f\u0131mlarla magazin d\u00fcnyas\u0131n\u0131n g\u00fcndemi aras\u0131nda yer al\u0131yor.<\/p>\n<p><img loading=\"lazy\" decoding=\"async\" class=\"alignnone wp-image-115806 size-full\" src=\"https:\/\/www.tgrthaber.com\/mavikadin\/wp-content\/uploads\/Ekran-Resmi-2025-01-02-14.59.20.png\" alt=\"\" width=\"1128\" height=\"1532\" title=\"\" srcset=\"https:\/\/www.tgrthaber.com\/mavikadin\/wp-content\/uploads\/Ekran-Resmi-2025-01-02-14.59.20.png 1128w, https:\/\/www.tgrthaber.com\/mavikadin\/wp-content\/uploads\/Ekran-Resmi-2025-01-02-14.59.20-221x300.png 221w, https:\/\/www.tgrthaber.com\/mavikadin\/wp-content\/uploads\/Ekran-Resmi-2025-01-02-14.59.20-754x1024.png 754w, https:\/\/www.tgrthaber.com\/mavikadin\/wp-content\/uploads\/Ekran-Resmi-2025-01-02-14.59.20-768x1043.png 768w\" sizes=\"(max-width: 1128px) 100vw, 1128px\" \/><\/p>\n<hr \/>\n<h3>S\u0130MGE \u0130CARD\u0130&#8217;YLE OLAN A\u015eK DED\u0130KODULARI \u0130\u00c7\u0130N NE DEM\u0130\u015eT\u0130?<\/h3>\n<p class=\"p1\">\u00dcnl\u00fc \u015fark\u0131c\u0131 Simge, Icardi ile ilgili \u00e7\u0131kan a\u015fk dedikodular\u0131na a\u00e7\u0131kl\u0131k getirmi\u015fti:\u00a0 \u201cSadece \u015fampiyonluk ma\u00e7\u0131na davet edildi\u011fim i\u00e7in gittim. Hayat\u0131mda kendisini ilk kez orada g\u00f6rd\u00fcm ve bir daha g\u00f6r\u00fc\u015fmedik. Bu iddialar\u0131n bu kadar b\u00fcy\u00fcmesine inanam\u0131yorum,\u201d diyerek a\u015fk s\u00f6ylentilerini net bir \u015fekilde yalanlam\u0131\u015ft\u0131.<\/p>\n<p><img loading=\"lazy\" decoding=\"async\" class=\"alignnone wp-image-115808 size-full\" src=\"https:\/\/www.tgrthaber.com\/mavikadin\/wp-content\/uploads\/Ekran-Resmi-2025-01-02-14.57.09.png\" alt=\"\" width=\"1202\" height=\"1202\" title=\"\" srcset=\"https:\/\/www.tgrthaber.com\/mavikadin\/wp-content\/uploads\/Ekran-Resmi-2025-01-02-14.57.09.png 1202w, https:\/\/www.tgrthaber.com\/mavikadin\/wp-content\/uploads\/Ekran-Resmi-2025-01-02-14.57.09-300x300.png 300w, https:\/\/www.tgrthaber.com\/mavikadin\/wp-content\/uploads\/Ekran-Resmi-2025-01-02-14.57.09-1024x1024.png 1024w, https:\/\/www.tgrthaber.com\/mavikadin\/wp-content\/uploads\/Ekran-Resmi-2025-01-02-14.57.09-150x150.png 150w, https:\/\/www.tgrthaber.com\/mavikadin\/wp-content\/uploads\/Ekran-Resmi-2025-01-02-14.57.09-768x768.png 768w\" sizes=\"(max-width: 1202px) 100vw, 1202px\" \/><\/p>\n<hr \/>\n<p class=\"p1\">A\u00e7\u0131klamalar\u0131nda esprili bir \u00fcslup da kullanan Simge, \u201cIcardi benim k\u0131smetimi kapat\u0131yor, ben evde oturuyorum,\u201d ifadeleriyle hayranlar\u0131n\u0131 hem \u015fa\u015f\u0131rtt\u0131 hem de g\u00fcld\u00fcrd\u00fc. Bu a\u00e7\u0131klamalar, magazin d\u00fcnyas\u0131nda b\u00fcy\u00fck yank\u0131 uyand\u0131r\u0131rken, sosyal medyada da geni\u015f bir tart\u0131\u015fma ba\u015flatt\u0131. Simge\u2019nin bu net ve samimi a\u00e7\u0131klamalar\u0131 yine de &#8216;acaba a\u015fk ya\u015farlar m\u0131?\u2019 sorular\u0131n\u0131n g\u00fcndeme gelmesine neden oldu.<\/p>\n","protected":false},"excerpt":{"rendered":"<p>Simge ve Icardi&#8217;nin sosyal medya etkile\u015fimleri, a\u015fk iddialar\u0131n\u0131 yeniden g\u00fcndeme ta\u015f\u0131d\u0131. Simge\u2019nin yeni y\u0131lda payla\u015ft\u0131\u011f\u0131 foto\u011fraf\u0131n\u0131 Mauro \u0130cardi\u2019nin be\u011fenmesi a\u015fk iddialar\u0131n\u0131 yeniden g\u00fcndeme ta\u015f\u0131d\u0131. <\/p>\n","protected":false},"author":16,"featured_media":115812,"comment_status":"closed","ping_status":"closed","sticky":false,"template":"","format":"standard","meta":{"rank_math_lock_modified_date":false,"footnotes":""},"categories":[76],"tags":[6629,6628],"class_list":["post-115802","post","type-post","status-publish","format-standard","has-post-thumbnail","hentry","category-magazin","tag-simge-sagin-mauro-icardi","tag-simge-sagin-mauro-icardi-ask"],"_links":{"self":[{"href":"https:\/\/www.tgrthaber.com\/mavikadin\/wp-json\/wp\/v2\/posts\/115802"}],"collection":[{"href":"https:\/\/www.tgrthaber.com\/mavikadin\/wp-json\/wp\/v2\/posts"}],"about":[{"href":"https:\/\/www.tgrthaber.com\/mavikadin\/wp-json\/wp\/v2\/types\/post"}],"author":[{"embeddable":true,"href":"https:\/\/www.tgrthaber.com\/mavikadin\/wp-json\/wp\/v2\/users\/16"}],"replies":[{"embeddable":true,"href":"https:\/\/www.tgrthaber.com\/mavikadin\/wp-json\/wp\/v2\/comments?post=115802"}],"version-history":[{"count":3,"href":"https:\/\/www.tgrthaber.com\/mavikadin\/wp-json\/wp\/v2\/posts\/115802\/revisions"}],"predecessor-version":[{"id":115825,"href":"https:\/\/www.tgrthaber.com\/mavikadin\/wp-json\/wp\/v2\/posts\/115802\/revisions\/115825"}],"wp:featuredmedia":[{"embeddable":true,"href":"https:\/\/www.tgrthaber.com\/mavikadin\/wp-json\/wp\/v2\/media\/115812"}],"wp:attachment":[{"href":"https:\/\/www.tgrthaber.com\/mavikadin\/wp-json\/wp\/v2\/media?parent=115802"}],"wp:term":[{"taxonomy":"category","embeddable":true,"href":"https:\/\/www.tgrthaber.com\/mavikadin\/wp-json\/wp\/v2\/categories?post=115802"},{"taxonomy":"post_tag","embeddable":true,"href":"https:\/\/www.tgrthaber.com\/mavikadin\/wp-json\/wp\/v2\/tags?post=115802"}],"curies":[{"name":"wp","href":"https:\/\/api.w.org\/{rel}","templated":true}]}}