{"id":115826,"date":"2025-01-02T16:07:46","date_gmt":"2025-01-02T13:07:46","guid":{"rendered":"https:\/\/www.tgrthaber.com\/mavikadin\/?p=115826"},"modified":"2025-01-02T16:07:46","modified_gmt":"2025-01-02T13:07:46","slug":"unlu-oyuncu-ismail-ege-sasmaz-kizi-azranin-yas-gununu-duygusal-mesajla-kutladi-hayatimin-anlami-sensin","status":"publish","type":"post","link":"https:\/\/www.tgrthaber.com\/mavikadin\/unlu-oyuncu-ismail-ege-sasmaz-kizi-azranin-yas-gununu-duygusal-mesajla-kutladi-hayatimin-anlami-sensin\/","title":{"rendered":"\u00dcnl\u00fc oyuncu \u0130smail Ege \u015ea\u015fmaz k\u0131z\u0131 Azra&#8217;n\u0131n ya\u015f g\u00fcn\u00fcn\u00fc duygusal mesajla kutlad\u0131: &#8220;Hayat\u0131m\u0131n anlam\u0131 sensin&#8221;"},"content":{"rendered":"<p>Y\u0131lba\u015f\u0131 gecesi TRT 1 kanal\u0131nda ekranlara verilen &#8216;Lingo&#8217; yar\u0131\u015fmas\u0131n\u0131n \u00f6zel konu\u011fu olan ba\u015far\u0131l\u0131 oyuncu \u0130smail Ege \u015ea\u015fmaz, \u00f6zel ya\u015fant\u0131s\u0131yla merak edilen isimlerden biri olmaya devam ediyor. &#8216;A\u015fk Laftan Anlamaz&#8217;, &#8216;Ser\u00e7e Saray\u0131&#8217;, &#8216;Uyan\u0131\u015f: B\u00fcy\u00fck Sel\u00e7uklu&#8217;, &#8216;G\u00fcne\u015fi Beklerken&#8217;,\u00a0 &#8216;K\u00f6r Nokta&#8217; gibi dizilerde ba\u015far\u0131l\u0131 oyunculuk performans\u0131 sergileyerek ekranlar\u0131n aranan y\u00fcz\u00fc haline gelen oyuncu \u0130smail Ege \u015ea\u015fmaz, e\u015fi Hande \u00dcnal \u015ea\u015fmaz ile beraber k\u0131zlar\u0131 Azra&#8217;n\u0131n 1. ya\u015f g\u00fcn\u00fcn\u00fc sosyal medya hesab\u0131ndan yapt\u0131\u011f\u0131 duygusal mesajla kutlad\u0131lar.<\/p>\n<h3>OYUNCU \u0130SMA\u0130L EGE \u015eA\u015eMAZ&#8217;DAN KIZI AZRA&#8217;YA ANLAMLI DO\u011eUM G\u00dcN\u00dc NOTU:<\/h3>\n<p>Ba\u015far\u0131l\u0131 ve karizmatik oyuncu \u0130smail Ege \u015ea\u015fmaz, aktif kulland\u0131\u011f\u0131 y\u00fcksek takip\u00e7ili sosyal medya hesab\u0131ndan k\u0131z\u0131 Azra&#8217;n\u0131n do\u011fum g\u00fcn\u00fcn\u00fc kutlad\u0131.<\/p>\n<p><img loading=\"lazy\" decoding=\"async\" class=\"alignnone wp-image-115830\" src=\"https:\/\/www.tgrthaber.com\/mavikadin\/wp-content\/uploads\/3-8.png\" alt=\"\" width=\"1208\" height=\"671\" title=\"\" srcset=\"https:\/\/www.tgrthaber.com\/mavikadin\/wp-content\/uploads\/3-8.png 787w, https:\/\/www.tgrthaber.com\/mavikadin\/wp-content\/uploads\/3-8-300x167.png 300w, https:\/\/www.tgrthaber.com\/mavikadin\/wp-content\/uploads\/3-8-768x426.png 768w\" sizes=\"(max-width: 1208px) 100vw, 1208px\" \/><\/p>\n<hr \/>\n<p>K\u0131z\u0131 Azra&#8217;n\u0131n foto\u011fraf\u0131n\u0131 takip\u00e7ileriyle payla\u015fan oyuncu Ege \u015ea\u015fmaz, do\u011fum g\u00fcn\u00fc payla\u015f\u0131m\u0131na not olarak \u015fu ifadeleri d\u00fc\u015ft\u00fc:<\/p>\n<p>&#8221;G\u00fczel k\u0131z\u0131m, seninle her ge\u00e7en g\u00fcn\u00fc \u00f6zleyip yeni ba\u015flayan her g\u00fcne heyecanla uyan\u0131yorum. Hayat\u0131m\u0131n anlam\u0131 sensin! \u00d6m\u00fcr boyu yan\u0131nday\u0131m, arkanday\u0131m, bakt\u0131\u011f\u0131n her yerdeyim. Pamuk k\u0131z\u0131m seni \u00e7ok seviyorum.&#8221; \u00dcnl\u00fc oyuncu \u0130samil Ege \u015ea\u015fmaz&#8217;\u0131n k\u0131z\u0131 i\u00e7in kurdu\u011fu bu c\u00fcmleler, takip\u00e7ilerini duyguland\u0131rd\u0131. G\u00f6nderi k\u0131sa zamanda yorum ve be\u011feni ya\u011fmuruna tutuldu.<\/p>\n<h3>\u0130SMA\u0130L EGE \u015eA\u015eMAZ&#8217;IN E\u015e\u0130 DE PAYLA\u015eIMDAN GER\u0130 KALMADI! &#8221;GECES\u0130YLE G\u00dcND\u00dcZ\u00dcYLE&#8221;<\/h3>\n<p>\u00dcnl\u00fc oyuncunun e\u015fi Hande \u015ea\u015fmaz da biricik k\u0131z\u0131 Azra&#8217;n\u0131n ilk ya\u015f g\u00fcn\u00fc i\u00e7in payla\u015f\u0131mda bulunarak do\u011fum g\u00fcn\u00fc partisinden kareleri sosyal medya hesab\u0131ndan takip\u00e7ileriyle payla\u015ft\u0131.<\/p>\n<p><img loading=\"lazy\" decoding=\"async\" class=\"alignnone wp-image-115843\" src=\"https:\/\/www.tgrthaber.com\/mavikadin\/wp-content\/uploads\/FF-6.png\" alt=\"\" width=\"1208\" height=\"679\" title=\"\" srcset=\"https:\/\/www.tgrthaber.com\/mavikadin\/wp-content\/uploads\/FF-6.png 786w, https:\/\/www.tgrthaber.com\/mavikadin\/wp-content\/uploads\/FF-6-300x169.png 300w, https:\/\/www.tgrthaber.com\/mavikadin\/wp-content\/uploads\/FF-6-768x432.png 768w\" sizes=\"(max-width: 1208px) 100vw, 1208px\" \/><\/p>\n<hr \/>\n<p>\u015ea\u015fmaz, do\u011fum g\u00fcn\u00fc g\u00f6nderisine &#8221;Gecesiyle g\u00fcnd\u00fcz\u00fcyle seninle ge\u00e7en 1 sene. Her g\u00fcn birbirinden \u00f6zel, her bak\u0131\u015f\u0131n, her dokunu\u015fun \u00e7ok k\u0131ymetli. Her an\u0131n\u0131 haf\u0131zama kaz\u0131yorum, bir saniyesi bile akl\u0131mdan hi\u00e7 \u00e7\u0131kmas\u0131n istiyorum. Bize sonsuz bir sevgi verdin, k\u00fc\u00e7\u00fcc\u00fck kalbinle hayat\u0131m\u0131z\u0131 cennete \u00e7evirdin.<\/p>\n<p>G\u00fcler y\u00fcz\u00fcn, huzurun, mutlulu\u011fun, a\u015fk dolu kalbin hep daim olsun.. Sa\u011fl\u0131kla ya\u015fa can\u0131m k\u0131z\u0131m. Senin annen olmak harika. Ps: binlerce foto\u011fraf\u0131n i\u00e7inden bir se\u00e7ki yap\u0131p koymak istedim ama sonra k\u0131yamad\u0131m, hepsi \u00e7ok \u00f6zel hepsi.&#8221; mesaj\u0131n\u0131 yazd\u0131.<\/p>\n","protected":false},"excerpt":{"rendered":"<p>31 ya\u015f\u0131ndaki sevilen oyuncu \u0130smail Ege \u015ea\u015fmaz ve e\u015fi Hande \u015ea\u015fmaz, sosyal medya hesaplar\u0131nda 1 ya\u015f\u0131ndaki k\u0131zlar\u0131 Azra&#8217;n\u0131n do\u011fum g\u00fcn\u00fcn\u00fc anlaml\u0131 s\u00f6zlerle kutlad\u0131lar.<\/p>\n","protected":false},"author":27,"featured_media":115844,"comment_status":"closed","ping_status":"closed","sticky":false,"template":"","format":"standard","meta":{"rank_math_lock_modified_date":false,"footnotes":""},"categories":[76],"tags":[2837,6631,3101,133],"class_list":["post-115826","post","type-post","status-publish","format-standard","has-post-thumbnail","hentry","category-magazin","tag-dogum-gunu","tag-hande-sasmaz","tag-ismail-ege-sasmaz","tag-magazin"],"_links":{"self":[{"href":"https:\/\/www.tgrthaber.com\/mavikadin\/wp-json\/wp\/v2\/posts\/115826"}],"collection":[{"href":"https:\/\/www.tgrthaber.com\/mavikadin\/wp-json\/wp\/v2\/posts"}],"about":[{"href":"https:\/\/www.tgrthaber.com\/mavikadin\/wp-json\/wp\/v2\/types\/post"}],"author":[{"embeddable":true,"href":"https:\/\/www.tgrthaber.com\/mavikadin\/wp-json\/wp\/v2\/users\/27"}],"replies":[{"embeddable":true,"href":"https:\/\/www.tgrthaber.com\/mavikadin\/wp-json\/wp\/v2\/comments?post=115826"}],"version-history":[{"count":2,"href":"https:\/\/www.tgrthaber.com\/mavikadin\/wp-json\/wp\/v2\/posts\/115826\/revisions"}],"predecessor-version":[{"id":115846,"href":"https:\/\/www.tgrthaber.com\/mavikadin\/wp-json\/wp\/v2\/posts\/115826\/revisions\/115846"}],"wp:featuredmedia":[{"embeddable":true,"href":"https:\/\/www.tgrthaber.com\/mavikadin\/wp-json\/wp\/v2\/media\/115844"}],"wp:attachment":[{"href":"https:\/\/www.tgrthaber.com\/mavikadin\/wp-json\/wp\/v2\/media?parent=115826"}],"wp:term":[{"taxonomy":"category","embeddable":true,"href":"https:\/\/www.tgrthaber.com\/mavikadin\/wp-json\/wp\/v2\/categories?post=115826"},{"taxonomy":"post_tag","embeddable":true,"href":"https:\/\/www.tgrthaber.com\/mavikadin\/wp-json\/wp\/v2\/tags?post=115826"}],"curies":[{"name":"wp","href":"https:\/\/api.w.org\/{rel}","templated":true}]}}