{"id":115834,"date":"2025-01-02T16:19:25","date_gmt":"2025-01-02T13:19:25","guid":{"rendered":"https:\/\/www.tgrthaber.com\/mavikadin\/?p=115834"},"modified":"2025-01-02T16:19:25","modified_gmt":"2025-01-02T13:19:25","slug":"ailesini-silen-ozcan-denizden-cok-konusulacak-mutluluk-pozu-herkes-tamam","status":"publish","type":"post","link":"https:\/\/www.tgrthaber.com\/mavikadin\/ailesini-silen-ozcan-denizden-cok-konusulacak-mutluluk-pozu-herkes-tamam\/","title":{"rendered":"Ailesini silen \u00d6zcan Deniz&#8217;den \u00e7ok konu\u015fulacak mutluluk pozu: &#8216;Herkes tamam!&#8217;"},"content":{"rendered":"<p>Ailesiyle g\u00f6r\u00fc\u015fmeyi b\u0131rakan ve onlar\u0131 sildi\u011fini a\u00e7\u0131klayan \u00d6zcan Deniz&#8217;den \u00e7ok konu\u015fulacak bir foto\u011fraf geldi. \u00dcnl\u00fc isim o\u011flu ve e\u015fiyle \u00e7ektirdi\u011fi foto\u011fraf\u0131 &#8216;herkes tamam&#8217; notuyla payla\u015farak g\u00fcndeme oturdu.<\/p>\n<h3>A\u0130LES\u0130N\u0130 S\u0130LEN \u00d6ZCAN DEN\u0130Z&#8217;DEN \u00c7OK KONU\u015eULACAK MUTLULUK POZU: &#8216;HERKES TAMAM!&#8217;<\/h3>\n<p>\u00dcnl\u00fc isim \u00d6zcan Deniz, hem mesleki ya\u015fam\u0131yla hem de ki\u015fisel hayat\u0131yla s\u0131k s\u0131k g\u00fcndemde yer al\u0131rken, ayn\u0131 zamanda menajerli\u011fini \u00fcstlenen karde\u015fi Ercan Deniz ile kar\u015f\u0131 kar\u015f\u0131ya gelmi\u015f ve sanat\u00e7\u0131, \u00e7evrim i\u00e7i platformda yapt\u0131\u011f\u0131 a\u00e7\u0131klamayla yak\u0131nlar\u0131na tav\u0131r alm\u0131\u015ft\u0131. Ailesini silen \u00d6zcan Deniz&#8217;den \u00e7ok konu\u015fulacak mutluluk pozu geldi. \u00dcnl\u00fc isim y\u0131lba\u015f\u0131 sahnesini K\u0131br\u0131s&#8217;ta yapt\u0131. Burada haz\u0131rland\u0131\u011f\u0131 otel odas\u0131ndan o\u011flu ve e\u015fi ile bir foto\u011fraf \u00e7ektiren \u00d6zcan Deniz, o foto\u011frafa; &#8221;Herkes burda.Tastamam\u0131z.Ho\u015f geldin 2025.&#8221; s\u00f6zlerini ekledi. Deniz&#8217;in bu ifadeleri kendisi i\u00e7in magazin d\u00fcnyas\u0131nda geni\u015f yank\u0131 buldu. Samar Dadgar ise \u00d6zcan Deniz&#8217;in kendisini \u00f6pt\u00fc\u011f\u00fc foto\u011fraf\u0131 sosyal medya hesab\u0131ndan payla\u015ft\u0131.<\/p>\n<hr \/>\n<p><img loading=\"lazy\" decoding=\"async\" class=\"alignnone size-full wp-image-115847\" src=\"https:\/\/www.tgrthaber.com\/mavikadin\/wp-content\/uploads\/hn-Kurtarildiqw.jpg\" alt=\"\" width=\"1208\" height=\"680\" title=\"\" srcset=\"https:\/\/www.tgrthaber.com\/mavikadin\/wp-content\/uploads\/hn-Kurtarildiqw.jpg 1208w, https:\/\/www.tgrthaber.com\/mavikadin\/wp-content\/uploads\/hn-Kurtarildiqw-300x169.jpg 300w, https:\/\/www.tgrthaber.com\/mavikadin\/wp-content\/uploads\/hn-Kurtarildiqw-1024x576.jpg 1024w, https:\/\/www.tgrthaber.com\/mavikadin\/wp-content\/uploads\/hn-Kurtarildiqw-768x432.jpg 768w\" sizes=\"(max-width: 1208px) 100vw, 1208px\" \/><\/p>\n<h3>EBRU POLAT&#8217;TAN \u00d6ZCAN DEN\u0130Z&#8217;E TAVS\u0130YE<\/h3>\n<p>\u00d6zcan Deniz&#8217;in ailesini silmesi, magazin d\u00fcnyas\u0131na bomba etkisi meydana getirirken, konuyla ilgili bir yorum da Ebru Polat\u2019tan geldi. Aram\u0131zda Kalmas\u0131n adl\u0131 programa konuk olan Polat, \u00d6zcan Deniz\u2019e \u00f6neriler sundu. Polat a\u00e7\u0131klamas\u0131nda \u015fu ifadeleri kulland\u0131:<\/p>\n<hr \/>\n<p><img loading=\"lazy\" decoding=\"async\" class=\"alignnone size-full wp-image-115848\" src=\"https:\/\/www.tgrthaber.com\/mavikadin\/wp-content\/uploads\/hn-Kurtarildia.jpg\" alt=\"\" width=\"1208\" height=\"680\" title=\"\" srcset=\"https:\/\/www.tgrthaber.com\/mavikadin\/wp-content\/uploads\/hn-Kurtarildia.jpg 1208w, https:\/\/www.tgrthaber.com\/mavikadin\/wp-content\/uploads\/hn-Kurtarildia-300x169.jpg 300w, https:\/\/www.tgrthaber.com\/mavikadin\/wp-content\/uploads\/hn-Kurtarildia-1024x576.jpg 1024w, https:\/\/www.tgrthaber.com\/mavikadin\/wp-content\/uploads\/hn-Kurtarildia-768x432.jpg 768w\" sizes=\"(max-width: 1208px) 100vw, 1208px\" \/><\/p>\n<p>\u201c\u00d6zcan, sen k\u0131ymetli bir sanat\u00e7\u0131s\u0131n. Bu mesle\u011fe y\u0131llar\u0131n\u0131 adad\u0131n, hukuki dan\u0131\u015fmanlar\u0131nla g\u00f6r\u00fc\u015f. Sana bir hukuk\u00e7u olarak buradan s\u00f6yl\u00fcyorum. Derhal bir hukuki s\u00fcre\u00e7 ba\u015flat. Onlara bir konu\u015fma k\u0131s\u0131tlamas\u0131 getirtsinler. Sen de huzura kavu\u015fursun. Adalet var, hukuk var. Bu t\u00fcr \u015feylere hi\u00e7 gerek yok.\u201d<\/p>\n<hr \/>\n<p><img loading=\"lazy\" decoding=\"async\" class=\"alignnone size-full wp-image-115849\" src=\"https:\/\/www.tgrthaber.com\/mavikadin\/wp-content\/uploads\/hn-dddjpg.jpg\" alt=\"\" width=\"1208\" height=\"680\" title=\"\" srcset=\"https:\/\/www.tgrthaber.com\/mavikadin\/wp-content\/uploads\/hn-dddjpg.jpg 1208w, https:\/\/www.tgrthaber.com\/mavikadin\/wp-content\/uploads\/hn-dddjpg-300x169.jpg 300w, https:\/\/www.tgrthaber.com\/mavikadin\/wp-content\/uploads\/hn-dddjpg-1024x576.jpg 1024w, https:\/\/www.tgrthaber.com\/mavikadin\/wp-content\/uploads\/hn-dddjpg-768x432.jpg 768w\" sizes=\"(max-width: 1208px) 100vw, 1208px\" \/><\/p>\n","protected":false},"excerpt":{"rendered":"<p>Son zamanlarda ailesiyle ya\u015fad\u0131\u011f\u0131 problemlerle g\u00fcndeme gelen ve ailesini silen \u00d6zcan Deniz&#8217;den \u00e7ok konu\u015fulacak mutluluk pozu geldi. \u00dcnl\u00fc isim o pozu imal\u0131 bir a\u00e7\u0131klamayla payla\u015ft\u0131.<\/p>\n","protected":false},"author":2,"featured_media":115850,"comment_status":"closed","ping_status":"closed","sticky":false,"template":"","format":"standard","meta":{"rank_math_lock_modified_date":false,"footnotes":""},"categories":[76],"tags":[133,2218,2393,2394],"class_list":["post-115834","post","type-post","status-publish","format-standard","has-post-thumbnail","hentry","category-magazin","tag-magazin","tag-magazin-haberleri","tag-ozcan-deniz","tag-samar-dadgar"],"_links":{"self":[{"href":"https:\/\/www.tgrthaber.com\/mavikadin\/wp-json\/wp\/v2\/posts\/115834"}],"collection":[{"href":"https:\/\/www.tgrthaber.com\/mavikadin\/wp-json\/wp\/v2\/posts"}],"about":[{"href":"https:\/\/www.tgrthaber.com\/mavikadin\/wp-json\/wp\/v2\/types\/post"}],"author":[{"embeddable":true,"href":"https:\/\/www.tgrthaber.com\/mavikadin\/wp-json\/wp\/v2\/users\/2"}],"replies":[{"embeddable":true,"href":"https:\/\/www.tgrthaber.com\/mavikadin\/wp-json\/wp\/v2\/comments?post=115834"}],"version-history":[{"count":1,"href":"https:\/\/www.tgrthaber.com\/mavikadin\/wp-json\/wp\/v2\/posts\/115834\/revisions"}],"predecessor-version":[{"id":115851,"href":"https:\/\/www.tgrthaber.com\/mavikadin\/wp-json\/wp\/v2\/posts\/115834\/revisions\/115851"}],"wp:featuredmedia":[{"embeddable":true,"href":"https:\/\/www.tgrthaber.com\/mavikadin\/wp-json\/wp\/v2\/media\/115850"}],"wp:attachment":[{"href":"https:\/\/www.tgrthaber.com\/mavikadin\/wp-json\/wp\/v2\/media?parent=115834"}],"wp:term":[{"taxonomy":"category","embeddable":true,"href":"https:\/\/www.tgrthaber.com\/mavikadin\/wp-json\/wp\/v2\/categories?post=115834"},{"taxonomy":"post_tag","embeddable":true,"href":"https:\/\/www.tgrthaber.com\/mavikadin\/wp-json\/wp\/v2\/tags?post=115834"}],"curies":[{"name":"wp","href":"https:\/\/api.w.org\/{rel}","templated":true}]}}