{"id":115852,"date":"2025-01-02T17:01:31","date_gmt":"2025-01-02T14:01:31","guid":{"rendered":"https:\/\/www.tgrthaber.com\/mavikadin\/?p=115852"},"modified":"2025-01-02T17:01:31","modified_gmt":"2025-01-02T14:01:31","slug":"sabancilarin-torunuyla-ask-yasayan-kerem-bursinden-dikkat-ceken-aciklama-demode-bir-asigim","status":"publish","type":"post","link":"https:\/\/www.tgrthaber.com\/mavikadin\/sabancilarin-torunuyla-ask-yasayan-kerem-bursinden-dikkat-ceken-aciklama-demode-bir-asigim\/","title":{"rendered":"Sabanc\u0131lar\u0131n torunuyla a\u015fk ya\u015fayan Kerem Bursin&#8217;den dikkat \u00e7eken a\u00e7\u0131klama: &#8216;Demode bir a\u015f\u0131\u011f\u0131m&#8217;"},"content":{"rendered":"<p>Sabanc\u0131 ailesine eni\u015fte olaca\u011f\u0131 iddia edilen akt\u00f6r Kerem B\u00fcrsin, a\u015fk hayat\u0131nda nas\u0131l biri oldu\u011funu dile getirdi. Melisa Tapan ile birlikte olan B\u00fcrsin, nas\u0131l bir a\u015f\u0131k oldu\u011funu dikkat \u00e7eken s\u00f6zlerle anlatt\u0131.<\/p>\n<h3>KEREM B\u00dcRS\u0130N&#8217;DEN D\u0130KKAT \u00c7EKEN A\u00c7IKLAMA<\/h3>\n<p>Ahmet M\u00fcmtaz Taylan\u2019\u0131n program\u0131na konuk olan Kerem B\u00fcrsin, yapt\u0131\u011f\u0131 a\u00e7\u0131klamayla Melisa Tapan ile olan ili\u015fkisinde nas\u0131l biri oldu\u011funu da ortaya koymu\u015f oldu.<\/p>\n<p>Taylan\u2019\u0131n \u201cEski tarz bir \u00e2\u015f\u0131k m\u0131s\u0131n?\u201d sorusuna yan\u0131t veren B\u00fcrsin, &#8220;\u00c7ok demodeyim. A\u015f\u0131r\u0131. Yanl\u0131\u015f anla\u015f\u0131lacak kadar demode bir a\u015f\u0131\u011f\u0131m. Salonun ortas\u0131nda piknik yapmaya bile \u00e7al\u0131\u015ft\u0131m&#8221; ifadelerini kulland\u0131.<\/p>\n<div style=\"width: 480px;\" class=\"wp-video\"><!--[if lt IE 9]><script>document.createElement('video');<\/script><![endif]-->\n<video class=\"wp-video-shortcode\" id=\"video-115852-1\" width=\"480\" height=\"640\" preload=\"metadata\" controls=\"controls\"><source type=\"video\/mp4\" src=\"https:\/\/www.tgrthaber.com\/mavikadin\/wp-content\/uploads\/WhatsApp-Video-2025-01-02-at-16.59.22.mp4?_=1\" \/><a href=\"https:\/\/www.tgrthaber.com\/mavikadin\/wp-content\/uploads\/WhatsApp-Video-2025-01-02-at-16.59.22.mp4\">https:\/\/www.tgrthaber.com\/mavikadin\/wp-content\/uploads\/WhatsApp-Video-2025-01-02-at-16.59.22.mp4<\/a><\/video><\/div>\n<h3>SALONUN ORTASINDA P\u0130KN\u0130K YAPTI\u011eINI A\u00c7IKLADI<\/h3>\n<p>Kerem B\u00fcrsin, 20 ya\u015f\u0131ndayken \u00fcniversitede ho\u015fland\u0131\u011f\u0131 birine kendini g\u00f6stermek i\u00e7in havuza atlad\u0131\u011f\u0131n\u0131, ancak heyecandan bunun \u00e7ocuk havuzu oldu\u011funu fark edemedi\u011fini dile getirdi. B\u00fcrsin, \u201cO an havuzun \u00e7ocuk havuzu oldu\u011funu anlamad\u0131m. Yani, bir havuza dal\u0131p \u00e7\u0131kman\u0131n bir etki meydana getirece\u011fini d\u00fc\u015f\u00fcnmem tamamen sa\u00e7mal\u0131k. Ama i\u015fte, filmlerin etkisi&#8230; Sonu\u00e7ta i\u015fe yaramad\u0131 ve o k\u0131zla bir daha yollar\u0131m\u0131z kesi\u015fmedi,\u201d \u015feklinde konu\u015ftu.<\/p>\n<p><img loading=\"lazy\" decoding=\"async\" class=\"alignnone size-full wp-image-115860\" src=\"https:\/\/www.tgrthaber.com\/mavikadin\/wp-content\/uploads\/hn-Kurtarildi.jpg\" alt=\"\" width=\"1208\" height=\"680\" title=\"\" srcset=\"https:\/\/www.tgrthaber.com\/mavikadin\/wp-content\/uploads\/hn-Kurtarildi.jpg 1208w, https:\/\/www.tgrthaber.com\/mavikadin\/wp-content\/uploads\/hn-Kurtarildi-300x169.jpg 300w, https:\/\/www.tgrthaber.com\/mavikadin\/wp-content\/uploads\/hn-Kurtarildi-1024x576.jpg 1024w, https:\/\/www.tgrthaber.com\/mavikadin\/wp-content\/uploads\/hn-Kurtarildi-768x432.jpg 768w\" sizes=\"(max-width: 1208px) 100vw, 1208px\" \/><\/p>\n<h3>KEREM BURS\u0130N K\u0130MD\u0130R?<\/h3>\n<p>Hollywood ve T\u00fcrk yap\u0131mlar\u0131nda \u0130ngilizce ve T\u00fcrk\u00e7e olarak iki dilde oyunculuk yapan Kerem B\u00fcrsin, uluslararas\u0131 projelerde yer alm\u0131\u015ft\u0131r.<\/p>\n<p>2013-2014 y\u0131llar\u0131 aras\u0131nda Kanal D\u2019de ekrana gelen \u201cG\u00fcne\u015fi Beklerken\u201d adl\u0131 dizide, hem \u201cKerem Sayer\u201d karakterini hem de final b\u00f6l\u00fcmlerinde ortaya \u00e7\u0131kan y\u00fcz\u00fc deforme ikiz karde\u015fi \u201cG\u00fcne\u015f Sayer\u201d karakterini oynayarak tan\u0131nm\u0131\u015ft\u0131r. B\u00fcrsin, \u00c7a\u011fan Irmak\u2019\u0131n y\u00f6netti\u011fi \u201cUnutursam F\u0131s\u0131lda\u201d filminde m\u00fczisyen Erhan rol\u00fcn\u00fc oynam\u0131\u015ft\u0131r. Ayr\u0131ca \u201c\u015eeref Meselesi\u201d dizisinde \u201cYi\u011fit K\u0131l\u0131\u00e7\u201d karakterini oynam\u0131\u015f ve ayn\u0131 karakterle \u201cUlan \u0130stanbul\u201d dizisinde konuk oyuncu olarak yer alm\u0131\u015ft\u0131r. Yap\u0131mc\u0131 Roger Corman\u2019\u0131n \u201cSharktopus\u201d ve \u201cPalace of the Damned\u201d adl\u0131 televizyon filmlerinde, ayr\u0131ca baz\u0131 ba\u011f\u0131ms\u0131z yap\u0131mlarda ve k\u0131sa metrajl\u0131 filmlerde rol alm\u0131\u015ft\u0131r.<\/p>\n<p>B\u00fcrsin, \u0130sko\u00e7ya (Edinburgh), Endonezya (Medan, Cakarta), Birle\u015fik Arap Emirlikleri (Abu Dabi, Dubai), T\u00fcrkiye (Ankara, \u0130stanbul), Malezya (Kuala Lumpur) ve ABD (Teksas, Boston, Los Angeles) gibi farkl\u0131 \u00fclkelerde ya\u015fam\u0131\u015ft\u0131r. 1999 y\u0131l\u0131nda, 12 ya\u015f\u0131ndayken ailesiyle birlikte Amerika\u2019ya yerle\u015fmi\u015ftir.<\/p>\n<p>\u00dcniversite e\u011fitimini oyunculuk \u00fczerine alm\u0131\u015f ve Emerson College\u2019\u0131n pazarlama ileti\u015fimi b\u00f6l\u00fcm\u00fcnden mezun olmu\u015ftur. ABD genelinde d\u00fczenlenen liseler aras\u0131 tiyatro yar\u0131\u015fmas\u0131nda en iyi erkek oyuncu \u00f6d\u00fcl\u00fcne lay\u0131k g\u00f6r\u00fclm\u00fc\u015ft\u00fcr. 9 Eyl\u00fcl 2013\u2019te sosyal medya mesajla\u015fma uygulamas\u0131 Line\u2019\u0131n reklam\u0131nda yer alm\u0131\u015ft\u0131r. Ayr\u0131ca, \u201cG\u00fcne\u015fi Beklerken\u201d dizisindeki rol arkada\u015f\u0131 Hande Do\u011fandemir ile birlikte Lipton\u2019un reklam y\u00fcz\u00fc olmu\u015ftur. Ocak 2015\u2019te Mavi Jeans\u2019in y\u00fcz\u00fc olarak Serenay Sar\u0131kaya ile birlikte T\u00fcrkiye\u2019nin ilk Snapchat r\u00f6portaj\u0131n\u0131 ger\u00e7ekle\u015ftirmi\u015f ve ard\u0131ndan #1jean1ti\u015f\u00f6rt etiketiyle bir reklam filminde oynam\u0131\u015flard\u0131r. Reklamda Maroon5\u2019\u0131n \u201cThis Love\u201d \u015fark\u0131s\u0131n\u0131 seslendiren ikili, Eyl\u00fcl 2015\u2019te #yepyenibirjean etiketiyle ikinci bir reklam filminde yer alm\u0131\u015flard\u0131r. 2016\u2019da #ya\u015fas\u0131nmavi etiketiyle \u00fc\u00e7\u00fcnc\u00fc bir reklam kampanyas\u0131nda rol alm\u0131\u015f ve ayn\u0131 y\u0131l A\u011fustos ay\u0131nda B\u00fcrsin\u2019in Mavi Jeans ile anla\u015fmas\u0131 sona ermi\u015ftir.<\/p>\n<p>2020-2021 y\u0131llar\u0131nda FOX ekranlar\u0131nda yay\u0131nlanan \u201cSen \u00c7al Kap\u0131m\u0131\u201d adl\u0131 dizide Hande Er\u00e7el ile birlikte ba\u015frol\u00fc payla\u015farak \u201cSerkan Bolat\u201d karakterini oynam\u0131\u015ft\u0131r.<\/p>\n","protected":false},"excerpt":{"rendered":"<p>Rahmetli i\u015f insan\u0131 Sak\u0131p Sabanc\u0131\u2019n\u0131n torunu Melisa Tapan ile olan birlikteli\u011fiyle magazin d\u00fcnyas\u0131nda ad\u0131ndan s\u0131k\u00e7a s\u00f6z ettiren Kerem B\u00fcrsin, ki\u015fisel ya\u015fam\u0131nda nas\u0131l biri oldu\u011funu ifade etti.<\/p>\n","protected":false},"author":2,"featured_media":115862,"comment_status":"closed","ping_status":"closed","sticky":false,"template":"","format":"standard","meta":{"rank_math_lock_modified_date":false,"footnotes":""},"categories":[76],"tags":[3166,133,2218],"class_list":["post-115852","post","type-post","status-publish","format-standard","has-post-thumbnail","hentry","category-magazin","tag-kerem-bursin","tag-magazin","tag-magazin-haberleri"],"_links":{"self":[{"href":"https:\/\/www.tgrthaber.com\/mavikadin\/wp-json\/wp\/v2\/posts\/115852"}],"collection":[{"href":"https:\/\/www.tgrthaber.com\/mavikadin\/wp-json\/wp\/v2\/posts"}],"about":[{"href":"https:\/\/www.tgrthaber.com\/mavikadin\/wp-json\/wp\/v2\/types\/post"}],"author":[{"embeddable":true,"href":"https:\/\/www.tgrthaber.com\/mavikadin\/wp-json\/wp\/v2\/users\/2"}],"replies":[{"embeddable":true,"href":"https:\/\/www.tgrthaber.com\/mavikadin\/wp-json\/wp\/v2\/comments?post=115852"}],"version-history":[{"count":1,"href":"https:\/\/www.tgrthaber.com\/mavikadin\/wp-json\/wp\/v2\/posts\/115852\/revisions"}],"predecessor-version":[{"id":115863,"href":"https:\/\/www.tgrthaber.com\/mavikadin\/wp-json\/wp\/v2\/posts\/115852\/revisions\/115863"}],"wp:featuredmedia":[{"embeddable":true,"href":"https:\/\/www.tgrthaber.com\/mavikadin\/wp-json\/wp\/v2\/media\/115862"}],"wp:attachment":[{"href":"https:\/\/www.tgrthaber.com\/mavikadin\/wp-json\/wp\/v2\/media?parent=115852"}],"wp:term":[{"taxonomy":"category","embeddable":true,"href":"https:\/\/www.tgrthaber.com\/mavikadin\/wp-json\/wp\/v2\/categories?post=115852"},{"taxonomy":"post_tag","embeddable":true,"href":"https:\/\/www.tgrthaber.com\/mavikadin\/wp-json\/wp\/v2\/tags?post=115852"}],"curies":[{"name":"wp","href":"https:\/\/api.w.org\/{rel}","templated":true}]}}