{"id":115854,"date":"2025-01-02T17:10:27","date_gmt":"2025-01-02T14:10:27","guid":{"rendered":"https:\/\/www.tgrthaber.com\/mavikadin\/?p=115854"},"modified":"2025-01-02T17:10:27","modified_gmt":"2025-01-02T14:10:27","slug":"cansel-elcinin-esi-zeynep-tugce-bayat-doguma-gunler-kala-acikladi-bebeklerine-koyacaklari-isim-belli-oldu","status":"publish","type":"post","link":"https:\/\/www.tgrthaber.com\/mavikadin\/cansel-elcinin-esi-zeynep-tugce-bayat-doguma-gunler-kala-acikladi-bebeklerine-koyacaklari-isim-belli-oldu\/","title":{"rendered":"Cansel El\u00e7in&#8217;in e\u015fi Zeynep Tu\u011f\u00e7e Bayat do\u011fuma g\u00fcnler kala a\u00e7\u0131klad\u0131! Bebeklerine koyacaklar\u0131 isim belli oldu"},"content":{"rendered":"<p>51 ya\u015f\u0131ndaki oyuncu ve y\u00f6netmen Cansel El\u00e7in ile 34 ya\u015f\u0131ndaki \u00fcnl\u00fc oyuncu Zeynep Tu\u011f\u00e7e Bayat, do\u011fuma say\u0131l\u0131 g\u00fcnler kala anne ve baba olacak olman\u0131n heyecan\u0131n\u0131 hat safhada ya\u015f\u0131yor. Ge\u00e7ti\u011fimiz yaz A\u011fustos ay\u0131nda yapt\u0131klar\u0131 payla\u015f\u0131mla sosyal medya hesab\u0131ndan sevenlerine art\u0131k aileye yeni bir \u00fcyenin daha kat\u0131laca\u011f\u0131n\u0131 m\u00fcjdeleyip bebek beklediklerini duyurmu\u015ftu.<\/p>\n<p>\u015eimdi is do\u011fuma say\u0131l\u0131 g\u00fcnler kala bebeklerine bir an \u00f6nce kavu\u015fmak i\u00e7in g\u00fcn sayan ba\u015far\u0131l\u0131 oyuncu Cansel El\u00e7in ile Zeynep Tu\u011f\u00e7e Bayat \u00e7ifti, yine sosyal medya hesab\u0131ndan s\u00fcrpriz bir payla\u015f\u0131m yaparak bebeklerine verecekleri ismi a\u00e7\u0131klad\u0131lar.<\/p>\n<h3>CANSEL EL\u00c7\u0130N VE E\u015e\u0130 DO\u011eUMA RAMAK KALA BEBEKLER\u0130NE KOYACAKLARI \u0130SM\u0130 A\u00c7IKLADILAR!<\/h3>\n<p>Y\u00fcksek takip\u00e7ili Instagram hesab\u0131nda takip\u00e7ileri i\u00e7in g\u00f6nderi yay\u0131nlayan g\u00fczel anne aday\u0131 Zeynep Tu\u011f\u00e7e Bayat, bebeklerine verecekleri ismi duyurdu. Cansel El\u00e7in&#8217;in e\u015fi Zeynep Tu\u011f\u00e7e Bayat yapt\u0131\u011f\u0131 Instagram payla\u015f\u0131m\u0131nda, &#8220;Hadi gelin bir aile foto\u011fraf\u0131 \u00e7ekelim dedim ama Mary\u2019i ve Victor\u2019u ikna edemedik. Ama Atlas bizimle&#8221; dedi.<\/p>\n<p><img loading=\"lazy\" decoding=\"async\" class=\"alignnone wp-image-115864\" src=\"https:\/\/www.tgrthaber.com\/mavikadin\/wp-content\/uploads\/632.png\" alt=\"\" width=\"1208\" height=\"671\" title=\"\" srcset=\"https:\/\/www.tgrthaber.com\/mavikadin\/wp-content\/uploads\/632.png 785w, https:\/\/www.tgrthaber.com\/mavikadin\/wp-content\/uploads\/632-300x167.png 300w, https:\/\/www.tgrthaber.com\/mavikadin\/wp-content\/uploads\/632-768x427.png 768w\" sizes=\"(max-width: 1208px) 100vw, 1208px\" \/><\/p>\n<hr \/>\n<p>O\u011fullar\u0131n\u0131n do\u011fmas\u0131na sadece g\u00fcnlerin kald\u0131\u011f\u0131 g\u00f6r\u00fclen \u00e7iftte Bayat, &#8220;\u0130sim bulamad\u0131k, d\u00fc\u015f\u00fcn\u00fcyoruz. Yurt d\u0131\u015f\u0131nda telaffuz konusunda sorun ya\u015famayacak bir isim d\u00fc\u015f\u00fcn\u00fcyorum. Yabanc\u0131 bir isim d\u00fc\u015f\u00fcnm\u00fcyoruz a\u00e7\u0131k\u00e7as\u0131. Daha vakit var. Do\u011fum T\u00fcrkiye&#8217;de olacak&#8221; ifadelerinde bulunmu\u015ftu<\/p>\n<h3>ZEYNEP TU\u011e\u00c7E BAYAT KISACA K\u0130MD\u0130R?<\/h3>\n<p>8 \u015eubat 1990 tarihinde Mersin&#8217;de do\u011fan Zeynep Tu\u011f\u00e7e Bayat; dizi, sinema ve tiyatro oyuncusudur. Marmara \u00dcniversitesi Hukuk Fak\u00fcltesi Hukuk b\u00f6l\u00fcm\u00fcnde okuyarak mezuniyetini tamamlam\u0131\u015ft\u0131r. Daha sonras\u0131nda ise oyunculuk hayali i\u00e7in Anadolu \u00dcniversitesi Devlet Konservatuvar\u0131 Tiyatro b\u00f6l\u00fcm\u00fcnde okudu.<\/p>\n<p><img loading=\"lazy\" decoding=\"async\" class=\"alignnone wp-image-115866\" src=\"https:\/\/www.tgrthaber.com\/mavikadin\/wp-content\/uploads\/66-2.png\" alt=\"\" width=\"1208\" height=\"666\" title=\"\" srcset=\"https:\/\/www.tgrthaber.com\/mavikadin\/wp-content\/uploads\/66-2.png 782w, https:\/\/www.tgrthaber.com\/mavikadin\/wp-content\/uploads\/66-2-300x165.png 300w, https:\/\/www.tgrthaber.com\/mavikadin\/wp-content\/uploads\/66-2-768x423.png 768w\" sizes=\"(max-width: 1208px) 100vw, 1208px\" \/><\/p>\n<hr \/>\n<p>\u00dcniversite d\u00f6neminde iken ayn\u0131 zamanda reji asistanl\u0131\u011f\u0131 ve oyunculuk yapan Zeynep Tu\u011f\u00e7e Bayatl\u0131, Arka S\u0131radakiler dizisinde 2009 y\u0131l\u0131nda rol alarak ilk oyunculuk tecr\u00fcbesini ger\u00e7ekle\u015ftirip ba\u015far\u0131l\u0131 bir performans sergiledi.<\/p>\n<p>\u00dcnl\u00fc oyuncu en son ise televizyon ekranlar\u0131nda, TRT 1 kanal\u0131nda yay\u0131nlanan Te\u015fkilat dizisine Siyah \u0130nci karakteriyle izleyiciyle bulu\u015fmu\u015ftu.<\/p>\n","protected":false},"excerpt":{"rendered":"<p>Do\u011fuma g\u00fcler kala o\u011fullar\u0131na kavu\u015facak olman\u0131n mutlulu\u011fu ve heyecan\u0131n\u0131 ya\u015fayan Cansel El\u00e7in ile Zeynep Tu\u011f\u00e7e Bayat \u00e7ifti sosyal medya hesab\u0131ndan bebeklerine koyacaklar\u0131 ismi a\u00e7\u0131klad\u0131.<\/p>\n","protected":false},"author":27,"featured_media":115870,"comment_status":"closed","ping_status":"closed","sticky":false,"template":"","format":"standard","meta":{"rank_math_lock_modified_date":false,"footnotes":""},"categories":[76],"tags":[4948,133,4949],"class_list":["post-115854","post","type-post","status-publish","format-standard","has-post-thumbnail","hentry","category-magazin","tag-cansel-elcin","tag-magazin","tag-zeynep-tugce-bayat"],"_links":{"self":[{"href":"https:\/\/www.tgrthaber.com\/mavikadin\/wp-json\/wp\/v2\/posts\/115854"}],"collection":[{"href":"https:\/\/www.tgrthaber.com\/mavikadin\/wp-json\/wp\/v2\/posts"}],"about":[{"href":"https:\/\/www.tgrthaber.com\/mavikadin\/wp-json\/wp\/v2\/types\/post"}],"author":[{"embeddable":true,"href":"https:\/\/www.tgrthaber.com\/mavikadin\/wp-json\/wp\/v2\/users\/27"}],"replies":[{"embeddable":true,"href":"https:\/\/www.tgrthaber.com\/mavikadin\/wp-json\/wp\/v2\/comments?post=115854"}],"version-history":[{"count":2,"href":"https:\/\/www.tgrthaber.com\/mavikadin\/wp-json\/wp\/v2\/posts\/115854\/revisions"}],"predecessor-version":[{"id":115875,"href":"https:\/\/www.tgrthaber.com\/mavikadin\/wp-json\/wp\/v2\/posts\/115854\/revisions\/115875"}],"wp:featuredmedia":[{"embeddable":true,"href":"https:\/\/www.tgrthaber.com\/mavikadin\/wp-json\/wp\/v2\/media\/115870"}],"wp:attachment":[{"href":"https:\/\/www.tgrthaber.com\/mavikadin\/wp-json\/wp\/v2\/media?parent=115854"}],"wp:term":[{"taxonomy":"category","embeddable":true,"href":"https:\/\/www.tgrthaber.com\/mavikadin\/wp-json\/wp\/v2\/categories?post=115854"},{"taxonomy":"post_tag","embeddable":true,"href":"https:\/\/www.tgrthaber.com\/mavikadin\/wp-json\/wp\/v2\/tags?post=115854"}],"curies":[{"name":"wp","href":"https:\/\/api.w.org\/{rel}","templated":true}]}}