{"id":115865,"date":"2025-01-02T17:11:33","date_gmt":"2025-01-02T14:11:33","guid":{"rendered":"https:\/\/www.tgrthaber.com\/mavikadin\/?p=115865"},"modified":"2025-01-02T17:14:00","modified_gmt":"2025-01-02T14:14:00","slug":"zeynep-tokus-yilbasini-ailesiyle-gecirdi-boyunu-gecen-ogullarini-paylasinca-gundem-oldu","status":"publish","type":"post","link":"https:\/\/www.tgrthaber.com\/mavikadin\/zeynep-tokus-yilbasini-ailesiyle-gecirdi-boyunu-gecen-ogullarini-paylasinca-gundem-oldu\/","title":{"rendered":"Zeynep Toku\u015f y\u0131lba\u015f\u0131n\u0131 ailesiyle ge\u00e7irdi! Boyunu ge\u00e7en o\u011fullar\u0131n\u0131 payla\u015f\u0131nca g\u00fcndem oldu"},"content":{"rendered":"<p>Sevilen isim Zeynep Toku\u015f y\u0131lba\u015f\u0131na ailesiyle girdi. Toku\u015f, boyunu ge\u00e7en o\u011fullar\u0131n\u0131 sosyal medya hesab\u0131ndan payla\u015f\u0131nca g\u00fcndem oldu.<\/p>\n<h3>ZEYNEP TOKU\u015e YILBA\u015eINI A\u0130LES\u0130YLE GE\u00c7\u0130RD\u0130!<\/h3>\n<p>Bir zamanlar ekranlara damga vuran dizilerde rol alan \u00fcnl\u00fc oyuncu s\u00fcrpriz bir kararla oyunculu\u011fu b\u0131rakm\u0131\u015f hayat\u0131n\u0131 g\u00f6zlerden uzakta ya\u015famay\u0131 tercih etmi\u015fti.<\/p>\n<p><img loading=\"lazy\" decoding=\"async\" class=\"alignnone wp-image-115867\" src=\"https:\/\/www.tgrthaber.com\/mavikadin\/wp-content\/uploads\/Zeynep-Tokus-2.jpg\" alt=\"\" width=\"1208\" height=\"680\" title=\"\" srcset=\"https:\/\/www.tgrthaber.com\/mavikadin\/wp-content\/uploads\/Zeynep-Tokus-2.jpg 1920w, https:\/\/www.tgrthaber.com\/mavikadin\/wp-content\/uploads\/Zeynep-Tokus-2-300x169.jpg 300w, https:\/\/www.tgrthaber.com\/mavikadin\/wp-content\/uploads\/Zeynep-Tokus-2-1024x576.jpg 1024w, https:\/\/www.tgrthaber.com\/mavikadin\/wp-content\/uploads\/Zeynep-Tokus-2-768x432.jpg 768w, https:\/\/www.tgrthaber.com\/mavikadin\/wp-content\/uploads\/Zeynep-Tokus-2-1536x864.jpg 1536w\" sizes=\"(max-width: 1208px) 100vw, 1208px\" \/><\/p>\n<hr \/>\n<p>\u00dcnl\u00fc oyuncu Zeynep Toku\u015f y\u0131lba\u015f\u0131n\u0131 ailesiyle ba\u015f ba\u015fa ge\u00e7irmeyi tercih etti. S\u00fcrpriz bir kararla oyunculu\u011fu b\u0131rakan \u00fcnl\u00fc ismin son payla\u015f\u0131mlar\u0131 g\u00fcndem oldu.<\/p>\n<p>Deli Y\u00fcrek, Yazg\u0131, \u00c7ocuklar Duymas\u0131n gibi dizilerde rol alan Toku\u015f, A\u015fk\u0131n K\u0131yameti, Kardelen, H\u0131r\u00e7\u0131n Menek\u015fe, Beyaz Melek gibi projelerde ad\u0131n\u0131 duyurmu\u015ftu.<\/p>\n<p>Ekranlara veda ederek ailesiyle g\u00f6zlerden uzak ya\u015famay\u0131 tercih eden Zeynep Toku\u015f, yeni y\u0131l\u0131 e\u015fi Erdem Y\u0131lmazt\u00fcrk ve \u00e7ocuklar\u0131 Ali, Alp, Ay\u015fe ile kutlad\u0131.<\/p>\n<p><img loading=\"lazy\" decoding=\"async\" class=\"alignnone wp-image-115868\" src=\"https:\/\/www.tgrthaber.com\/mavikadin\/wp-content\/uploads\/Zeynep-Tokus-1.jpg\" alt=\"\" width=\"1208\" height=\"680\" title=\"\" srcset=\"https:\/\/www.tgrthaber.com\/mavikadin\/wp-content\/uploads\/Zeynep-Tokus-1.jpg 1920w, https:\/\/www.tgrthaber.com\/mavikadin\/wp-content\/uploads\/Zeynep-Tokus-1-300x169.jpg 300w, https:\/\/www.tgrthaber.com\/mavikadin\/wp-content\/uploads\/Zeynep-Tokus-1-1024x576.jpg 1024w, https:\/\/www.tgrthaber.com\/mavikadin\/wp-content\/uploads\/Zeynep-Tokus-1-768x432.jpg 768w, https:\/\/www.tgrthaber.com\/mavikadin\/wp-content\/uploads\/Zeynep-Tokus-1-1536x864.jpg 1536w\" sizes=\"(max-width: 1208px) 100vw, 1208px\" \/><\/p>\n<hr \/>\n<h3>\u201cYILBA\u015eI AK\u015eAMI \u00d6ZET\u0130\u201d<\/h3>\n<p>Oyunculu\u011fu b\u0131rakt\u0131ktan sonra spora y\u00f6nelen Zeynep Toku\u015f y\u0131lba\u015f\u0131 ak\u015fam\u0131 ailesiyle olan pozunu, &#8220;Y\u0131lba\u015f\u0131 ak\u015fam\u0131 \u00f6zeti\u2026 Nicelerine sa\u011fl\u0131kla mutlulukla huzurla \u00e7ocuklar\u0131m\u0131z\u0131n c\u0131v\u0131lt\u0131lar\u0131yla&#8230;&#8221; notuyla payla\u015ft\u0131.<\/p>\n<p>Bu payla\u015f\u0131m sonras\u0131 sosyal medyada \u201c\u00c7ocuklar\u0131 boyuna gelmi\u015f\u201d, \u201c\u00c7ocuklar\u0131 de\u011fil de karde\u015fleri sand\u0131m\u201d, \u201cZeynep Han\u0131m \u00e7ok de\u011fi\u015fmi\u015f\u201d gibi yorumlar geldi.<\/p>\n<p><img loading=\"lazy\" decoding=\"async\" class=\"alignnone wp-image-115869\" src=\"https:\/\/www.tgrthaber.com\/mavikadin\/wp-content\/uploads\/Zeynep-Tokus-3.jpg\" alt=\"\" width=\"1208\" height=\"680\" title=\"\" srcset=\"https:\/\/www.tgrthaber.com\/mavikadin\/wp-content\/uploads\/Zeynep-Tokus-3.jpg 1920w, https:\/\/www.tgrthaber.com\/mavikadin\/wp-content\/uploads\/Zeynep-Tokus-3-300x169.jpg 300w, https:\/\/www.tgrthaber.com\/mavikadin\/wp-content\/uploads\/Zeynep-Tokus-3-1024x576.jpg 1024w, https:\/\/www.tgrthaber.com\/mavikadin\/wp-content\/uploads\/Zeynep-Tokus-3-768x432.jpg 768w, https:\/\/www.tgrthaber.com\/mavikadin\/wp-content\/uploads\/Zeynep-Tokus-3-1536x864.jpg 1536w\" sizes=\"(max-width: 1208px) 100vw, 1208px\" \/><\/p>\n<hr \/>\n<h3>\u00dc\u00c7 \u00c7OCU\u011eU VAR<\/h3>\n<p>\u0130lk evlili\u011fini i\u015f insan\u0131 B\u00fclent Helvac\u0131 ile yapan Zeynep Toku\u015f 5 Aral\u0131k 2001 tarihinde Kanada&#8217;da o\u011flu Alp&#8217;i d\u00fcnyaya getirdi. Ancak \u00e7ift evliliklerini y\u00fcr\u00fctemeyerek ayr\u0131ld\u0131.<\/p>\n<p>\u0130kinci evlili\u011fini Jinekolog Alp Nuho\u011flu ile ger\u00e7ekle\u015ftiren Toku\u015f, ikinci kez annelik sevinci ya\u015fad\u0131 ve o\u011flu Ali&#8217;yi kuca\u011f\u0131na ald\u0131. \u0130kinci e\u015fiyle de yollar\u0131n\u0131 ay\u0131ran Zeynep Toku\u015f daha sonra \u00fcniversite y\u0131llar\u0131nda a\u015fk ya\u015fad\u0131\u011f\u0131 Erdem Y\u0131lmazt\u00fcrk\u2019le 2011 y\u0131l\u0131nda evlendi. Toku\u015f, k\u0131sa s\u00fcre sonra k\u0131z\u0131 Ay\u015fe\u2019yi kuca\u011f\u0131na ald\u0131.<\/p>\n<p><img loading=\"lazy\" decoding=\"async\" class=\"alignnone wp-image-115871\" src=\"https:\/\/www.tgrthaber.com\/mavikadin\/wp-content\/uploads\/Zeynep-Tokus-4.jpg\" alt=\"\" width=\"1208\" height=\"680\" title=\"\" srcset=\"https:\/\/www.tgrthaber.com\/mavikadin\/wp-content\/uploads\/Zeynep-Tokus-4.jpg 1920w, https:\/\/www.tgrthaber.com\/mavikadin\/wp-content\/uploads\/Zeynep-Tokus-4-300x169.jpg 300w, https:\/\/www.tgrthaber.com\/mavikadin\/wp-content\/uploads\/Zeynep-Tokus-4-1024x576.jpg 1024w, https:\/\/www.tgrthaber.com\/mavikadin\/wp-content\/uploads\/Zeynep-Tokus-4-768x432.jpg 768w, https:\/\/www.tgrthaber.com\/mavikadin\/wp-content\/uploads\/Zeynep-Tokus-4-1536x864.jpg 1536w\" sizes=\"(max-width: 1208px) 100vw, 1208px\" \/><\/p>\n<hr \/>\n<h3>YARI\u015eMA HAYATINI DE\u011e\u0130\u015eT\u0130RD\u0130<\/h3>\n<p>Zeynep Toku\u015f\u2019un hayat\u0131 girdi\u011fi g\u00fczellik yar\u0131\u015fmas\u0131yla de\u011fi\u015fti. \u00dclkenin en g\u00fczel k\u0131z\u0131 se\u00e7ilerek ta\u00e7 giydikten sonra oyunculu\u011fa ge\u00e7en Toku\u015f, ilk \u00f6nce Kenan \u0130mirzal\u0131o\u011flu ile birlikte Deli Y\u00fcrek dizisinde oynad\u0131.<\/p>\n<p><img loading=\"lazy\" decoding=\"async\" class=\"alignnone wp-image-115872\" src=\"https:\/\/www.tgrthaber.com\/mavikadin\/wp-content\/uploads\/Baslik-9.jpg\" alt=\"\" width=\"1208\" height=\"680\" title=\"\" srcset=\"https:\/\/www.tgrthaber.com\/mavikadin\/wp-content\/uploads\/Baslik-9.jpg 1920w, https:\/\/www.tgrthaber.com\/mavikadin\/wp-content\/uploads\/Baslik-9-300x169.jpg 300w, https:\/\/www.tgrthaber.com\/mavikadin\/wp-content\/uploads\/Baslik-9-1024x576.jpg 1024w, https:\/\/www.tgrthaber.com\/mavikadin\/wp-content\/uploads\/Baslik-9-768x432.jpg 768w, https:\/\/www.tgrthaber.com\/mavikadin\/wp-content\/uploads\/Baslik-9-1536x864.jpg 1536w\" sizes=\"(max-width: 1208px) 100vw, 1208px\" \/><\/p>\n<hr \/>\n<h3>EN \u0130Y\u0130 KADIN OYUNCU \u00d6D\u00dcL\u00dcN\u00dc KAZANDI<\/h3>\n<p>Zeki Demirkubuz&#8217;un Yazg\u0131 adl\u0131 filminde ba\u015frol\u00fc oynayan Toku\u015f, g\u00f6sterdi\u011fi performans\u0131yla 2001 y\u0131l\u0131nda 13. Ankara Uluslararas\u0131 Film Festivali&#8217;nde daha tecr\u00fcbeli rakiplerini geride b\u0131rakt\u0131 ve en iyi kad\u0131n oyuncu \u00f6d\u00fcl\u00fcn\u00fcn sahibi oldu.<\/p>\n","protected":false},"excerpt":{"rendered":"<p>Zeynep Toku\u015f y\u0131lba\u015f\u0131n\u0131 ailesiyle birlikte ge\u00e7irdi. Boyunu ge\u00e7en o\u011fullar\u0131n\u0131 payla\u015fan \u00fcnl\u00fc isim bir zamanlar ekranlara damga vuran dizilerde rol alm\u0131\u015ft\u0131.<\/p>\n","protected":false},"author":5,"featured_media":115873,"comment_status":"closed","ping_status":"closed","sticky":false,"template":"","format":"standard","meta":{"rank_math_lock_modified_date":false,"footnotes":""},"categories":[76],"tags":[6632,6633],"class_list":["post-115865","post","type-post","status-publish","format-standard","has-post-thumbnail","hentry","category-magazin","tag-zeynep-tokus","tag-zeynep-tokus-cocuklari"],"_links":{"self":[{"href":"https:\/\/www.tgrthaber.com\/mavikadin\/wp-json\/wp\/v2\/posts\/115865"}],"collection":[{"href":"https:\/\/www.tgrthaber.com\/mavikadin\/wp-json\/wp\/v2\/posts"}],"about":[{"href":"https:\/\/www.tgrthaber.com\/mavikadin\/wp-json\/wp\/v2\/types\/post"}],"author":[{"embeddable":true,"href":"https:\/\/www.tgrthaber.com\/mavikadin\/wp-json\/wp\/v2\/users\/5"}],"replies":[{"embeddable":true,"href":"https:\/\/www.tgrthaber.com\/mavikadin\/wp-json\/wp\/v2\/comments?post=115865"}],"version-history":[{"count":1,"href":"https:\/\/www.tgrthaber.com\/mavikadin\/wp-json\/wp\/v2\/posts\/115865\/revisions"}],"predecessor-version":[{"id":115877,"href":"https:\/\/www.tgrthaber.com\/mavikadin\/wp-json\/wp\/v2\/posts\/115865\/revisions\/115877"}],"wp:featuredmedia":[{"embeddable":true,"href":"https:\/\/www.tgrthaber.com\/mavikadin\/wp-json\/wp\/v2\/media\/115873"}],"wp:attachment":[{"href":"https:\/\/www.tgrthaber.com\/mavikadin\/wp-json\/wp\/v2\/media?parent=115865"}],"wp:term":[{"taxonomy":"category","embeddable":true,"href":"https:\/\/www.tgrthaber.com\/mavikadin\/wp-json\/wp\/v2\/categories?post=115865"},{"taxonomy":"post_tag","embeddable":true,"href":"https:\/\/www.tgrthaber.com\/mavikadin\/wp-json\/wp\/v2\/tags?post=115865"}],"curies":[{"name":"wp","href":"https:\/\/api.w.org\/{rel}","templated":true}]}}