{"id":115936,"date":"2025-01-02T20:46:42","date_gmt":"2025-01-02T17:46:42","guid":{"rendered":"https:\/\/www.tgrthaber.com\/mavikadin\/?p=115936"},"modified":"2025-01-02T20:46:42","modified_gmt":"2025-01-02T17:46:42","slug":"ibrahim-celikkol-3-derecede-karla-yikandi-suya-girdi","status":"publish","type":"post","link":"https:\/\/www.tgrthaber.com\/mavikadin\/ibrahim-celikkol-3-derecede-karla-yikandi-suya-girdi\/","title":{"rendered":"\u0130brahim \u00c7elikkol -3 derecede karla y\u0131kand\u0131 suya girdi!"},"content":{"rendered":"<p>Yakla\u015f\u0131k iki y\u0131ld\u0131r Natali Yarcan ile ili\u015fki ya\u015fayan tan\u0131nm\u0131\u015f akt\u00f6r \u0130brahim \u00c7elikkol, partneriyle birlikte tatil i\u00e7in Norve\u00e7\u2019e yolculuk etti.\u00a0Natali Yarcan ile Kuzey I\u015f\u0131klar\u0131\u2019n\u0131n keyfini \u00e7\u0131karan \u0130brahim \u00c7elikkol, sosyal medya hesab\u0131nda bir payla\u015f\u0131mda bulundu. 42 ya\u015f\u0131ndaki \u00fcnl\u00fc oyuncu, Yarcan\u2019\u0131 \u201cBenim \u0131\u015f\u0131\u011f\u0131m\u201d notuyla takip\u00e7ilerine sunarken, -3 derecede karla y\u0131kan\u0131p suya girdi\u011fi anlar\u0131 payla\u015ft\u0131.<\/p>\n<h3>\u0130BRAH\u0130M \u00c7EL\u0130KKOL -3 DERECEDE KARLA YIKANDI SUYA G\u0130RD\u0130<\/h3>\n<p>Norve\u00e7 tatilinden kareleri sosyal medya hesab\u0131nda hayranlar\u0131yla payla\u015fan \u0130brahim \u00c7elikkol, so\u011fuk havay\u0131 umursamadan -3 derecelik suda y\u00fczd\u00fc. \u00dcnl\u00fc akt\u00f6r, 6 saniye boyunca buz gibi suda kald\u0131\u011f\u0131 anlar\u0131 da takip\u00e7ilerinin be\u011fenisine sundu. Karlar\u0131 yerden al\u0131p v\u00fccuduna s\u00fcren \u00c7elikkol, g\u00f6renleri hayrete d\u00fc\u015f\u00fcrd\u00fc.<\/p>\n<hr \/>\n<p>\u201cK\u00f6rd\u00fc\u011f\u00fcm,\u201d \u201cSiyah Beyaz A\u015fk\u201d ve \u201cDo\u011fdu\u011fun Ev Kaderindir\u201d gibi pek \u00e7ok projede rol alan ba\u015far\u0131l\u0131 oyuncu, \u201cBinbir Gece Masallar\u0131\u201d adl\u0131 diziyle ekranlara geri d\u00f6necek.<\/p>\n<div style=\"width: 640px;\" class=\"wp-video\"><!--[if lt IE 9]><script>document.createElement('video');<\/script><![endif]-->\n<video class=\"wp-video-shortcode\" id=\"video-115936-1\" width=\"640\" height=\"1138\" preload=\"metadata\" controls=\"controls\"><source type=\"video\/mp4\" src=\"https:\/\/www.tgrthaber.com\/mavikadin\/wp-content\/uploads\/ibrahimcelikkol41.mp4?_=1\" \/><a href=\"https:\/\/www.tgrthaber.com\/mavikadin\/wp-content\/uploads\/ibrahimcelikkol41.mp4\">https:\/\/www.tgrthaber.com\/mavikadin\/wp-content\/uploads\/ibrahimcelikkol41.mp4<\/a><\/video><\/div>\n<hr \/>\n<h3>\u0130BRAH\u0130M \u00c7EL\u0130KKOL K\u0130MD\u0130R?<\/h3>\n<p>\u0130brahim \u00c7elikkol 14 \u015eubat 1982 tarihinde \u0130zmit&#8217;te do\u011fdu. Akt\u00f6rl\u00fc\u011fe ad\u0131m atmadan \u00f6nce profesyonel model olarak \u00e7al\u0131\u015fan \u0130brahim \u00c7elikkol, ayn\u0131 zamanda basketbolla ilgilenmi\u015f, ligde oynam\u0131\u015f ve gen\u00e7 mill\u00ee tak\u0131mda yer alm\u0131\u015ft\u0131r. Basketbol kariyerini sonland\u0131rd\u0131ktan sonra oyunculuk e\u011fitimi alan \u00c7elikkol&#8217;un, Osman S\u0131nav ile tan\u0131\u015fmas\u0131 hayat\u0131nda \u00f6nemli bir d\u00f6n\u00fcm noktas\u0131 oldu. Osman S\u0131nav\u2019\u0131n y\u00f6netti\u011fi ve 2008 y\u0131l\u0131nda Show TV\u2019de yay\u0131mlanan \u201cPars: Narkoter\u00f6r\u201d dizisinde \u201cBa\u015fkomiser \u015eamil Baturay\u201d rol\u00fcn\u00fc \u00fcstlenerek oyunculu\u011fa ilk ad\u0131m\u0131n\u0131 att\u0131. Ard\u0131ndan \u201cM.A.T.,\u201d \u201cKarada\u011flar\u201d ve \u201cKeskin B\u0131\u00e7ak\u201d gibi dizilerde rol ald\u0131. 2011-2012 y\u0131llar\u0131 aras\u0131nda Star TV\u2019de yay\u0131mlanan \u201c\u0130ffet\u201d dizisinde ba\u015frolde \u201cCemil\u201d karakterini oynad\u0131.<\/p>\n<p><img loading=\"lazy\" decoding=\"async\" class=\"alignnone size-full wp-image-115937\" src=\"https:\/\/www.tgrthaber.com\/mavikadin\/wp-content\/uploads\/ss-1.jpg\" alt=\"\" width=\"1208\" height=\"680\" title=\"\" srcset=\"https:\/\/www.tgrthaber.com\/mavikadin\/wp-content\/uploads\/ss-1.jpg 1208w, https:\/\/www.tgrthaber.com\/mavikadin\/wp-content\/uploads\/ss-1-300x169.jpg 300w, https:\/\/www.tgrthaber.com\/mavikadin\/wp-content\/uploads\/ss-1-1024x576.jpg 1024w, https:\/\/www.tgrthaber.com\/mavikadin\/wp-content\/uploads\/ss-1-768x432.jpg 768w\" sizes=\"(max-width: 1208px) 100vw, 1208px\" \/><\/p>\n<hr \/>\n<p>16 \u015eubat 2012\u2019de vizyona giren \u201cFetih 1453\u201d adl\u0131 sinema filminde Ulubatl\u0131 Hasan karakterini oynad\u0131. 2013-2014 y\u0131llar\u0131 aras\u0131nda Kanal D\u2019de yay\u0131mlanan \u201cMerhamet\u201d dizisinde F\u0131rat Kazan karakterini oynad\u0131. 2014 y\u0131l\u0131nda Star TV\u2019de yay\u0131nlanan \u201cReaksiyon\u201d dizisinde bordo bereli \u201cY\u00fczba\u015f\u0131 O\u011fuz Ayaz\u201d karakterini oynad\u0131. Bu rol i\u00e7in ger\u00e7ek bordo bereli astsubaylardan ileri d\u00fczeyde \u00f6zel e\u011fitim ald\u0131. 2016 y\u0131l\u0131nda Fox\u2019ta yay\u0131mlanan \u201cK\u00f6rd\u00fc\u011f\u00fcm\u201d dizisinde \u201cAli Nejat\u201d rol\u00fcyle ekranlarda yer ald\u0131. Son olarak, 2018-2022 y\u0131llar\u0131 aras\u0131nda ATV\u2019de yay\u0131mlanan \u201cBir Zamanlar \u00c7ukurova\u201d adl\u0131 dizide \u201cHakan G\u00fcm\u00fc\u015fo\u011flu\u201d karakterini oynad\u0131.<\/p>\n<p><img loading=\"lazy\" decoding=\"async\" class=\"alignnone size-full wp-image-115939\" src=\"https:\/\/www.tgrthaber.com\/mavikadin\/wp-content\/uploads\/hn-Kurtarildiss.jpg\" alt=\"\" width=\"1208\" height=\"680\" title=\"\" srcset=\"https:\/\/www.tgrthaber.com\/mavikadin\/wp-content\/uploads\/hn-Kurtarildiss.jpg 1208w, https:\/\/www.tgrthaber.com\/mavikadin\/wp-content\/uploads\/hn-Kurtarildiss-300x169.jpg 300w, https:\/\/www.tgrthaber.com\/mavikadin\/wp-content\/uploads\/hn-Kurtarildiss-1024x576.jpg 1024w, https:\/\/www.tgrthaber.com\/mavikadin\/wp-content\/uploads\/hn-Kurtarildiss-768x432.jpg 768w\" sizes=\"(max-width: 1208px) 100vw, 1208px\" \/><\/p>\n<p>Anne taraf\u0131 Selanik g\u00f6\u00e7meni, baba taraf\u0131 ise Arap as\u0131ll\u0131d\u0131r.<\/p>\n","protected":false},"excerpt":{"rendered":"<p>Partneri Natali Yarcan ile Norve\u00e7\u2019e tatile \u00e7\u0131kan \u0130brahim \u00c7elikkol, dondurucu so\u011fu\u011fu umursamad\u0131 ve -3 derecelik havada suya girdi.<\/p>\n","protected":false},"author":2,"featured_media":115940,"comment_status":"closed","ping_status":"closed","sticky":false,"template":"","format":"standard","meta":{"rank_math_lock_modified_date":false,"footnotes":""},"categories":[76],"tags":[6642,133,2218],"class_list":["post-115936","post","type-post","status-publish","format-standard","has-post-thumbnail","hentry","category-magazin","tag-ibrahim-celikkol","tag-magazin","tag-magazin-haberleri"],"_links":{"self":[{"href":"https:\/\/www.tgrthaber.com\/mavikadin\/wp-json\/wp\/v2\/posts\/115936"}],"collection":[{"href":"https:\/\/www.tgrthaber.com\/mavikadin\/wp-json\/wp\/v2\/posts"}],"about":[{"href":"https:\/\/www.tgrthaber.com\/mavikadin\/wp-json\/wp\/v2\/types\/post"}],"author":[{"embeddable":true,"href":"https:\/\/www.tgrthaber.com\/mavikadin\/wp-json\/wp\/v2\/users\/2"}],"replies":[{"embeddable":true,"href":"https:\/\/www.tgrthaber.com\/mavikadin\/wp-json\/wp\/v2\/comments?post=115936"}],"version-history":[{"count":1,"href":"https:\/\/www.tgrthaber.com\/mavikadin\/wp-json\/wp\/v2\/posts\/115936\/revisions"}],"predecessor-version":[{"id":115941,"href":"https:\/\/www.tgrthaber.com\/mavikadin\/wp-json\/wp\/v2\/posts\/115936\/revisions\/115941"}],"wp:featuredmedia":[{"embeddable":true,"href":"https:\/\/www.tgrthaber.com\/mavikadin\/wp-json\/wp\/v2\/media\/115940"}],"wp:attachment":[{"href":"https:\/\/www.tgrthaber.com\/mavikadin\/wp-json\/wp\/v2\/media?parent=115936"}],"wp:term":[{"taxonomy":"category","embeddable":true,"href":"https:\/\/www.tgrthaber.com\/mavikadin\/wp-json\/wp\/v2\/categories?post=115936"},{"taxonomy":"post_tag","embeddable":true,"href":"https:\/\/www.tgrthaber.com\/mavikadin\/wp-json\/wp\/v2\/tags?post=115936"}],"curies":[{"name":"wp","href":"https:\/\/api.w.org\/{rel}","templated":true}]}}