{"id":116120,"date":"2025-01-02T23:48:02","date_gmt":"2025-01-02T20:48:02","guid":{"rendered":"https:\/\/www.tgrthaber.com\/mavikadin\/?p=116120"},"modified":"2025-01-03T01:58:33","modified_gmt":"2025-01-02T22:58:33","slug":"kizi-tugce-tayfur-ile-aralari-kus-giden-merhum-sanatci-ferdi-tayfurun-kizi-tugce-tayfur-ayiplandi-babasini-kaybeden-tugce-tayfur-sessiz-kaldi","status":"publish","type":"post","link":"https:\/\/www.tgrthaber.com\/mavikadin\/kizi-tugce-tayfur-ile-aralari-kus-giden-merhum-sanatci-ferdi-tayfurun-kizi-tugce-tayfur-ayiplandi-babasini-kaybeden-tugce-tayfur-sessiz-kaldi\/","title":{"rendered":"Merhum Ferdi Tayfur&#8217;un k\u0131z\u0131 Tu\u011f\u00e7e Tayfur ay\u0131pland\u0131! Babas\u0131n\u0131 kaybeden Tu\u011f\u00e7e Tayfur sessiz kald\u0131&#8230;"},"content":{"rendered":"<p>Magazin g\u00fcndeminde k\u0131z\u0131 Tu\u011f\u00e7e Tayfur ile aralar\u0131n\u0131n buz kesti\u011fi bilinen merhum sanat\u00e7\u0131 Ferdi Tayfur&#8217;un k\u00fcsl\u00fc\u011f\u00fc \u00e7ok defa magazin g\u00fcndemine konu olmu\u015ftu. Zaman\u0131nda k\u0131z\u0131 Tu\u011f\u00e7e Tayfur&#8217;un en mutlu g\u00fcn\u00fc olan d\u00fc\u011f\u00fcn\u00fcne bile gitmeyip aralar\u0131nda sert diyaloglar\u0131n ge\u00e7ti\u011fi baba-k\u0131z ili\u015fkisi art\u0131k sona erdi.<\/p>\n<p>79 ya\u015f\u0131ndaki usta sanat\u00e7\u0131 Ferdi Tayfur&#8217;un saatler \u00f6nce gelen vefat haberi \u00fczerine sanat camias\u0131ndaki \u00fcnl\u00fcler yasa bo\u011fulur iken k\u0131z\u0131 Tu\u011f\u00e7e Tayfur&#8217;dan hala ses soluk \u00e7\u0131kmad\u0131. Tu\u011f\u00e7e Tayfur, kavgal\u0131 oldu\u011fu babas\u0131 Ferdi Tayfur&#8217;un vefat\u0131na y\u00f6nelik hi\u00e7bir payla\u015f\u0131mda bulunmamas\u0131 ay\u0131pland\u0131.<\/p>\n<p>Bir s\u00fcredir g\u00f6zlerden uzak bir hayat s\u00fcren ve k\u0131z\u0131n\u0131n d\u00fc\u011f\u00fcn\u00fcne kat\u0131lmamas\u0131yla dikkat \u00e7eken Ferdi Tayfur, sosyal medya hesab\u0131ndan yapt\u0131\u011f\u0131 bir payla\u015f\u0131mla g\u00fcndeme geldi.<\/p>\n<h3>FERD\u0130 TAYFUR \u0130LE KIZI TU\u011e\u00c7E TAYFUR&#8217;UN ARASINDA NE GE\u00c7M\u0130\u015eT\u0130?<\/h3>\n<p>Merhum sanat\u00e7\u0131 Ferdi Tayfur, vefat etmeden \u00f6nce sosyal medya hesab\u0131ndan &#8220;Zaman\u0131nda neden b\u0131rak\u0131p ka\u00e7t\u0131\u011f\u0131m\u0131 \u015fimdi anlad\u0131n\u0131z m\u0131?&#8221; mesaj\u0131n\u0131 payla\u015fm\u0131\u015ft\u0131.<\/p>\n<p><img loading=\"lazy\" decoding=\"async\" class=\"wp-image-116148\" src=\"https:\/\/www.tgrthaber.com\/mavikadin\/wp-content\/uploads\/gs.png\" alt=\"ferdi tayfurun k\u0131z\u0131 tu\u011f\u00e7e tayfur\" width=\"1208\" height=\"684\" title=\"\" srcset=\"https:\/\/www.tgrthaber.com\/mavikadin\/wp-content\/uploads\/gs.png 788w, https:\/\/www.tgrthaber.com\/mavikadin\/wp-content\/uploads\/gs-300x170.png 300w, https:\/\/www.tgrthaber.com\/mavikadin\/wp-content\/uploads\/gs-768x435.png 768w\" sizes=\"(max-width: 1208px) 100vw, 1208px\" \/><\/p>\n<hr \/>\n<p>K\u00fcs oldu\u011fu babas\u0131n\u0131n bu payla\u015f\u0131m\u0131n\u0131 g\u00f6ren Tu\u011f\u00e7e Tayfur, bu payla\u015f\u0131m\u0131 bas\u0131n dan\u0131\u015fman\u0131 \u015eirin G\u00f6zal\u0131c\u0131&#8217;n\u0131n yapt\u0131\u011f\u0131n\u0131 d\u00fc\u015f\u00fcnse de yine de isim vermeden payla\u015f\u0131ma cevap niteli\u011finde payla\u015f\u0131mlar yapm\u0131\u015ft\u0131.<\/p>\n<h3>FERD\u0130 TAYFUR&#8217;DAN &#8220;O YAZIYI BEN YAZDIM&#8221; A\u00c7IKLAMASI G\u00dcNDEM OLMU\u015eTU&#8230;<\/h3>\n<p>Sanat\u00e7\u0131 Ferdi Tayfur, yine sosyal medyas\u0131nda bir video mesaj payla\u015farak; s\u00f6z\u00fcn\u00fc etti\u011fi payla\u015f\u0131m\u0131n kendisine ait oldu\u011funun \u00fczerinde durdu. \u00dcnl\u00fc sanat\u00e7\u0131 Ferdi Tayfur, a\u00e7\u0131klamas\u0131nda \u015fu ifadelere yer verdi:<\/p>\n<p><em><strong>Az \u00f6nce bir yaz\u0131 yay\u0131nlatt\u0131m. \u015eirin&#8217;e yazd\u0131rd\u0131m. O yaz\u0131y\u0131 ben yazd\u0131m. S\u00f6yledi\u011fim de \u015fu; kim ne yapar, kendine yapar. D\u00fcnyada ve ahirette kim ne yapar, kendine yapar. Ba\u015fka s\u00f6yleyecek s\u00f6z\u00fcm yok. Hepinizi g\u00f6zlerinizden \u00f6p\u00fcyorum.<\/strong><\/em><\/p>\n<h3>KIZI TU\u011e\u00c7E TAYFUR&#8217;DAN CEVAP GEC\u0130KMED\u0130! &#8220;BEN\u0130M MUHATABIM SEN DE\u011e\u0130LS\u0130N&#8221;<\/h3>\n<p>Tu\u011f\u00e7e Tayfur ise payla\u015f\u0131m\u0131n alt\u0131na; &#8220;\u0130\u015fte sen \u015eirin Han\u0131m&#8217;a demi\u015fsin ki &#8216;kim ne yapar kendine yapar&#8217; yaz, o yazm\u0131\u015f &#8216;anlad\u0131n\u0131z m\u0131 y\u0131llar \u00f6nce neden ka\u00e7\u0131p gitti\u011fimi?&#8217; Neyse, atam\u0131zla laf dala\u015f\u0131na girecek de\u011filim. Annem bana \u00e7ok g\u00fczel edep ve sayg\u0131y\u0131 \u00f6\u011fretti. Benim muhatab\u0131m bu konuda sen de de\u011filsin zaten.<\/p>\n<p><img loading=\"lazy\" decoding=\"async\" class=\"alignnone wp-image-116149\" src=\"https:\/\/www.tgrthaber.com\/mavikadin\/wp-content\/uploads\/366-1.png\" alt=\"\" width=\"1208\" height=\"676\" title=\"\" srcset=\"https:\/\/www.tgrthaber.com\/mavikadin\/wp-content\/uploads\/366-1.png 790w, https:\/\/www.tgrthaber.com\/mavikadin\/wp-content\/uploads\/366-1-300x168.png 300w, https:\/\/www.tgrthaber.com\/mavikadin\/wp-content\/uploads\/366-1-768x430.png 768w\" sizes=\"(max-width: 1208px) 100vw, 1208px\" \/><\/p>\n<hr \/>\n<p>Aynen dedi\u011fin gibi &#8216;bu hayatta kim ne yaparsa kendine yapar.&#8217; \u0130nsan haddini ve yerini bilecek, bilmiyorsa da \u00f6\u011fretece\u011fim ona. Aram\u0131za girmesine izin vermeyece\u011fim istedi\u011fi kadar video \u00e7eksin, istedi\u011fi kadar arkamdan insanlara o bizim ailemizden de\u011fil desin. Ona \u00e7ok \u015fey \u00f6\u011fretece\u011fim daha&#8221; notunu d\u00fc\u015ferek cevap vermi\u015fti.<\/p>\n","protected":false},"excerpt":{"rendered":"<p>K\u0131z\u0131na k\u00fcs giden merhum sanat\u00e7\u0131 Ferdi Tayfur&#8217;un \u00f6l\u00fcm haberi kar\u015f\u0131s\u0131nda k\u0131z\u0131 Tu\u011f\u00e7e Tayfur&#8217;un aradan saatler ge\u00e7mesine ra\u011fmen sessizli\u011fi korumas\u0131 tepki \u00e7ekti.<\/p>\n","protected":false},"author":27,"featured_media":116147,"comment_status":"closed","ping_status":"closed","sticky":false,"template":"","format":"standard","meta":{"rank_math_lock_modified_date":false,"footnotes":""},"categories":[76],"tags":[4326,6644,133,2616,6730],"class_list":["post-116120","post","type-post","status-publish","format-standard","has-post-thumbnail","hentry","category-magazin","tag-ferdi-tayfur","tag-ferdi-tayfur-oldu","tag-magazin","tag-tugce-tayfur","tag-tugce-tayfur-paylasim"],"_links":{"self":[{"href":"https:\/\/www.tgrthaber.com\/mavikadin\/wp-json\/wp\/v2\/posts\/116120"}],"collection":[{"href":"https:\/\/www.tgrthaber.com\/mavikadin\/wp-json\/wp\/v2\/posts"}],"about":[{"href":"https:\/\/www.tgrthaber.com\/mavikadin\/wp-json\/wp\/v2\/types\/post"}],"author":[{"embeddable":true,"href":"https:\/\/www.tgrthaber.com\/mavikadin\/wp-json\/wp\/v2\/users\/27"}],"replies":[{"embeddable":true,"href":"https:\/\/www.tgrthaber.com\/mavikadin\/wp-json\/wp\/v2\/comments?post=116120"}],"version-history":[{"count":4,"href":"https:\/\/www.tgrthaber.com\/mavikadin\/wp-json\/wp\/v2\/posts\/116120\/revisions"}],"predecessor-version":[{"id":116153,"href":"https:\/\/www.tgrthaber.com\/mavikadin\/wp-json\/wp\/v2\/posts\/116120\/revisions\/116153"}],"wp:featuredmedia":[{"embeddable":true,"href":"https:\/\/www.tgrthaber.com\/mavikadin\/wp-json\/wp\/v2\/media\/116147"}],"wp:attachment":[{"href":"https:\/\/www.tgrthaber.com\/mavikadin\/wp-json\/wp\/v2\/media?parent=116120"}],"wp:term":[{"taxonomy":"category","embeddable":true,"href":"https:\/\/www.tgrthaber.com\/mavikadin\/wp-json\/wp\/v2\/categories?post=116120"},{"taxonomy":"post_tag","embeddable":true,"href":"https:\/\/www.tgrthaber.com\/mavikadin\/wp-json\/wp\/v2\/tags?post=116120"}],"curies":[{"name":"wp","href":"https:\/\/api.w.org\/{rel}","templated":true}]}}