{"id":116160,"date":"2025-01-03T00:46:01","date_gmt":"2025-01-02T21:46:01","guid":{"rendered":"https:\/\/www.tgrthaber.com\/mavikadin\/?p=116160"},"modified":"2025-01-03T00:47:37","modified_gmt":"2025-01-02T21:47:37","slug":"sahin-kendirci-pavyon-yorumunu-gorunce-dayanamadi-verdigi-cevap-gundem-oldu","status":"publish","type":"post","link":"https:\/\/www.tgrthaber.com\/mavikadin\/sahin-kendirci-pavyon-yorumunu-gorunce-dayanamadi-verdigi-cevap-gundem-oldu\/","title":{"rendered":"\u015eahin Kendirci &#8216;Pavyon&#8217; yorumunu g\u00f6r\u00fcnce dayanamad\u0131! Verdi\u011fi cevap g\u00fcndem oldu&#8230;"},"content":{"rendered":"<p>Acun Il\u0131cal\u0131&#8217;n\u0131n y\u0131llar \u00f6nce j\u00fcrili\u011fini yapt\u0131\u011f\u0131 &#8216;Yetenek Sizsiniz&#8217; program\u0131nda \u00e7ocuk ya\u015fta ilk defa kendini izleyicilere kan\u0131tlayan \u015eahin Kendirci, ge\u00e7ti\u011fimiz d\u00f6nemlerde patlay\u0131p giden &#8216;M\u00fcsl\u00fcm&#8217; filminde arabesk m\u00fczi\u011fin ba\u015f ismi M\u00fcsl\u00fcm G\u00fcrses\u2019in \u00e7ocuklu\u011funu canland\u0131rmas\u0131yla haf\u0131zalarda iyiden iyiye yer edinmi\u015fti.<\/p>\n<p>\u015eimdilerde ise herkesin en \u00e7ok konu\u015ftu\u011fu ve izledi\u011fi dizi olup Tabii platformunda yay\u0131nlanan &#8216;Gassal&#8217; dizisindeki performans\u0131 ile izleyenlerin takdirini alan Kendirci, &#8220;\u0130\u00e7im Yanar&#8221; adl\u0131 par\u00e7as\u0131yla g\u00fcndemden d\u00fc\u015fm\u00fcyor. S\u00f6zleri ve bestesi Ferdi Tayfur&#8217;a ait olan par\u00e7a k\u0131sa zamanda yeniden g\u00fcndeme bomba gibi d\u00fc\u015ferek herkesin dilinde dola\u015f\u0131r oldu.<\/p>\n<h3>\u015eAH\u0130N KEND\u0130RC\u0130&#8217;DEN OLAY CEVAP!<\/h3>\n<p>Sadece 1 haftada 1.7 milyon izlenme rekoru k\u0131rarak b\u00fcy\u00fck bir ba\u015far\u0131 yakalayan dizi i\u00e7in yorumlar \u00e7ok iyi olur iken sosyal medya hesaplar\u0131ndan birinin \u015eahin Kendirci i\u00e7in yapt\u0131\u011f\u0131 hadsiz yorum olay oldu.<\/p>\n<p><img loading=\"lazy\" decoding=\"async\" class=\"alignnone wp-image-113568 size-full\" src=\"https:\/\/www.tgrthaber.com\/mavikadin\/wp-content\/uploads\/Yeni-Proje-46.jpg\" alt=\"\" width=\"1208\" height=\"680\" title=\"\" srcset=\"https:\/\/www.tgrthaber.com\/mavikadin\/wp-content\/uploads\/Yeni-Proje-46.jpg 1208w, https:\/\/www.tgrthaber.com\/mavikadin\/wp-content\/uploads\/Yeni-Proje-46-300x169.jpg 300w, https:\/\/www.tgrthaber.com\/mavikadin\/wp-content\/uploads\/Yeni-Proje-46-1024x576.jpg 1024w, https:\/\/www.tgrthaber.com\/mavikadin\/wp-content\/uploads\/Yeni-Proje-46-768x432.jpg 768w\" sizes=\"(max-width: 1208px) 100vw, 1208px\" \/><\/p>\n<p>En son &#8216;Gassal&#8217; dizisinde kendini g\u00f6steren yetenekli isim \u015eahin Kendirci bu yorum kar\u015f\u0131s\u0131nda sessizli\u011fini koruyamay\u0131p cevap vermekten geri kalmad\u0131.<\/p>\n<h3>&#8216;GASSAL&#8217; D\u0130Z\u0130S\u0130 \u0130LE YEN\u0130DEN G\u00dcNDEMDE OLAN KEND\u0130RC\u0130 PAVYON YORUMUNU ES GE\u00c7MED\u0130!<\/h3>\n<p>B\u00fcy\u00fcleyici sesiyle herkesi mest edip g\u00f6n\u00fcllerde taht kuran gen\u00e7 yetenek \u015eahin Kendirci ilk defa \u015fark\u0131lar\u0131yla de\u011fil yapt\u0131\u011f\u0131 bir yorumla g\u00fcndeme geldi.<\/p>\n<p>Sosyal medya hesab\u0131ndan \u015eahin Kendirci&#8217;ye y\u00f6nelik yap\u0131lan bir yorum magazin g\u00fcndeminde tepkilere neden oldu.<\/p>\n<p><img loading=\"lazy\" decoding=\"async\" class=\"alignnone wp-image-116163\" src=\"https:\/\/www.tgrthaber.com\/mavikadin\/wp-content\/uploads\/eeeg.png\" alt=\"\" width=\"1208\" height=\"696\" title=\"\" srcset=\"https:\/\/www.tgrthaber.com\/mavikadin\/wp-content\/uploads\/eeeg.png 790w, https:\/\/www.tgrthaber.com\/mavikadin\/wp-content\/uploads\/eeeg-300x173.png 300w, https:\/\/www.tgrthaber.com\/mavikadin\/wp-content\/uploads\/eeeg-768x442.png 768w\" sizes=\"(max-width: 1208px) 100vw, 1208px\" \/><\/p>\n<hr \/>\n<p>Bir sosyal medya kullan\u0131c\u0131s\u0131 &#8220;Her \u015fey bir tarafa Sel\u00e7uk Aydemir&#8217;e ve tabi TRT&#8217;ye bu \u00e7ocu\u011fun pavyonlara meze olmas\u0131n diye elinden tuttu\u011fu i\u00e7in te\u015fekk\u00fcr etmek laz\u0131m.&#8221; yorumunu yap\u0131nca gen\u00e7 yetenek edebince cevab\u0131n\u0131 verdi.<\/p>\n<p>Rekor k\u0131ran Gassal dizisinde oynayan \u015eahin Kendirci, &#8220;Tam kap\u0131s\u0131ndan i\u00e7eri giriyordum, elimden tuttular&#8221; cevab\u0131n\u0131 vererek yorum yapan ki\u015fiyi s\u00f6yledi\u011finden utand\u0131rd\u0131.<\/p>\n<h4>&#8216;GASSAL&#8217; D\u0130Z\u0130S\u0130N\u0130N YILDIZLARINDAN \u015eAH\u0130N KEND\u0130RC\u0130&#8217;N\u0130N OYNADI\u011eI D\u0130Z\u0130 VE F\u0130LMLER<\/h4>\n<p><em>2015 &#8211; Bana Masal Anlatma (Film)<\/em><\/p>\n<p><em>2018 &#8211; M\u00fcsl\u00fcm (Film)<\/em><\/p>\n<p><em>2019 \u2013 Ay\u015fem (Dizi)<\/em><\/p>\n<p><em>2019 \u2013 \u015eampiyon (Dizi)<\/em><\/p>\n<p><em>2022 &#8211; Mahalleden Arkada\u015flar (Film)<\/em><\/p>\n<p><em>2023 &#8211; Nefes: Yer Eksi \u0130ki (Film)<\/em><\/p>\n","protected":false},"excerpt":{"rendered":"<p>&#8216;Gassal&#8217; dizisindeki muhte\u015fem performans\u0131 ile herkesin dilinde olan gen\u00e7 yetenek \u015eahin Kendirci, kendisine yap\u0131lan &#8216;Pavyon yorumu&#8217; i\u00e7in cevap verdi.<\/p>\n","protected":false},"author":27,"featured_media":116164,"comment_status":"closed","ping_status":"closed","sticky":false,"template":"","format":"standard","meta":{"rank_math_lock_modified_date":false,"footnotes":""},"categories":[76],"tags":[4542,6731,6224],"class_list":["post-116160","post","type-post","status-publish","format-standard","has-post-thumbnail","hentry","category-magazin","tag-gassal","tag-pavyon-yorumu","tag-sahin-kendirci"],"_links":{"self":[{"href":"https:\/\/www.tgrthaber.com\/mavikadin\/wp-json\/wp\/v2\/posts\/116160"}],"collection":[{"href":"https:\/\/www.tgrthaber.com\/mavikadin\/wp-json\/wp\/v2\/posts"}],"about":[{"href":"https:\/\/www.tgrthaber.com\/mavikadin\/wp-json\/wp\/v2\/types\/post"}],"author":[{"embeddable":true,"href":"https:\/\/www.tgrthaber.com\/mavikadin\/wp-json\/wp\/v2\/users\/27"}],"replies":[{"embeddable":true,"href":"https:\/\/www.tgrthaber.com\/mavikadin\/wp-json\/wp\/v2\/comments?post=116160"}],"version-history":[{"count":5,"href":"https:\/\/www.tgrthaber.com\/mavikadin\/wp-json\/wp\/v2\/posts\/116160\/revisions"}],"predecessor-version":[{"id":116173,"href":"https:\/\/www.tgrthaber.com\/mavikadin\/wp-json\/wp\/v2\/posts\/116160\/revisions\/116173"}],"wp:featuredmedia":[{"embeddable":true,"href":"https:\/\/www.tgrthaber.com\/mavikadin\/wp-json\/wp\/v2\/media\/116164"}],"wp:attachment":[{"href":"https:\/\/www.tgrthaber.com\/mavikadin\/wp-json\/wp\/v2\/media?parent=116160"}],"wp:term":[{"taxonomy":"category","embeddable":true,"href":"https:\/\/www.tgrthaber.com\/mavikadin\/wp-json\/wp\/v2\/categories?post=116160"},{"taxonomy":"post_tag","embeddable":true,"href":"https:\/\/www.tgrthaber.com\/mavikadin\/wp-json\/wp\/v2\/tags?post=116160"}],"curies":[{"name":"wp","href":"https:\/\/api.w.org\/{rel}","templated":true}]}}